{"id":105856,"date":"2025-12-06T14:39:24","date_gmt":"2025-12-06T14:39:24","guid":{"rendered":"https:\/\/www.europesays.com\/no\/105856\/"},"modified":"2025-12-06T14:39:24","modified_gmt":"2025-12-06T14:39:24","slug":"forskere-laerte-apene-noe-de-trodde-var-unikt-for-mennesker-og-fugler","status":"publish","type":"post","link":"https:\/\/www.europesays.com\/no\/105856\/","title":{"rendered":"Forskere l\u00e6rte apene noe de trodde var unikt for mennesker og fugler"},"content":{"rendered":"<p>    Forskere plasserte to aper i et laboratorium og spilte tre sanger for dem. S\u00e5 gjorde apene noe forskerne trodde var unikt for mennesker.<\/p>\n<p>\n        I et nytt eksperiment har makake-aper vist evner vi nesten ikke har sett noe annet sted i dyreriket.<br \/>\n        (Illustrasjonsfoto: Shutterstock \/ NTB)\n    <\/p>\n<p>For over femten \u00e5r siden skrev forskning.no <a href=\"https:\/\/www.forskning.no\/evolusjon-partner-sprak\/aper-uten-rytmesans\/889356\" rel=\"nofollow noopener\" target=\"_blank\">at<br \/>\naper ikke har rytmesans<\/a>. <\/p>\n<p>Musikk er en evne apene mangler, if\u00f8lge artikkelen. <\/p>\n<p>Men n\u00e5 har det skjedd noe. I Mexico har forskere faktisk l\u00e6rt makaka-aper \u00e5 holde takten til musikk.\u00a0<\/p>\n<p> \u2013 N\u00e5 m\u00e5 vi tenke litt nytt rundt rytme hos aper og andre arter som ikke l\u00e6rer vokalisering, sier\u00a0Peter Svenonius, professor ved UiT Norges arktiske universitet.<\/p>\n<p>Et lite mysterium<\/p>\n<p>Men f\u00f8rst: Hvorfor har man trodd at aper ikke kan holde rytmen? De likner jo p\u00e5 oss mennesker n\u00e5r det gjelder veldig mye annet, som for eksempel at de\u00a0<a href=\"https:\/\/www.forskning.no\/evolusjon-aper-primater-dyreverden\/aper-ler-ogsa\/917016\" rel=\"nofollow noopener\" target=\"_blank\">ler<\/a>,\u00a0bruker kroppsspr\u00e5k og <a href=\"https:\/\/ung.forskning.no\/aper-aper-primater-sprak\/disse-apene-har-en-helt-spesiell-evne\/2402011\" rel=\"nofollow noopener\" target=\"_blank\">har navn p\u00e5<\/a> hverandre.<\/p>\n<p>Likevel regnes evnen til \u00e5 oppfatte og bevege seg etter rytmer som unik for mennesker og for enkelte fuglearter. <\/p>\n<p>Vi l\u00e6rer det allerede som sm\u00e5 barn, og det krever en<br \/>\ndel av oss, for eksempel koordinasjon, gjenkjenning og det \u00e5 kunne forutse<br \/>\nhva som kommer. <\/p>\n<p>Det har faktisk v\u00e6rt et lite mysterium hvorfor denne ferdigheten<br \/>\ner s\u00e5 sjelden ellers i dyreriket.<\/p>\n<p>Evnen til \u00e5 vokalisere<\/p>\n<p>If\u00f8lge en pressemelding<br \/>\nfra det vitenskapelige tidsskriftet Science handler det om evnen til \u00e5 vokalisere. Alts\u00e5 det \u00e5 l\u00e6re komplekse lyder til \u00e5 kommunisere med. Forsker mener dette har en sammenheng med evnen til \u00e5 finne og holde rytmen.\u00a0<\/p>\n<p>Men selv om makake-apene har vansker med \u00e5 lage ord, har forskere likevel klart \u00e5 l\u00e6re dem \u00e5 holde takten til tre utvalgte sanger.<\/p>\n<p><a href=\"https:\/\/www.science.org\/doi\/epdf\/10.1126\/science.adp5220\" rel=\"nofollow noopener\" target=\"_blank\">Den nye studien<\/a><br \/>\nble nylig publisert i det vitenskapelige tidsskriftet Science.<\/p>\n<p>Spennende forskning<\/p>\n<p>Det var professor Svenonius som ble intervjuet i forskning.no-artikkelen i 2009, og som sa at aper ikke har rytmer.<\/p>\n<p>Han synes det forskerne har gjort, er spennende.\u00a0<\/p>\n<p>\u2013 Studien viser at vi m\u00e5 tenke litt nytt rundt rytme hos aper og andre arter som ikke l\u00e6rer vokalisering, sier han til forskning.no.\u00a0<\/p>\n<p>                <img decoding=\"async\" src=\"https:\/\/www.europesays.com\/no\/wp-content\/uploads\/2025\/12\/2585910.webp\" width=\"480\" height=\"274\" title=\"Etter mennesker er makaker den gruppen av primater som har st\u00f8rst geografisk utbredelse, if\u00f8lge Store norske leksikon. Akkurat denne apen lever i Eilenburg Zoo i Eilenburg i Tyskland.\" alt=\"\" loading=\"lazy\" style=\"\"\/><\/p>\n<p>            Etter mennesker er makaker den gruppen av primater som har st\u00f8rst geografisk utbredelse, if\u00f8lge <a href=\"https:\/\/snl.no\/makaker\" rel=\"nofollow noopener\" target=\"_blank\">Store norske leksikon<\/a>. Akkurat denne apen lever i Eilenburg Zoo i Eilenburg i Tyskland.<br \/>\n            (Foto: AP \/ NTB)<\/p>\n<p>Den ekte musikken<\/p>\n<p>I et laboratorium spilte forskerne tre utvalgte sanger til to makake-aper. De hadde tidligere blitt trent til \u00e5 bruke metronom.<\/p>\n<p>Apene fikk bel\u00f8nning n\u00e5r de traff riktig<br \/>\ntempo i hver sang. <\/p>\n<p>Det viste seg at begge to var ganske st\u00f8dige. De slo takten stabilt p\u00e5 alle sangene, og da forskerne endret tempoet, justerte apene seg etter det.<\/p>\n<p>De fortsatte \u00e5 sl\u00e5 takten selv n\u00e5r<br \/>\nforskerne fjernet bel\u00f8nningen.<\/p>\n<p>Fortsatt ikke spesielt musikalske<\/p>\n<p>Svenonius har likevel noen innvendinger til fors\u00f8ket.<\/p>\n<p>Apene fikk nemlig trene veldig lenge.<\/p>\n<p>F\u00f8rst ble de trent p\u00e5 metronom mot bel\u00f8nning. Deretter fikk<br \/>\nde trene p\u00e5 tre sanger som forskerne valgte ut fordi de hadde spesielt tydelig<br \/>\ntakt. De hadde ogs\u00e5 et tempo som lignet metronomen de trente p\u00e5 i<br \/>\nstarten.\u00a0<\/p>\n<p>I tillegg fikk de flere hundre fors\u00f8k p\u00e5 \u00e5 sl\u00e5 riktig takt.\u00a0<\/p>\n<p>\u2013 De m\u00e5tte alts\u00e5 trene lenge, uten egentlig \u00e5 vise s\u00e5 stor musikalsk glede, sier\u00a0Svenonius.<\/p>\n<p>                <img decoding=\"async\" src=\"https:\/\/www.europesays.com\/no\/wp-content\/uploads\/2025\/12\/2586447.webp\" width=\"480\" height=\"447\" title=\"Peter Svenonius er professor i engelsk spr\u00e5kvitenskap ved UiT-Norges arktiske universitet.\" alt=\"\" loading=\"lazy\" style=\"\"\/><\/p>\n<p>\n            Peter Svenonius er professor i engelsk spr\u00e5kvitenskap ved UiT-Norges arktiske universitet.<br \/>\n            (Foto: Torje Jenssen \/ UiT)\n        <\/p>\n<p>Ikke naturlig adferd<\/p>\n<p>Forskerne bak studien presiserer at det \u00e5 sl\u00e5 takten, trolig ikke er<br \/>\nnaturlig adferd for apene.\u00a0<\/p>\n<p> \u2013 Det ser ikke ut til \u00e5 falle naturlig for aper \u00e5 sl\u00e5 i takt med musikk, selv om de kan v\u00e6re trent opp til \u00e5 gj\u00f8re det, sier Svenonius. <\/p>\n<p>Likevel viser <a href=\"https:\/\/www.cell.com\/current-biology\/fulltext\/S0960-9822(25)00448-8\" rel=\"nofollow noopener\" target=\"_blank\">en annen <\/a>studie fra tidligere i \u00e5r at sjimpanser<br \/>\ni skogen trommer p\u00e5 trestammer, og at denne tromminga har en<br \/>\nviss takt.<\/p>\n<p>Forskerne tror denne trommingen er en form for kommunikasjon. Da sjimpansene var p\u00e5 reise for eksempel, informerte de gruppemedlemmer om hvem de var, hva det gjorde og hvor de var ved \u00e5 tromme.\u00a0<\/p>\n<p>\u2013 I de tilfellene at det har blitt observert at aper<br \/>\ntrommer spontant, er det ikke musikalsk \u2013 det er med en enkel rytme i<br \/>\ngjentatt sl\u00e5ing for \u00e5 trekke oppmerksomhet, kanskje for \u00e5 signalisere noe som \u00abher er vi\u00bb.\u00a0<\/p>\n<p>            Ledige stillinger<\/p>\n<p class=\"ingress align-center mobile_text_align_align-center\"><a href=\"https:\/\/stilling.forskning.no\/\" target=\"_blank\" class=\"dacBtn bg-btn-color\" rel=\"nofollow noopener\">Vis alle ledige stillinger<\/a><\/p>\n<p>Referanse: <\/p>\n<p>Vani G. Rajendran m.fl: <a href=\"https:\/\/www.science.org\/doi\/epdf\/10.1126\/science.adp5220\" rel=\"nofollow noopener\" target=\"_blank\">Monkeys have<br \/>\nrythm.<\/a> Science. 2025<\/p>\n<p>                <img decoding=\"async\" src=\"https:\/\/www.europesays.com\/no\/wp-content\/uploads\/2025\/12\/1765031964_257_2400178.webp\" width=\"332\" height=\"259\" title=\"\" alt=\"\" loading=\"lazy\" style=\"\"\/><\/p>\n<p>                <img decoding=\"async\" src=\"https:\/\/www.europesays.com\/no\/wp-content\/uploads\/2025\/12\/1765031964_256_2400198.webp\" width=\"160\" height=\"101\" title=\"\" alt=\"\" loading=\"lazy\" style=\"\"\/><\/p>\n<p>Opptatt av naturvitenskap og verdensrommet?<\/p>\n<p data-lab-fontface=\"sanomatSans\" class=\"font-sanomatSans font-weight-bold m-font-weight-bold\" data-lab-font_weight=\"font-weight-bold\">Ikke bli et fossil, hold deg oppdatert p\u00e5 dyr, planter, verdensrommet og mye mer mellom himmel og jord med nyhetsbrev fra forskning.no.<\/p>\n<p data-lab-fontface=\"sanomatSans\" class=\"font-weight-bold m-font-weight-bold font-sanomatSans\" data-lab-font_weight=\"font-weight-bold\"><a href=\"https:\/\/www.forskning.no\/newsletter\/subscriptions\" aria-label=\"Meld meg p\u00e5 nyhetsbrev\" class=\"dacBtn bg-btn-color\" rel=\"nofollow noopener\" target=\"_blank\">Meld meg p\u00e5<\/a><\/p>\n","protected":false},"excerpt":{"rendered":"Forskere plasserte to aper i et laboratorium og spilte tre sanger for dem. S\u00e5 gjorde apene noe forskerne&hellip;\n","protected":false},"author":2,"featured_media":105857,"comment_status":"","ping_status":"","sticky":false,"template":"","format":"standard","meta":{"footnotes":""},"categories":[58],"tags":[71,30,28,29,72],"class_list":{"0":"post-105856","1":"post","2":"type-post","3":"status-publish","4":"format-standard","5":"has-post-thumbnail","7":"category-underholdning","8":"tag-entertainment","9":"tag-no","10":"tag-norge","11":"tag-norway","12":"tag-underholdning"},"share_on_mastodon":{"url":"https:\/\/pubeurope.com\/@no\/115673141616985253","error":""},"_links":{"self":[{"href":"https:\/\/www.europesays.com\/no\/wp-json\/wp\/v2\/posts\/105856","targetHints":{"allow":["GET"]}}],"collection":[{"href":"https:\/\/www.europesays.com\/no\/wp-json\/wp\/v2\/posts"}],"about":[{"href":"https:\/\/www.europesays.com\/no\/wp-json\/wp\/v2\/types\/post"}],"author":[{"embeddable":true,"href":"https:\/\/www.europesays.com\/no\/wp-json\/wp\/v2\/users\/2"}],"replies":[{"embeddable":true,"href":"https:\/\/www.europesays.com\/no\/wp-json\/wp\/v2\/comments?post=105856"}],"version-history":[{"count":0,"href":"https:\/\/www.europesays.com\/no\/wp-json\/wp\/v2\/posts\/105856\/revisions"}],"wp:featuredmedia":[{"embeddable":true,"href":"https:\/\/www.europesays.com\/no\/wp-json\/wp\/v2\/media\/105857"}],"wp:attachment":[{"href":"https:\/\/www.europesays.com\/no\/wp-json\/wp\/v2\/media?parent=105856"}],"wp:term":[{"taxonomy":"category","embeddable":true,"href":"https:\/\/www.europesays.com\/no\/wp-json\/wp\/v2\/categories?post=105856"},{"taxonomy":"post_tag","embeddable":true,"href":"https:\/\/www.europesays.com\/no\/wp-json\/wp\/v2\/tags?post=105856"}],"curies":[{"name":"wp","href":"https:\/\/api.w.org\/{rel}","templated":true}]}}