{"id":105858,"date":"2025-12-06T14:44:11","date_gmt":"2025-12-06T14:44:11","guid":{"rendered":"https:\/\/www.europesays.com\/no\/105858\/"},"modified":"2025-12-06T14:44:11","modified_gmt":"2025-12-06T14:44:11","slug":"ulykker-og-hendelser-inderoy-redningsaksjon-savnet-dykker-kom-til-rette","status":"publish","type":"post","link":"https:\/\/www.europesays.com\/no\/105858\/","title":{"rendered":"Ulykker og hendelser, Inder\u00f8y | Redningsaksjon: Savnet dykker kom til rette"},"content":{"rendered":"\n<p><b>INDER\u00d8Y:<\/b> Politiet iverksatte l\u00f8rdag en st\u00f8rre redningsaksjon etter \u00e5 ha f\u00e5tt melding om en savnet dykker i Skarnsundet i Inder\u00f8y.<\/p>\n<p>Operasjonsleder Svein Erik Wagnild i Tr\u00f8ndelag politidistrikt bekreftet at politiet fikk melding om den savnede dykkeren klokken 13.35.<\/p>\n<p>Kalte ut store ressurser<\/p>\n<p>Store ressurser fra b\u00e5de brannvesen, politi og ambulanse ble sendt til stedet, og ogs\u00e5 luftambulansen og redningshelikopteret ble var p\u00e5 tur til omr\u00e5det. <\/p>\n<p>Klokken 14 kom politiet med en oppdatering. Da hadde den savnede kommet til rette.<\/p>\n<p>En dykker meldte en annen savnet<\/p>\n<p>Han forteller at det var to personer som dykket, der den ene meldte den andre savnet.<\/p>\n<p>\u2013 Savnede kom selv til rette like f\u00f8r klokken 1400. Vi vet ingenting om omstendighetene rundt hvordan han kom til rette, men er p\u00e5 stedet og snakker med partene n\u00e5, opplyser Wagnild.<\/p>\n<p>Han sier at politiet i samr\u00e5d med Hovedredningssentralen satte i gang et stort apparat da meldingen kom \u2013 og er glad for at redningsaksjonen fikk en lykkelig slutt.<\/p>\n<p>Saken oppdateres.<\/p>\n","protected":false},"excerpt":{"rendered":"INDER\u00d8Y: Politiet iverksatte l\u00f8rdag en st\u00f8rre redningsaksjon etter \u00e5 ha f\u00e5tt melding om en savnet dykker i Skarnsundet&hellip;\n","protected":false},"author":2,"featured_media":3842,"comment_status":"","ping_status":"","sticky":false,"template":"","format":"standard","meta":{"footnotes":""},"categories":[10],"tags":[9062,36,20,21,24,25,15,9061,22,23,13,30,28,29,14,16,782,1510,26,27,941],"class_list":{"0":"post-105858","1":"post","2":"type-post","3":"status-publish","4":"format-standard","5":"has-post-thumbnail","7":"category-norge","8":"tag-ta-in","9":"tag-art","10":"tag-breaking-news","11":"tag-breakingnews","12":"tag-featured-news","13":"tag-featurednews","14":"tag-headlines","15":"tag-inderoy","16":"tag-latest-news","17":"tag-latestnews","18":"tag-news","19":"tag-no","20":"tag-norge","21":"tag-norway","22":"tag-nyheter","23":"tag-overskrifter","24":"tag-politiloggen","25":"tag-story","26":"tag-top-stories","27":"tag-topstories","28":"tag-ulykker-og-hendelser"},"share_on_mastodon":{"url":"https:\/\/pubeurope.com\/@no\/115673160916847812","error":""},"_links":{"self":[{"href":"https:\/\/www.europesays.com\/no\/wp-json\/wp\/v2\/posts\/105858","targetHints":{"allow":["GET"]}}],"collection":[{"href":"https:\/\/www.europesays.com\/no\/wp-json\/wp\/v2\/posts"}],"about":[{"href":"https:\/\/www.europesays.com\/no\/wp-json\/wp\/v2\/types\/post"}],"author":[{"embeddable":true,"href":"https:\/\/www.europesays.com\/no\/wp-json\/wp\/v2\/users\/2"}],"replies":[{"embeddable":true,"href":"https:\/\/www.europesays.com\/no\/wp-json\/wp\/v2\/comments?post=105858"}],"version-history":[{"count":0,"href":"https:\/\/www.europesays.com\/no\/wp-json\/wp\/v2\/posts\/105858\/revisions"}],"wp:featuredmedia":[{"embeddable":true,"href":"https:\/\/www.europesays.com\/no\/wp-json\/wp\/v2\/media\/3842"}],"wp:attachment":[{"href":"https:\/\/www.europesays.com\/no\/wp-json\/wp\/v2\/media?parent=105858"}],"wp:term":[{"taxonomy":"category","embeddable":true,"href":"https:\/\/www.europesays.com\/no\/wp-json\/wp\/v2\/categories?post=105858"},{"taxonomy":"post_tag","embeddable":true,"href":"https:\/\/www.europesays.com\/no\/wp-json\/wp\/v2\/tags?post=105858"}],"curies":[{"name":"wp","href":"https:\/\/api.w.org\/{rel}","templated":true}]}}