{"id":105859,"date":"2025-12-06T14:47:16","date_gmt":"2025-12-06T14:47:16","guid":{"rendered":"https:\/\/www.europesays.com\/no\/105859\/"},"modified":"2025-12-06T14:47:16","modified_gmt":"2025-12-06T14:47:16","slug":"jul-varehuset-sundt-sundt-nissene-er-tilbake-pa-sundt-gjennom-julen","status":"publish","type":"post","link":"https:\/\/www.europesays.com\/no\/105859\/","title":{"rendered":"Jul, Varehuset Sundt | Sundt-nissene er tilbake p\u00e5 Sundt gjennom julen"},"content":{"rendered":"\n<p>Siden 1954 har nissene v\u00e6rt \u00e5 finne i utstillingsvinduet til kj\u00f8pesenteret Sundt.<\/p>\n<p>En tradisjon som m\u00e5 kunne kalles erkebergensk.<\/p>\n<p>Vinduene har st\u00e5tt tom de tre siste \u00e5rene, da kj\u00f8pesenteret har v\u00e6rt stengt for oppussing.<\/p>\n<p>Det har f\u00e5tt bergensere til \u00e5 etterlyse de anormalt store nissehodene.<\/p>\n<p>\u2013 Under oppussingen har vi f\u00e5tt utallige foresp\u00f8rsler fra publikum \u00abkommer Sundt-nissene tilbake?\u00bb. Svaret er endelig ja og vi lover at ventetiden har v\u00e6rt verdt det, sier konstituert senterleder Maria Strandenes.<\/p>\n<p>N\u00e5 lover Sundt endelig at duoen er tilbake, freshere enn noen gang, og til stor glede for bergensere som har savnet dem.<\/p>\n<p>   <img decoding=\"async\" width=\"4256\" height=\"2832\" fetchpriority=\"low\"  loading=\"lazy\"  src=\"https:\/\/www.europesays.com\/no\/wp-content\/uploads\/2025\/12\/BA20433.jpg\" alt=\"\" class=\"brick-c-cFOWSL\" style=\"--brick-image-ratio: 4256 \/ 2832;\"\/><\/p>\n<p>      Marken barnehage koste seg sammen med nissene p\u00e5 Sundt i 2010.<br \/>\n      Foto: ARKIV: MAGNE TUR\u00d8Y\n    <\/p>\n<p>  Blir ikke \u00e5 se p\u00e5 sin vante plass<\/p>\n<p>Sundtnissen viste seg for f\u00f8rste gang i 1952, da som ungkar.<\/p>\n<p>Ryktet sier at nissen var litt skremmende for barna, s\u00e5 to \u00e5r etter fikk han en nissekone.<\/p>\n<p>De fikk ogs\u00e5 et litt mildere og litt mer fj\u00f8snisseaktig utseende.<\/p>\n<p>Hvordan den f\u00f8rste masken s\u00e5 ut kan man jo da bare tenke seg.<\/p>\n<p>\u2013 De har f\u00e5tt god hudpleie, reparert noen s\u00e5r i ansiktet og f\u00e5tt nye \u00f8yenvipper for anledningen, sier Strandenes.<\/p>\n<p><b>For f\u00f8rste gang p\u00e5 71 \u00e5r skal nissene ikke st\u00e5 i vinduet. De har f\u00e5tt ny \u00abscene\u00bb. <\/b><\/p>\n<p>\u2013 I helgene blir de \u00e5 finne i andre etasje innend\u00f8rs. Ellers vil de st\u00e5 utend\u00f8rs like ved hovedinngangen, sier hun, og legger til at alle klokkeslett finnes p\u00e5 <a rel=\"Follow nofollow noopener\" href=\"https:\/\/sundtbergen.no\/se-sundt-nisse-program-her\/\" target=\"_blank\">nettsiden<\/a> til senteret.<\/p>\n<p>   <img decoding=\"async\" width=\"2196\" height=\"1653\" fetchpriority=\"low\"  loading=\"lazy\"  src=\"https:\/\/www.europesays.com\/no\/wp-content\/uploads\/2025\/12\/BAp70907.jpg\" alt=\"\" class=\"brick-c-cFOWSL\" style=\"--brick-image-ratio: 2196 \/ 1653;\"\/><\/p>\n<p>      Sundt-nisse-annonse i BA 27. november 1954.<br \/>\n      Foto: BA\n    <\/p>\n<p>  \u2013 Folk er s\u00e5 glad<\/p>\n<p>I flere \u00e5r er det Marianne Hole som har hatt ansvaret for oppsettingen av forestillingen. Men de siste par \u00e5rene har det v\u00e6rt stille p\u00e5 nissefronten.<\/p>\n<p>\u2013 Jeg synes det er utrolig kjekt \u00e5 v\u00e6re tilbake, jubler Hole.<\/p>\n<p>Hun har ogs\u00e5 ansvar for Facebook-siden \u00abSundtnissene\u00bb som har rundt 2700 f\u00f8lgere. Hun forteller at det har haglet inn med foresp\u00f8rsler og sp\u00f8rsm\u00e5l om nissene.<\/p>\n<p>\u2013 Folk er s\u00e5 glad! De kommer reisende fra Oslo, land og strand for \u00e5 se disse ettertraktede nissene. Det er mange, spesielt litt eldre bergensere som er glade for at de er tilbake.<\/p>\n<p>\u2013 Vi er veldig spent p\u00e5 hvordan det blir n\u00e5r vi ikke f\u00e5r st\u00e5 i vinduene, men det l\u00f8ser vi.<\/p>\n<p>\u2013 En tradisjon<\/p>\n<p>De to nissene danser seg gjennom kjente julesanger i andre etasje p\u00e5 kj\u00f8pesenteret.<\/p>\n<p>   <img decoding=\"async\" width=\"7278\" height=\"4852\" fetchpriority=\"low\"  loading=\"lazy\"  src=\"https:\/\/www.europesays.com\/no\/wp-content\/uploads\/2025\/12\/DSC_7543+kopi.jpg\" alt=\"\" class=\"brick-c-cFOWSL\" style=\"--brick-image-ratio: 7278 \/ 4852;\"\/><\/p>\n<p>      De danser og danser, nissene.<br \/>\n      Foto: SKJALG EKELAND\n    <\/p>\n<p>En liten folkemengde har m\u00f8tt opp, og fremme ved scenen st\u00e5r det noen forventningsfulle barn som hopper p\u00e5 bakken, eller opp p\u00e5 foreldre eller besteforeldres skuldre, de femten minuttene det hele varer.<\/p>\n<p>   <img decoding=\"async\" width=\"7344\" height=\"4896\" fetchpriority=\"low\"  loading=\"lazy\"  src=\"https:\/\/www.europesays.com\/no\/wp-content\/uploads\/2025\/12\/DSC_7603+kopi.jpg\" alt=\"\" class=\"brick-c-cFOWSL\" style=\"--brick-image-ratio: 7344 \/ 4896;\"\/><\/p>\n<p>      Ada Helgesen og Sandra Elise Helgesen.<br \/>\n      Foto: SKJALG EKELAND\n    <\/p>\n<p>En av dem som vi finner litt bak i lokalet er Ada Helgesen (5).<\/p>\n<p>Nissene er hun ikke s\u00e6rlig begeistret for og hun borer hodet sitt godt inn i mor Sandra Helgesens halsgrop hver gang hun f\u00e5r et glimt av dem.<\/p>\n<p>\u2013 De er litt skumle, hvisker hun, og svarer nei n\u00e5r moren sp\u00f8r om de skal g\u00e5 litt n\u00e6rmere.<\/p>\n<p>\u2013 \u00c5 se Sundtnissene er en tradisjon for min mor som syntes de var s\u00e5 fine da hun var liten, og jeg tenkte derfor at vi skulle sjekke det ut sier Sandra.<\/p>\n<p>   <img decoding=\"async\" width=\"7857\" height=\"5238\" fetchpriority=\"low\"  loading=\"lazy\"  src=\"https:\/\/www.europesays.com\/no\/wp-content\/uploads\/2025\/12\/DSC_7558+kopi_1.jpg\" alt=\"\" class=\"brick-c-cFOWSL\" style=\"--brick-image-ratio: 7857 \/ 5238;\"\/><\/p>\n<p>      Ronny Teigeland har tatt med seg barnebarnet Iben Helle Teigeland.<br \/>\n      Foto: SKJALG EKELAND\n    <\/p>\n<p>Bestefar Ronny Teigeland har barnebarnet Iben Helle Teigeland i et godt grep.<\/p>\n<p>   <img decoding=\"async\" width=\"7622\" height=\"5081\" fetchpriority=\"low\"  loading=\"lazy\"  src=\"https:\/\/www.europesays.com\/no\/wp-content\/uploads\/2025\/12\/DSC_7588+kopi.jpg\" alt=\"\" class=\"brick-c-cFOWSL\" style=\"--brick-image-ratio: 7622 \/ 5081;\"\/><\/p>\n<p>      Iben koser seg p\u00e5 nisseshow.<br \/>\n      Foto: SKJALG EKELAND\n    <\/p>\n<p>.<\/p>\n<p>\u2013 Jeg er to og et halvt, sier Iben, med smokken i munnen.<\/p>\n<p>\u2013 Vi liker nissene. Da jeg var liten var vi f\u00f8rst innom p\u00e5 Sundt, og s\u00e5 var det \u00e5 se p\u00e5 Kl\u00f8vernissen. Vi tok med v\u00e5re egne barn for \u00e5 se p\u00e5 dem, og n\u00e5 er det med barnebarn s\u00e5 dette er tradisjon, smiler Ronny.<\/p>\n<p>Av med masken, av med masken<\/p>\n<p>P\u00e5 premieredagen for nissene er det to unge lovende som er p\u00e5 jobb.<\/p>\n<p>I \u00abMaskorama\u00bb-stil springer de mot heisen n\u00e5r f\u00f8rste show er over, og gjemmer seg et hemmelig sted i bygget.<\/p>\n<p>Hvem er det som skjuler seg inni?<\/p>\n<p>N\u00e5r de tre kiloene med masker er tatt av, kan Leon Knotten (17) og Andrea Lone Hansen (15), ta seg en liten hvil f\u00f8r neste runde.<\/p>\n<p>   <img decoding=\"async\" width=\"7745\" height=\"5163\" fetchpriority=\"low\"  loading=\"lazy\"  src=\"https:\/\/www.europesays.com\/no\/wp-content\/uploads\/2025\/12\/DSC_7648+kopi.jpg\" alt=\"\" class=\"brick-c-cFOWSL\" style=\"--brick-image-ratio: 7745 \/ 5163;\"\/><\/p>\n<p>      Inni maskene finner vi Leon Knotten (17) og Andrea Lone Hansen (15).<br \/>\n      Foto: SKJALG EKELAND\n    <\/p>\n<p>   <img decoding=\"async\" width=\"8148\" height=\"5432\" fetchpriority=\"low\"  loading=\"lazy\"  src=\"https:\/\/www.europesays.com\/no\/wp-content\/uploads\/2025\/12\/DSC_7654+kopi.jpg\" alt=\"\" class=\"brick-c-cFOWSL\" style=\"--brick-image-ratio: 8148 \/ 5432;\"\/><\/p>\n<p>      De m\u00e5 innr\u00f8mme at det er varmt \u00e5 jobbe med alle de varme kl\u00e6rne og maskene. Men verdt det.<br \/>\n      Foto: SKJALG EKELAND\n    <\/p>\n<p>   <img decoding=\"async\" width=\"7688\" height=\"5126\" fetchpriority=\"low\"  loading=\"lazy\"  src=\"https:\/\/www.europesays.com\/no\/wp-content\/uploads\/2025\/12\/DSC_7643+kopi.jpg\" alt=\"\" class=\"brick-c-cFOWSL\" style=\"--brick-image-ratio: 7688 \/ 5126;\"\/><\/p>\n<p>      \u2013 Det er skikkelig g\u00f8y \u00e5 se alle barna som blir begeistret for nissene, sier nisseduoen.<br \/>\n      Foto: SKJALG EKELAND\n    <\/p>\n<p>\u2013 Det er veldig g\u00f8y, og ikke minst er det g\u00f8y \u00e5 se barn og voksne som danser og koser seg, forteller duoen.<\/p>\n<p>Andrea har vokst opp med Sundtnissene og er n\u00e5 stolt av \u00e5 v\u00e6re en av dem som bringer tradisjonen videre.<\/p>\n<p>\u2013 Jeg har aldri h\u00f8rt om det. Men da jeg fortalte min mor at jeg skulle v\u00e6re det ble hun veldig begeistret, siden hun husket det fra hun var liten, forteller Leon.<\/p>\n<p>Marianne Hole sier at hvem som er nissene bak maskene vil rullere.<\/p>\n<p>\u2013 Torsdag m\u00e5 d\u00f8trene mine p\u00e5 35 og 36 \u00e5r steppe inn, f\u00f8r det kommer en ny ung duo som ogs\u00e5 har v\u00e6rt Sundtnisser tidligere, sier Hole kryptisk.<\/p>\n<p>  <a href=\"https:\/\/www.ba.no\/5-8-937764\" class=\"related-teaser has-image default-story-teaser article--c-eRUmMG article--c-eRUmMG-jKCPdD-design-default\" rel=\"nofollow noopener\" target=\"_blank\"><\/p>\n<p>    <img decoding=\"async\" loading=\"lazy\"  src=\"https:\/\/www.europesays.com\/no\/wp-content\/uploads\/2025\/12\/1543846375257.jpg\" alt=\"\" class=\"brick-c-cFOWSL\" style=\"\"\/><\/p>\n<p>\n            Les ogs\u00e5<\/p>\n<p>              En laaang bergensk tradisjon\n        <\/p>\n<p>  <\/a><\/p>\n<p>  <a href=\"https:\/\/www.ba.no\/5-8-2820288\" class=\"related-teaser has-image default-story-teaser article--c-eRUmMG article--c-eRUmMG-jKCPdD-design-default\" rel=\"nofollow noopener\" target=\"_blank\"><\/p>\n<p>    <img decoding=\"async\" loading=\"lazy\"  src=\"https:\/\/www.europesays.com\/no\/wp-content\/uploads\/2025\/12\/BA05550.jpg\" alt=\"\" class=\"brick-c-cFOWSL\" style=\"\"\/><\/p>\n<p>\n            Les ogs\u00e5<\/p>\n<p>              Dette skjer med den erkebergenske juletradisjonen\n        <\/p>\n<p>  <\/a><\/p>\n","protected":false},"excerpt":{"rendered":"Siden 1954 har nissene v\u00e6rt \u00e5 finne i utstillingsvinduet til kj\u00f8pesenteret Sundt. En tradisjon som m\u00e5 kunne kalles&hellip;\n","protected":false},"author":2,"featured_media":105860,"comment_status":"","ping_status":"","sticky":false,"template":"","format":"standard","meta":{"footnotes":""},"categories":[58],"tags":[36,71,1839,13241,5593,12201,30,28,29,1558,72,13240],"class_list":{"0":"post-105859","1":"post","2":"type-post","3":"status-publish","4":"format-standard","5":"has-post-thumbnail","7":"category-underholdning","8":"tag-art","9":"tag-entertainment","10":"tag-feature","11":"tag-god-jul","12":"tag-jul","13":"tag-nisse","14":"tag-no","15":"tag-norge","16":"tag-norway","17":"tag-pulsen","18":"tag-underholdning","19":"tag-varehuset-sundt"},"share_on_mastodon":{"url":"https:\/\/pubeurope.com\/@no\/115673173002824977","error":""},"_links":{"self":[{"href":"https:\/\/www.europesays.com\/no\/wp-json\/wp\/v2\/posts\/105859","targetHints":{"allow":["GET"]}}],"collection":[{"href":"https:\/\/www.europesays.com\/no\/wp-json\/wp\/v2\/posts"}],"about":[{"href":"https:\/\/www.europesays.com\/no\/wp-json\/wp\/v2\/types\/post"}],"author":[{"embeddable":true,"href":"https:\/\/www.europesays.com\/no\/wp-json\/wp\/v2\/users\/2"}],"replies":[{"embeddable":true,"href":"https:\/\/www.europesays.com\/no\/wp-json\/wp\/v2\/comments?post=105859"}],"version-history":[{"count":0,"href":"https:\/\/www.europesays.com\/no\/wp-json\/wp\/v2\/posts\/105859\/revisions"}],"wp:featuredmedia":[{"embeddable":true,"href":"https:\/\/www.europesays.com\/no\/wp-json\/wp\/v2\/media\/105860"}],"wp:attachment":[{"href":"https:\/\/www.europesays.com\/no\/wp-json\/wp\/v2\/media?parent=105859"}],"wp:term":[{"taxonomy":"category","embeddable":true,"href":"https:\/\/www.europesays.com\/no\/wp-json\/wp\/v2\/categories?post=105859"},{"taxonomy":"post_tag","embeddable":true,"href":"https:\/\/www.europesays.com\/no\/wp-json\/wp\/v2\/tags?post=105859"}],"curies":[{"name":"wp","href":"https:\/\/api.w.org\/{rel}","templated":true}]}}