{"id":105863,"date":"2025-12-06T14:52:12","date_gmt":"2025-12-06T14:52:12","guid":{"rendered":"https:\/\/www.europesays.com\/no\/105863\/"},"modified":"2025-12-06T14:52:12","modified_gmt":"2025-12-06T14:52:12","slug":"martin-odegaard-fra-start-da-arsenal-moter-aston-villa","status":"publish","type":"post","link":"https:\/\/www.europesays.com\/no\/105863\/","title":{"rendered":"Martin \u00d8degaard fra start da Arsenal m\u00f8ter Aston Villa"},"content":{"rendered":"\n<p class=\"_lead_o9xde_2 _lead_xtcu6_50 layout-component text-serif-m layout-normal text-serif-l layout-component layout-wide layout-padded _wide_17hqh_1 layout-padded\">Arsenal, med Martin \u00d8degaard fra start, snublet mot et sterkt Aston Villa, som n\u00e5 er med i tittelkampen.<\/p>\n<p> <img class=\"_image_qp4xg_65 layout-component layout-wide\" data-fullscreen- data-track-element-type=\"Article image fullscreen\" data-track-name=\"ImageFullscreen\" fetchpriority=\"high\" decoding=\"sync\" loading=\"eager\" height=\"102\" itemprop=\"image\"  src=\"https:\/\/www.europesays.com\/no\/wp-content\/uploads\/2025\/12\/97428312e17ffc12a3e1f46d99214496.jpg\"  style=\"object-position:50% 50%;aspect-ratio:1.75;height:auto;object-fit:cover;width:100%\" width=\"102\"\/>  <\/p>\n<ul aria-hidden=\"true\" class=\"_images_ntbth_112\">\n<li><a class=\"_link_ntbth_117\" href=\"https:\/\/www.vg.no\/forfatter\/mads-thygesen\" style=\"z-index:1\" title=\"Mads Thygesen\" rel=\"nofollow noopener\" target=\"_blank\"><img alt=\"Bilde av Mads Thygesen\" class=\"_image_ntbth_93\" fetchpriority=\"low\" loading=\"lazy\" decoding=\"async\" itemprop=\"image\"  src=\"https:\/\/www.europesays.com\/no\/wp-content\/uploads\/2025\/12\/1765032732_730_d82576b6-c31c-43fc-a223-28ce8745295c\"  width=\"480\"\/><\/a><\/li>\n<\/ul>\n<p> Oppdatert l\u00f8rdag 6. desember kl. 15:33    <\/p>\n<ul class=\"_list_o9xde_3 _list_64s2r_85 _unordered_o9xde_106 text-sans-m\">\n<li class=\"_item_o9xde_30\">Martin \u00d8degaard var tilbake fra start, men Arsenal snublet mot Aston Villa.<\/li>\n<li class=\"_item_o9xde_30\">Argentinske Emiliano Buendia sikret seieren for Aston Villa med en sen scoring.<\/li>\n<li class=\"_item_o9xde_30\">Tidligere Arsenal-manager Unai Emery feiret seieren som bringer Villa tre poeng bak Arsenal.<\/li>\n<li class=\"_item_o9xde_30\">\u00d8degaards frav\u00e6r skapte debatt om Eberechi Ezes rolle i laget.<\/li>\n<\/ul>\n<p>Vis mer <\/p>\n<p class=\"_paragraph_o9xde_4 _paragraph_xtcu6_10 layout-component text-serif-m layout-normal text-serif-m layout-padded\">Kaptein Martin \u00d8degaard var tilbake fra start sist runde, hjemme mot Brentford. Midtbane-eleganten har v\u00e6rt <a href=\"https:\/\/www.vg.no\/sport\/i\/m0g8lp\/oedegaard-med-skadeoppdatering-naermer-meg-sluttfasen\" data-track-element-type=\"Link\" data-track-id=\"link:m0g8lp\" class=\"_link_o9xde_39\" rel=\"nofollow noopener\" target=\"_blank\">lenge ute med skade.<\/a><\/p>\n<p class=\"_paragraph_o9xde_4 _paragraph_xtcu6_10 layout-component text-serif-m layout-normal text-serif-m layout-padded\">Borte mot Aston Villa var nordmannen nok en gang klar for start. Derimot var det et godt hjemmelag som temmet Arsenal i f\u00f8rste omgang.<\/p>\n<p class=\"_paragraph_o9xde_4 _paragraph_xtcu6_10 layout-component text-serif-m layout-normal text-serif-m layout-padded\">\u2013 Utrolig bra av Emiliano Buendia, kommenterer Viaplays Roar Stokke i de dramatiske sluttminuttene.<\/p>\n<p><img alt=\"Foto: Mike Egerton \/ Pa Photos\" class=\"_image_qp4xg_65 layout-component layout-normal\" data-fullscreen- data-track-element-type=\"Article image fullscreen\" data-track-name=\"ImageFullscreen\" decoding=\"async\" loading=\"lazy\" height=\"2988\" itemprop=\"image\"  src=\"https:\/\/www.europesays.com\/no\/wp-content\/uploads\/2025\/12\/3a1754a7-2aff-4bfe-ba5d-19c2e787de33\"  style=\"object-position:0% 0%\" width=\"4446\"\/>Foto: Mike Egerton \/ Pa Photos<\/p>\n<p class=\"_paragraph_o9xde_4 _paragraph_xtcu6_10 layout-component text-serif-m layout-normal text-serif-m layout-padded\">Det s\u00e5 ut til \u00e5 g\u00e5 mot poengdeling, men helt p\u00e5 tampen av kampen dukket argentinske Buendia opp i 16-meteren til Arsenal, som troll i eske.<\/p>\n<p class=\"_paragraph_o9xde_4 _paragraph_xtcu6_10 layout-component text-serif-m layout-normal text-serif-m layout-padded\">Et enromt Aston Villa press endte med seier for <a href=\"https:\/\/www.vg.no\/tag\/premier-league?utm_source=vg-article&amp;utm_medium=auto-tagger&amp;utm_campaign=43dBy9\" class=\"_link_o9xde_39\" rel=\"nofollow noopener\" target=\"_blank\">Premier Leagues<\/a> store formlag, som n\u00e5 kun er tre poeng bak ligaleder Arsenal.<\/p>\n<p class=\"_paragraph_o9xde_4 _paragraph_xtcu6_10 layout-component text-serif-m layout-normal text-serif-m layout-padded\">Tidligere Arsenal- n\u00e5v\u00e6rende Aston Villa-mangager Unai Emery kunne tidlig strekke armene i v\u00e6ret da Matty Cash l\u00f8p seg fri p\u00e5 bakerst stolpe og satte inn 1\u20130 i f\u00f8rste omgang.<\/p>\n<p class=\"_paragraph_o9xde_4 _paragraph_xtcu6_10 layout-component text-serif-m layout-normal text-serif-m layout-padded\">\u2013  Aston Villa har v\u00e6rt det beste laget. Arsenal ser litt sl\u00f8ve ut, var dommen til Danny Murphy, tidligere Premier League-spiller og BBS-ekspert, etter f\u00f8rste omgang.<\/p>\n<p class=\"_paragraph_o9xde_4 _paragraph_xtcu6_10 layout-component text-serif-m layout-normal text-serif-m layout-padded\">Den tidligere Liverpool og Fullham-spilleren er tydelig p\u00e5 at Villa og Emery m\u00e5 finne seg i \u00e5 f\u00e5 sp\u00f8rsm\u00e5l om ligatittelen etter dette oppgj\u00f8ret.<\/p>\n<p class=\"_paragraph_o9xde_4 _paragraph_xtcu6_10 layout-component text-serif-m layout-normal text-serif-m layout-padded\">\u2013 S\u00e5nn det st\u00e5r n\u00e5 er de tre poeng bak the Gunners, p\u00e5 andreplass. Det vil bli vanskelig for Unai Emery og ignorere sp\u00f8rsm\u00e5l om tittelkamp, uttalte han til BBC i pausen.<\/p>\n<p class=\"_paragraph_o9xde_4 _paragraph_xtcu6_10 layout-component text-serif-m layout-normal text-serif-m layout-padded\">I frav\u00e6ret til \u00d8degaard har nysigneringen Eberechi Eze imponert voldsomt. Engelskmannens gode prestasjoner har skapt debatt i England.<\/p>\n<p class=\"_paragraph_o9xde_4 _paragraph_xtcu6_10 layout-component text-serif-m layout-normal text-serif-m layout-padded\">I oktober tok <a href=\"https:\/\/www.skysports.com\/football\/news\/11096\/13442809\/eberechi-eze-martin-odegaard-or-both-what-does-mikel-arteta-do-with-his-arsenal-attack\" class=\"_link_o9xde_39\" rel=\"nofollow noopener\" target=\"_blank\">Sky Sports<\/a> om problemstillingen, som de mente ville skape hodebry for manager Mikel Arteta.<\/p>\n<p class=\"_paragraph_o9xde_4 _paragraph_xtcu6_10 layout-component text-serif-m layout-normal text-serif-m layout-padded\">Mot Aston Villa sendte manager Mikel Arteta ut begge to fra start. Det hjalp ikke for det offensive spiller til \u00abthe Gunners\u00bb. De slet med \u00e5 skape sjanser gjennom den f\u00f8rste omgangen.<\/p>\n<p class=\"_paragraph_o9xde_4 _paragraph_xtcu6_10 layout-component text-serif-m layout-normal text-serif-m layout-padded\">Det offensive spillet bedret seg utover i andre omgang. Mikel Arteta tok ut Eze og satte inn Leandro Trossard &#8211; kveldens beste sjakktrekk. Belgieren utlignet etter kort tid p\u00e5 banen. <\/p>\n<p class=\"_paragraph_o9xde_4 _paragraph_xtcu6_10 layout-component text-serif-m layout-normal text-serif-m layout-padded\">1\u20131 ble ogs\u00e5 sluttresultatet.<\/p>\n<p><img alt=\"Foto: Andrew Couldridge \/ Reuters\" class=\"_image_qp4xg_65 layout-component layout-normal\" data-fullscreen- data-track-element-type=\"Article image fullscreen\" data-track-name=\"ImageFullscreen\" decoding=\"async\" loading=\"lazy\" height=\"1022\" itemprop=\"image\"  src=\"https:\/\/www.europesays.com\/no\/wp-content\/uploads\/2025\/12\/94a8c56c-91d2-4b43-a154-40a9413bf8f1\"  style=\"object-position:0% 0%\" width=\"1488\"\/>Foto: Andrew Couldridge \/ Reuters<\/p>\n<p class=\"_paragraph_o9xde_4 _paragraph_xtcu6_10 layout-component text-serif-m layout-normal text-serif-m layout-padded\">Det er to lag i storform som m\u00f8ter hverandre p\u00e5 Villa Park denne l\u00f8rdag formiddagen. Arsenal leder Premier League med fem poeng og har vunnet \u00e5tte av de ti siste kampene sine, i alle turneringer.<\/p>\n<p class=\"_paragraph_o9xde_4 _paragraph_xtcu6_10 layout-component text-serif-m layout-normal text-serif-m layout-padded\">De siste ti oppgj\u00f8rene mellom Arsenal og Aston Villa har endt med fem seire til London-laget, fire til l\u00f8vene fra Birmingham og en har endt med poengdeling.<\/p>\n<p class=\"_paragraph_o9xde_4 _paragraph_xtcu6_10 layout-component text-serif-m layout-normal text-serif-m layout-padded\">Ligaleder Arsenal har fem poeng ned til Manchester City p\u00e5 en andreplass. L\u00f8rdagens motstander, Aston Villa innehar tredjeplassen f\u00f8r den 15. Premier League runden.<\/p>\n<p class=\"_paragraph_o9xde_4 _paragraph_xtcu6_10 layout-component text-serif-m layout-normal text-serif-m layout-padded\">\u00abThe Gunners\u00bb har ikke tapt, i ligaen, siden 31.august borte mot Liverpool. Dominik Szoboszlais dr\u00f8mmetreff, p\u00e5 frispark, er hittil det eneste som har f\u00f8rt til tap for Arsenal.<\/p>\n<p class=\"_paragraph_o9xde_4 _paragraph_xtcu6_10 layout-component text-serif-m layout-normal text-serif-m layout-padded\">\u00d8degaard var ikke \u00e5 se p\u00e5 banen for Norge da VM-plassen ble sikret borte mot Italia.<\/p>\n<p class=\"_paragraph_o9xde_4 _paragraph_xtcu6_10 layout-component text-serif-m layout-normal text-serif-m layout-padded\">Uten nordmannen p\u00e5 banen har Arsenal fortsatt \u00e5 levere b\u00e5de i hjemlig liga og ute i Europa. London-klubben leder b\u00e5de Premier League og Champions League.<\/p>\n<p class=\"_paragraph_o9xde_4 _paragraph_xtcu6_10 layout-component text-serif-m layout-normal text-serif-m layout-padded\">Fredag kveld norsk tid ble det klart at \u00d8degaard og Norge m\u00f8ter Frankrike, Senegal og enten Bolivia, Suriname eller Irak i gruppespillet i VM neste sommer. <\/p>\n<p class=\"_paragraph_o9xde_4 _paragraph_xtcu6_10 layout-component text-serif-m layout-normal text-serif-m layout-padded\">L\u00f8rdag kveld kommer det mer informasjon rundt tidspunkt for kampene til Norge.<\/p>\n","protected":false},"excerpt":{"rendered":"Arsenal, med Martin \u00d8degaard fra start, snublet mot et sterkt Aston Villa, som n\u00e5 er med i tittelkampen.&hellip;\n","protected":false},"author":2,"featured_media":105864,"comment_status":"","ping_status":"","sticky":false,"template":"","format":"standard","meta":{"footnotes":""},"categories":[5],"tags":[328,8372,20,21,24,25,92,15,19,22,23,17,18,181,13,30,28,29,14,16,161,26,27],"class_list":{"0":"post-105863","1":"post","2":"type-post","3":"status-publish","4":"format-standard","5":"has-post-thumbnail","7":"category-overskrifter","8":"tag-arsenal","9":"tag-aston-villa","10":"tag-breaking-news","11":"tag-breakingnews","12":"tag-featured-news","13":"tag-featurednews","14":"tag-fotball","15":"tag-headlines","16":"tag-hovedoppslag","17":"tag-latest-news","18":"tag-latestnews","19":"tag-main-news","20":"tag-mainnews","21":"tag-martin-odegaard","22":"tag-news","23":"tag-no","24":"tag-norge","25":"tag-norway","26":"tag-nyheter","27":"tag-overskrifter","28":"tag-premier-league","29":"tag-top-stories","30":"tag-topstories"},"share_on_mastodon":{"url":"https:\/\/pubeurope.com\/@no\/115673192722920861","error":""},"_links":{"self":[{"href":"https:\/\/www.europesays.com\/no\/wp-json\/wp\/v2\/posts\/105863","targetHints":{"allow":["GET"]}}],"collection":[{"href":"https:\/\/www.europesays.com\/no\/wp-json\/wp\/v2\/posts"}],"about":[{"href":"https:\/\/www.europesays.com\/no\/wp-json\/wp\/v2\/types\/post"}],"author":[{"embeddable":true,"href":"https:\/\/www.europesays.com\/no\/wp-json\/wp\/v2\/users\/2"}],"replies":[{"embeddable":true,"href":"https:\/\/www.europesays.com\/no\/wp-json\/wp\/v2\/comments?post=105863"}],"version-history":[{"count":0,"href":"https:\/\/www.europesays.com\/no\/wp-json\/wp\/v2\/posts\/105863\/revisions"}],"wp:featuredmedia":[{"embeddable":true,"href":"https:\/\/www.europesays.com\/no\/wp-json\/wp\/v2\/media\/105864"}],"wp:attachment":[{"href":"https:\/\/www.europesays.com\/no\/wp-json\/wp\/v2\/media?parent=105863"}],"wp:term":[{"taxonomy":"category","embeddable":true,"href":"https:\/\/www.europesays.com\/no\/wp-json\/wp\/v2\/categories?post=105863"},{"taxonomy":"post_tag","embeddable":true,"href":"https:\/\/www.europesays.com\/no\/wp-json\/wp\/v2\/tags?post=105863"}],"curies":[{"name":"wp","href":"https:\/\/api.w.org\/{rel}","templated":true}]}}