{"id":105867,"date":"2025-12-06T14:54:18","date_gmt":"2025-12-06T14:54:18","guid":{"rendered":"https:\/\/www.europesays.com\/no\/105867\/"},"modified":"2025-12-06T14:54:18","modified_gmt":"2025-12-06T14:54:18","slug":"martine-lunde-apner-opp-om-kjaerlighetslivet-etter-bruddet","status":"publish","type":"post","link":"https:\/\/www.europesays.com\/no\/105867\/","title":{"rendered":"Martine Lunde \u00e5pner opp om kj\u00e6rlighetslivet etter bruddet"},"content":{"rendered":"<p class=\"kicker \" style=\"\">Martine Lunde:\u00a0<\/p>\n<p>  Martine Lunde er endelig klar for \u00e5 slippe noen n\u00e6r seg igjen, etter lang tid der hun har v\u00e6rt redd for \u00e5 date.<\/p>\n<p>\n    NY FLAMME: Martine Lunde kunne nylig r\u00f8pe at hun dater en ny mann. N\u00e5 avsl\u00f8rer hun detaljer om ham. Foto: Andreas Fadum\/Se og H\u00f8r\n  <\/p>\n<p>Etter sju \u00e5r sammen valgte influenserparet Martine Lunde (29) og Aleksander S\u00e6terst\u00f8l (30) \u00e5 g\u00e5 fra hverandre i fjor sommer.\u00a0<\/p>\n<p>Mens S\u00e6terst\u00f8l <a href=\"https:\/\/www.dagbladet.no\/kjendis\/bekrefter-ny-kjaereste\/83621857\" rel=\"nofollow noopener\" target=\"_blank\">har funnet lykken p\u00e5 ny<\/a>, har Lunde forblitt singel etter bruddet. Men da hun denne uka var gjest i podkasten \u00abHanna og de heldige\u00bb, kunne hun r\u00f8pe at hun n\u00e5 dater en fyr.\u00a0<\/p>\n<p>    <a itemprop=\"url\" href=\"https:\/\/www.dagbladet.no\/kjendis\/kom-som-et-stort-sjokk\/83896326\" rel=\"nofollow noopener\" target=\"_blank\"><\/p>\n<p>      <img loading=\"lazy\" decoding=\"async\" src=\"https:\/\/www.europesays.com\/no\/wp-content\/uploads\/2025\/12\/1765032853_989_83896352.webp\" width=\"980\" height=\"441\" title=\"- Kom som et stort sjokk\" alt=\"\" class=\"lazyload\" style=\"--aspect-ratio-image: 2.22; \"\/><\/p>\n<p>        &#8211; Kom som et stort sjokk<\/p>\n<p>    <\/a><\/p>\n<p>Dagbladet m\u00f8ter Lunde p\u00e5 v\u00e5rlanseringen til Viaplay, hvor hun er aktuell som programleder for \u00abParadise Hotel\u00bb. Der avsl\u00f8rer hun at det var skummelt \u00e5 skulle \u00e5pne seg om hvordan det g\u00e5r med kj\u00e6rlighetslivet.\u00a0<\/p>\n<p>&#8211; Jeg er en s\u00e5nn person som skravler og etterp\u00e5 tenker: \u00abShit, kanskje jeg ikke burde delt det\u00bb. Men jeg kan ikke legge skjul p\u00e5 at jeg har det veldig fint om dagen, sier en blid Lunde.\u00a0<\/p>\n<p class=\"font-weight-bold m-font-weight-bold italic m-italic\" data-lab-font_weight=\"font-weight-bold\" data-lab-italic=\"italic\">Se Martine Lunde fortelle mer i videoen under:\u00a0<\/p>\n<p>        DATER: Martine Lunde har begynt \u00e5 ta dating livet seri\u00f8st, noe som satt langt inne for henne. Video: Nora Skavhaug \/ R\u00f8d L\u00f8per <\/p>\n<p>Endelig klar\t<\/p>\n<p>Influenseren sier at hun brukte god tid p\u00e5 \u00e5 v\u00e6re \u00e5pen for \u00e5 date igjen etter bruddet med S\u00e6terst\u00f8l.\u00a0<\/p>\n<p>&#8211; Jeg har nok ikke v\u00e6rt helt klar for det f\u00f8r n\u00e5. Jeg trodde kanskje jeg var det tidligere, men n\u00e5r jeg ser tilbake p\u00e5 det, s\u00e5 var jeg ikke klar i det hele tatt.\u00a0<\/p>\n<p>          <img loading=\"lazy\" decoding=\"async\" src=\"https:\/\/www.europesays.com\/no\/wp-content\/uploads\/2025\/12\/83947845.webp\" width=\"686\" height=\"584\" title=\"EKSER: Martine Lunde og Aleksander S\u00e6terst\u00f8l var et par i sju \u00e5r. Foto: Andreas Fadum\/Se og H\u00f8r\" alt=\"\" class=\"\" style=\"--aspect-ratio-image: 1.17; \"\/><\/p>\n<p>\n          EKSER: Martine Lunde og Aleksander S\u00e6terst\u00f8l var et par i sju \u00e5r. Foto: Andreas Fadum\/Se og H\u00f8r\n      <\/p>\n<p>Hun har s\u00e6rlig kjent p\u00e5 at folk ikke alltid vil date henne av de rette grunnene.<\/p>\n<p>&#8211; Jeg har syntes det har v\u00e6rt dritskummelt \u00e5 skulle date, og har slitt veldig med \u00e5 kaste meg ut i det. Jeg har syntes det har v\u00e6rt helt forferdelig, ettersom man ikke alltid har visst hva intensjonene til folk har v\u00e6rt. Vil de date meg for meg, eller for jobben min og rampelyset?<\/p>\n<p>    <a itemprop=\"url\" href=\"https:\/\/www.dagbladet.no\/kjendis\/vil-ikke-feire-jul-hjemme\/83947176\" rel=\"nofollow noopener\" target=\"_blank\"><\/p>\n<p>      <img loading=\"lazy\" decoding=\"async\" src=\"https:\/\/www.europesays.com\/no\/wp-content\/uploads\/2025\/12\/83947267.webp\" width=\"980\" height=\"441\" title=\"- Vil ikke feire jul hjemme\" alt=\"\" class=\"lazyload\" style=\"--aspect-ratio-image: 2.22; \"\/><\/p>\n<p>        &#8211; Vil ikke feire jul hjemme<\/p>\n<p>    <\/a><\/p>\n<p>If\u00f8lge Lunde m\u00f8tte hun tidligere en mann som hadde nettopp slike skjulte motiver.<\/p>\n<p>&#8211; Etter det har jeg v\u00e6rt ekstremt redd for \u00e5 \u00e5pne meg og t\u00f8rre \u00e5 gi alt av meg selv i en datingprosess. S\u00e5 det er et stort steg jeg har tatt n\u00e5.<\/p>\n<p>Dette vil hun ikke svare p\u00e5\t<\/p>\n<p>Lovordene om Lundes nye flamme sitter l\u00f8st.\u00a0<\/p>\n<p>En mann som behandler henne bra, deler verdiene hennes og vil det samme i framtida, er kravene hun har satt.<\/p>\n<p>        SJOKK: Influenser Martine Lunde fikk sjokk da hun oppdaget hvilke tjenester hun har abonnert p\u00e5. Video: Thea Hope\/ R\u00f8d L\u00f8per<\/p>\n<p>&#8211; Han er veldig lik meg p\u00e5 akkurat de punktene der, og behandler meg veldig bra. Han er ekstremt snill! sier hun, og fortsetter:\u00a0<\/p>\n<p>&#8211; Alt jeg \u00f8nsker meg, er et problemfritt forhold. Jeg orker ikke et forhold hvor man krangler hver eneste dag.\u00a0<\/p>\n<p>    <a itemprop=\"url\" href=\"https:\/\/www.dagbladet.no\/kjendis\/roper-mork-fortid-jeg-orket-ikke-mer\/83878939\" rel=\"nofollow noopener\" target=\"_blank\"><\/p>\n<p>      <img loading=\"lazy\" decoding=\"async\" src=\"https:\/\/www.europesays.com\/no\/wp-content\/uploads\/2025\/12\/1765032856_872_83883573.webp\" width=\"147\" height=\"98\" title=\"- Jeg orket ikke mer\" alt=\"\" class=\"lazyload\" style=\"--aspect-ratio-image: 1.50; \"\/><\/p>\n<p>        &#8211; Jeg orket ikke mer<\/p>\n<p>    <\/a><\/p>\n<p>N\u00e5r Dagbladet sp\u00f8r om personen hun dater er en i rampelyset, blir hun lattermild.\u00a0<\/p>\n<p>&#8211; Ingen kommentar, sier hun med et lurt smil.\u00a0<\/p>\n<p>Viste fram kj\u00e6resten\t<\/p>\n<p>Da Alexandra Joner\u00a0<a href=\"https:\/\/www.dagbladet.no\/kjendis\/forste-gang\/83796842\" rel=\"nofollow noopener\" target=\"_blank\">arrangerte sin \u00e5rlige halloweenfest<\/a>, dukket Aleksander S\u00e6terst\u00f8l opp med sin nye kj\u00e6reste, Camilla, for f\u00f8rste gang.\u00a0<\/p>\n<p>&#8211; Vi har v\u00e6rt sammen i kanskje et \u00e5rs tid. Jeg har ikke holdt det skjult, men jeg har bare ikke snakket s\u00e5 mye om det. Jeg kunne melket det noe helt ekstremt, men jeg har ikke giddet \u00e5 gj\u00f8re det, fortalte han til Dagbladet p\u00e5 den r\u00f8de l\u00f8peren.\u00a0<\/p>\n<p>          <img loading=\"lazy\" decoding=\"async\" src=\"https:\/\/www.europesays.com\/no\/wp-content\/uploads\/2025\/12\/83947854.webp\" width=\"686\" height=\"604\" title=\"KOM SAMMEN: Halloweenfesten var Aleksander S\u00e6terst\u00f8l og kj\u00e6restens f\u00f8rste event som par. Foto: Andreas Fadum\/Se og H\u00f8r\" alt=\"\" class=\"\" style=\"--aspect-ratio-image: 1.14; \"\/><\/p>\n<p>\n          KOM SAMMEN: Halloweenfesten var Aleksander S\u00e6terst\u00f8l og kj\u00e6restens f\u00f8rste event som par. Foto: Andreas Fadum\/Se og H\u00f8r\n      <\/p>\n<p>Denne uka gjestet S\u00e6terst\u00f8l podkasten \u00abG-punktet\u00bb, hvor det kom fram at hans nye kj\u00e6reste har to barn.\u00a0<\/p>\n<p>&#8211; Jeg ser at Camilla blir veldig glad n\u00e5r jeg tilbringer tid med dem. Jeg vil ikke komme inn som en \u00abstepappa\u00bb, jeg blir heller en tullete onkel som leker med barna, fortalte han i podkasten.\u00a0<\/p>\n","protected":false},"excerpt":{"rendered":"Martine Lunde:\u00a0 Martine Lunde er endelig klar for \u00e5 slippe noen n\u00e6r seg igjen, etter lang tid der&hellip;\n","protected":false},"author":2,"featured_media":105868,"comment_status":"","ping_status":"","sticky":false,"template":"","format":"standard","meta":{"footnotes":""},"categories":[58],"tags":[71,479,2432,30,28,29,72],"class_list":{"0":"post-105867","1":"post","2":"type-post","3":"status-publish","4":"format-standard","5":"has-post-thumbnail","7":"category-underholdning","8":"tag-entertainment","9":"tag-kjendis","10":"tag-martine-lunde","11":"tag-no","12":"tag-norge","13":"tag-norway","14":"tag-underholdning"},"share_on_mastodon":{"url":"https:\/\/pubeurope.com\/@no\/115673200607821248","error":""},"_links":{"self":[{"href":"https:\/\/www.europesays.com\/no\/wp-json\/wp\/v2\/posts\/105867","targetHints":{"allow":["GET"]}}],"collection":[{"href":"https:\/\/www.europesays.com\/no\/wp-json\/wp\/v2\/posts"}],"about":[{"href":"https:\/\/www.europesays.com\/no\/wp-json\/wp\/v2\/types\/post"}],"author":[{"embeddable":true,"href":"https:\/\/www.europesays.com\/no\/wp-json\/wp\/v2\/users\/2"}],"replies":[{"embeddable":true,"href":"https:\/\/www.europesays.com\/no\/wp-json\/wp\/v2\/comments?post=105867"}],"version-history":[{"count":0,"href":"https:\/\/www.europesays.com\/no\/wp-json\/wp\/v2\/posts\/105867\/revisions"}],"wp:featuredmedia":[{"embeddable":true,"href":"https:\/\/www.europesays.com\/no\/wp-json\/wp\/v2\/media\/105868"}],"wp:attachment":[{"href":"https:\/\/www.europesays.com\/no\/wp-json\/wp\/v2\/media?parent=105867"}],"wp:term":[{"taxonomy":"category","embeddable":true,"href":"https:\/\/www.europesays.com\/no\/wp-json\/wp\/v2\/categories?post=105867"},{"taxonomy":"post_tag","embeddable":true,"href":"https:\/\/www.europesays.com\/no\/wp-json\/wp\/v2\/tags?post=105867"}],"curies":[{"name":"wp","href":"https:\/\/api.w.org\/{rel}","templated":true}]}}