{"id":105874,"date":"2025-12-06T15:01:27","date_gmt":"2025-12-06T15:01:27","guid":{"rendered":"https:\/\/www.europesays.com\/no\/105874\/"},"modified":"2025-12-06T15:01:27","modified_gmt":"2025-12-06T15:01:27","slug":"carina-dahl-hyller-sin-kreftfrie-far-pa-skal-vi-danse","status":"publish","type":"post","link":"https:\/\/www.europesays.com\/no\/105874\/","title":{"rendered":"Carina Dahl hyller sin kreftfrie far p\u00e5 \u00abSkal vi danse\u00bb"},"content":{"rendered":"<p class=\"kicker \" style=\"\">Carina Dahl:<\/p>\n<p>  I fjor feiret de jul p\u00e5 sykehuset og ante ikke hvordan det skulle g\u00e5. N\u00e5 skal Carina Dahl hylle pappa p\u00e5 parketten.<\/p>\n<p>\n    ALVORLIG SYK: P\u00e5 denne tida i fjor var Morten \u00abDiesel\u00bb Dahl alvorlig kreftsyk. I april ble han erkl\u00e6rt kreftfri, til familiens store lettelse. Foto: Privat\n  <\/p>\n<p>N\u00e5r deltakerne i <a href=\"https:\/\/www.dagbladet.no\/kjendis\/beste-noensinne\/83916239\" rel=\"nofollow noopener\" target=\"_blank\">\u00abSkal vi danse\u00bb<\/a> denne uka skal hylle b\u00e5de ikoniske \u00f8yeblikk og sine personlige ikoner, blir det gjensyn med en rekke uforglemmelige hendelser.<\/p>\n<p>    <a itemprop=\"url\" href=\"https:\/\/www.dagbladet.no\/kjendis\/grat-sa-mye\/83918728\" rel=\"nofollow noopener\" target=\"_blank\"><\/p>\n<p>      <img loading=\"lazy\" decoding=\"async\" src=\"https:\/\/www.europesays.com\/no\/wp-content\/uploads\/2025\/12\/83918971.webp\" width=\"147\" height=\"98\" title=\"- Gr\u00e5t s\u00e5 mye\" alt=\"\" class=\"lazyload\" style=\"--aspect-ratio-image: 1.50; \"\/><\/p>\n<p>        &#8211; Gr\u00e5t s\u00e5 mye<\/p>\n<p>    <\/a><\/p>\n<p>For <a href=\"https:\/\/www.dagbladet.no\/kjendis\/grat-sa-mye\/83918728\" rel=\"nofollow noopener\" target=\"_blank\">Carina Dahl (40)<\/a> var valget enkelt. Hun valgte Morten\u00a0\u00abDiesel\u00bb Dahl (66), mannen hun beskriver som b\u00e5de sitt forbilde og sin st\u00f8rste st\u00f8tte. Den samme mannen som i fjor p\u00e5 denne tida var alvorlig syk.\u00a0<\/p>\n<p class=\"font-weight-bold m-font-weight-bold\" data-lab-font_weight=\"font-weight-bold\">S\u00e5 syk at familien ikke visste hvordan det ville g\u00e5.<\/p>\n<p>          <img loading=\"lazy\" decoding=\"async\" src=\"https:\/\/www.europesays.com\/no\/wp-content\/uploads\/2025\/12\/83942896.webp\" width=\"686\" height=\"968\" title=\"ROCKEDATTER: En skal tidlig kr\u00f8kes. Carina med mamma Inger Lise og pappa Morten, og pappas trommesett. Foto: Privat\" alt=\"\" class=\"\" style=\"--aspect-ratio-image: 0.71; \"\/><\/p>\n<p>\n          ROCKEDATTER: En skal tidlig kr\u00f8kes. Carina med mamma Inger Lise og pappa Morten, og pappas trommesett. Foto: Privat\n      <\/p>\n<p>Overfor Dagbladet \u00e5pner Carina opp om den tunge tida, hvordan det p\u00e5virket dem, og hvordan det n\u00e5 blir \u00e5 hylle sin egen far p\u00e5 direktesendt TV.<\/p>\n<p>&#8211; En t\u00f8ff tid\t<\/p>\n<p>Morten Dahl er, som datteren, musiker, og kan se tilbake p\u00e5 en lang karriere som trommeslager. Han er kjent fra rockebandene TNT og TinDrum.\u00a0<\/p>\n<p>    <a itemprop=\"url\" href=\"https:\/\/www.dagbladet.no\/kjendis\/jaevlig-a-se-ham-sann\/82951910\" rel=\"nofollow noopener\" target=\"_blank\"><\/p>\n<p>      <img loading=\"lazy\" decoding=\"async\" src=\"https:\/\/www.europesays.com\/no\/wp-content\/uploads\/2025\/12\/82951589.webp\" width=\"147\" height=\"98\" title=\"- J\u00e6vlig \u00e5 se ham s\u00e5nn\" alt=\"\" class=\"lazyload\" style=\"--aspect-ratio-image: 1.50; \"\/><\/p>\n<p>        &#8211; J\u00e6vlig \u00e5 se ham s\u00e5nn<\/p>\n<p>    <\/a><\/p>\n<p>I 2024 ble han rammet av kreft.<\/p>\n<p class=\"font-weight-bold m-font-weight-bold\" data-lab-font_weight=\"font-weight-bold\">&#8211; P\u00e5 denne tida i fjor feiret vi jul p\u00e5 sykehuset. Pappa var kreftsyk og var under en voldsom behandling. Kreften hadde gode prognoser, men behandlingen var knallhard, forteller Carina.<\/p>\n<p>          <img loading=\"lazy\" decoding=\"async\" src=\"https:\/\/www.europesays.com\/no\/wp-content\/uploads\/2025\/12\/83942894.webp\" width=\"686\" height=\"440\" title=\"HEIER: Morten, lilles\u00f8ster Amanda og Inger Lise p\u00e5 plass n\u00e5r Carina svinger seg p\u00e5 parketten i \u00abSkal vi danse\u00bb. Foto: Andreas Fadum \/ Se og H\u00f8r\" alt=\"\" class=\"\" style=\"--aspect-ratio-image: 1.56; \"\/><\/p>\n<p>\n          HEIER: Morten, lilles\u00f8ster Amanda og Inger Lise p\u00e5 plass n\u00e5r Carina svinger seg p\u00e5 parketten i \u00abSkal vi danse\u00bb. Foto: Andreas Fadum \/ Se og H\u00f8r\n      <\/p>\n<p>          <img loading=\"lazy\" decoding=\"async\" src=\"https:\/\/www.europesays.com\/no\/wp-content\/uploads\/2025\/12\/83942899.webp\" width=\"686\" height=\"1036\" title=\"HYLLET LILLES\u00d8STER: Carina har tidligere i sesongen dedisert en dans til s\u00f8steren Amanda. Foto: Andreas Fadum \/ Se og H\u00f8r\" alt=\"\" class=\"\" style=\"--aspect-ratio-image: 0.66; \"\/><\/p>\n<p>\n          HYLLET LILLES\u00d8STER: Carina har tidligere i sesongen dedisert en dans til s\u00f8steren Amanda. Foto: Andreas Fadum \/ Se og H\u00f8r\n      <\/p>\n<p>&#8211; I tillegg hadde broren til pappa g\u00e5tt gjennom akkurat det samme noen \u00e5r f\u00f8r &#8211; han ble kreftfri, men d\u00f8de av behandlingen. Det var en ekstra faktor som gjorde oss livredde for at det skulle bli for hardt for hjertet til pappa.\u00a0<\/p>\n<p>40-\u00e5ringen minnes perioden som sv\u00e6rt tung.<\/p>\n<p>          <img loading=\"lazy\" decoding=\"async\" src=\"https:\/\/www.europesays.com\/no\/wp-content\/uploads\/2025\/12\/83943531.webp\" width=\"686\" height=\"913\" title=\"N\u00c6RT FORHOLD: Carina og Morten har et n\u00e6rt far-datter-forhold. Foto: Privat\" alt=\"\" class=\"\" style=\"--aspect-ratio-image: 0.75; \"\/><\/p>\n<p>\n          N\u00c6RT FORHOLD: Carina og Morten har et n\u00e6rt far-datter-forhold. Foto: Privat\n      <\/p>\n<p class=\"font-weight-bold m-font-weight-bold\" data-lab-font_weight=\"font-weight-bold\">&#8211; Det var en t\u00f8ff tid. Han ble b\u00e5de psykisk og fysisk ganske p\u00e5virket av hele prosessen, og l\u00e5 p\u00e5 sykehus i lang tid. Vi visste ikke om han kom seg tilbake til trommesettet, noe han selv ogs\u00e5 var redd for. Han er jo trommis&#8230;<\/p>\n<p>    <a itemprop=\"url\" href=\"https:\/\/www.dagbladet.no\/kjendis\/roper-skade-ikke-goy\/83819011\" rel=\"nofollow noopener\" target=\"_blank\"><\/p>\n<p>      <img loading=\"lazy\" decoding=\"async\" src=\"https:\/\/www.europesays.com\/no\/wp-content\/uploads\/2025\/12\/83819073.webp\" width=\"147\" height=\"98\" title=\"R\u00f8per skade: - Ikke g\u00f8y\" alt=\"\" class=\"lazyload\" style=\"--aspect-ratio-image: 1.50; \"\/><\/p>\n<p>        R\u00f8per skade: &#8211; Ikke g\u00f8y<\/p>\n<p>    <\/a><\/p>\n<p>I april i \u00e5r kom omsider gladnyheten: Morten var kreftfri.<\/p>\n<p>&#8211; Det er en s\u00e5 stor seier at han er tilbake, at han er kreftfri og at han har kommet seg bak trommesettet igjen. Det er vi uendelig takknemlig for.<\/p>\n<p>        R\u00d8RT: Det ble emosjelt for Stian \u00abStaysman\u00bb Thorbj\u00f8rnsen da Carina Dahl danset til l\u00e5ta hans. Video: TV 2\/ Nora Skavhaug\/ Thea Hope\/ R\u00f8d L\u00f8per<\/p>\n<p>Paljett-t-skjorte og nytt trommesett\t<\/p>\n<p>L\u00f8rdag skal far og datter st\u00e5 sammen p\u00e5 parketten. Carina, og dansepartner Ole Thomas Hansen (26), skal danse. Morten skal spille trommer.\u00a0<\/p>\n<p class=\"font-weight-bold m-font-weight-bold\" data-lab-font_weight=\"font-weight-bold\">&#8211; Da vi fikk h\u00f8re at vi skulle hylle ikoner, syntes jeg det passet veldig bra \u00e5 hylle pappa. Vi skal danse til hans l\u00e5t, \u00ab10 000 Lovers\u00bb, og jeg er utrolig takknemlig for at han er frisk og at vi kan dele denne opplevelsen.<\/p>\n<p>          <img loading=\"lazy\" decoding=\"async\" src=\"https:\/\/www.europesays.com\/no\/wp-content\/uploads\/2025\/12\/1765033284_284_83943529.webp\" width=\"686\" height=\"975\" title=\"IKON: For Carina var det ingen tvil om at det er pappa hun skal hylle n\u00e5r temaet er ikoner. Foto: Privat\" alt=\"\" class=\"\" style=\"--aspect-ratio-image: 0.70; \"\/><\/p>\n<p>\n          IKON: For Carina var det ingen tvil om at det er pappa hun skal hylle n\u00e5r temaet er ikoner. Foto: Privat\n      <\/p>\n<p>&#8211; Han synes det er kjempestas. Han har v\u00e6rt skikkelig investert i meg p\u00e5 \u00abSkal vi danse\u00bb, og er veldig stolt over at det har g\u00e5tt s\u00e5 bra og at vi har kommet s\u00e5 langt. Han heier og vil at vi skal g\u00e5 hele veien, s\u00e5 han synes det er stas \u00e5 kanskje kunne bidra til det.<\/p>\n<p>          <img loading=\"lazy\" decoding=\"async\" src=\"https:\/\/www.europesays.com\/no\/wp-content\/uploads\/2025\/12\/83942892.webp\" width=\"686\" height=\"460\" title=\"FULL POTT: Carina Dahl og Ole Thomas fikk full pott for sin wienervals under programmets julespesial. Foto: Jesper Malthus-Andersen \/ TV 2\" alt=\"\" class=\"\" style=\"--aspect-ratio-image: 1.49; \"\/><\/p>\n<p>\n          FULL POTT: Carina Dahl og Ole Thomas fikk full pott for sin wienervals under programmets julespesial. Foto: Jesper Malthus-Andersen \/ TV 2\n      <\/p>\n<p>L\u00f8rdag kveld inntas parketten av glitter og stas, glam og paljetter. Det er med andre ord lite som minner om rock. Det er imidlertid ikke noe problem for Diesel Dahl.<\/p>\n<p class=\"font-weight-bold m-font-weight-bold\" data-lab-font_weight=\"font-weight-bold\">&#8211; Han har v\u00e6rt og pr\u00f8vd kl\u00e6r og er helt med. Han sender meg bilder av at han har v\u00e6rt og pr\u00f8vd paljett-t-skjorter og alt mulig. At pappa skulle dukke opp i paljetter p\u00e5\u00a0\u00abSkal vi danse\u00bb hadde jeg aldri trodd, men han er s\u00e5 investert og gleder seg s\u00e5 mye, forteller Carina, som legger til at faren har g\u00e5tt til innkj\u00f8p av et splitter nytt trommesett for anledningen.\u00a0<\/p>\n<p>    <a itemprop=\"url\" href=\"https:\/\/www.dagbladet.no\/kjendis\/blir-skremt\/83874244\" rel=\"nofollow noopener\" target=\"_blank\"><\/p>\n<p>      <img loading=\"lazy\" decoding=\"async\" src=\"https:\/\/www.europesays.com\/no\/wp-content\/uploads\/2025\/12\/83874416.webp\" width=\"147\" height=\"98\" title=\"- Blir skremt\" alt=\"\" class=\"lazyload\" style=\"--aspect-ratio-image: 1.50; \"\/><\/p>\n<p>        &#8211; Blir skremt<\/p>\n<p>    <\/a><\/p>\n<p>Det er ikke bare far og datter som gleder seg til \u00e5 innta parketten sammen. Ogs\u00e5 for Ole Thomas blir det et stort \u00f8yeblikk.<\/p>\n<p>          <img loading=\"lazy\" decoding=\"async\" src=\"https:\/\/www.europesays.com\/no\/wp-content\/uploads\/2025\/12\/83942895.webp\" width=\"686\" height=\"453\" title=\"DUO: Ole Thomas og Carina gleder seg begge til \u00e5 hylle ikonet Morten \u00abDiesel\u00bb Dahl. Foto: Andreas Fadum \/ Se og H\u00f8r\" alt=\"\" class=\"\" style=\"--aspect-ratio-image: 1.51; \"\/><\/p>\n<p>\n          DUO: Ole Thomas og Carina gleder seg begge til \u00e5 hylle ikonet Morten \u00abDiesel\u00bb Dahl. Foto: Andreas Fadum \/ Se og H\u00f8r\n      <\/p>\n<p>&#8211; Jeg synes det er dritkult! Jeg synes l\u00e5ta er dritkul og jeg synes han er dritkul. Vi legger sjela i dette, fastsl\u00e5r proffdanseren.<\/p>\n<p>&#8211; Vi skal danse en kraftfull tango, s\u00e5 jeg m\u00e5 bare bruke all rockepoweren jeg har f\u00e5tt inn siden jeg ble f\u00f8dt. Og s\u00e5 tror jeg at det blir en veldig fin f\u00f8lelse etterp\u00e5 &#8211; og et utrolig fint minne \u00e5 ha delt sammen. Vi spiller ikke noe sammen til vanlig; vi har hver v\u00e5r karriere og hvert v\u00e5rt band, s\u00e5 det \u00e5 f\u00e5 spille sammen er ganske stort og unikt, sier Carina, og legger til:<\/p>\n<p>        FRIERBREV: Carina Dahl forteller at frierbrevene renner inn. Video: Kine Falch, Nora Skavhaug\/R\u00f8d L\u00f8per<\/p>\n<p class=\"font-weight-bold m-font-weight-bold\" data-lab-font_weight=\"font-weight-bold\">&#8211; Og s\u00e5 er jeg veldig takknemlig for at Ole forst\u00e5r hvor betydningsfullt dette er for pappa og meg.<\/p>\n<p class=\"font-weight-bold m-font-weight-bold\" data-lab-font_weight=\"font-weight-bold\"> \u00abSkal vi danse\u00bb sendes l\u00f8rdager p\u00e5 TV 2. <\/p>\n","protected":false},"excerpt":{"rendered":"Carina Dahl: I fjor feiret de jul p\u00e5 sykehuset og ante ikke hvordan det skulle g\u00e5. N\u00e5 skal&hellip;\n","protected":false},"author":2,"featured_media":105875,"comment_status":"","ping_status":"","sticky":false,"template":"","format":"standard","meta":{"footnotes":""},"categories":[58],"tags":[2288,71,479,13245,30,28,29,2280,72],"class_list":{"0":"post-105874","1":"post","2":"type-post","3":"status-publish","4":"format-standard","5":"has-post-thumbnail","7":"category-underholdning","8":"tag-carina-dahl","9":"tag-entertainment","10":"tag-kjendis","11":"tag-morten-diesel-dahl","12":"tag-no","13":"tag-norge","14":"tag-norway","15":"tag-skal-vi-danse","16":"tag-underholdning"},"share_on_mastodon":{"url":"https:\/\/pubeurope.com\/@no\/115673228410029252","error":""},"_links":{"self":[{"href":"https:\/\/www.europesays.com\/no\/wp-json\/wp\/v2\/posts\/105874","targetHints":{"allow":["GET"]}}],"collection":[{"href":"https:\/\/www.europesays.com\/no\/wp-json\/wp\/v2\/posts"}],"about":[{"href":"https:\/\/www.europesays.com\/no\/wp-json\/wp\/v2\/types\/post"}],"author":[{"embeddable":true,"href":"https:\/\/www.europesays.com\/no\/wp-json\/wp\/v2\/users\/2"}],"replies":[{"embeddable":true,"href":"https:\/\/www.europesays.com\/no\/wp-json\/wp\/v2\/comments?post=105874"}],"version-history":[{"count":0,"href":"https:\/\/www.europesays.com\/no\/wp-json\/wp\/v2\/posts\/105874\/revisions"}],"wp:featuredmedia":[{"embeddable":true,"href":"https:\/\/www.europesays.com\/no\/wp-json\/wp\/v2\/media\/105875"}],"wp:attachment":[{"href":"https:\/\/www.europesays.com\/no\/wp-json\/wp\/v2\/media?parent=105874"}],"wp:term":[{"taxonomy":"category","embeddable":true,"href":"https:\/\/www.europesays.com\/no\/wp-json\/wp\/v2\/categories?post=105874"},{"taxonomy":"post_tag","embeddable":true,"href":"https:\/\/www.europesays.com\/no\/wp-json\/wp\/v2\/tags?post=105874"}],"curies":[{"name":"wp","href":"https:\/\/api.w.org\/{rel}","templated":true}]}}