{"id":105888,"date":"2025-12-06T15:29:09","date_gmt":"2025-12-06T15:29:09","guid":{"rendered":"https:\/\/www.europesays.com\/no\/105888\/"},"modified":"2025-12-06T15:29:09","modified_gmt":"2025-12-06T15:29:09","slug":"formel-1-dramaet-fortsetter-verstappen-i-beste-startspor","status":"publish","type":"post","link":"https:\/\/www.europesays.com\/no\/105888\/","title":{"rendered":"Formel 1-dramaet fortsetter: Verstappen i beste startspor"},"content":{"rendered":"\n<p class=\"_lead_o9xde_2 _lead_xtcu6_50 layout-component text-serif-m layout-normal text-serif-l layout-component layout-wide layout-padded _wide_17hqh_1 layout-padded\">Det blir et bikkjeslagsm\u00e5l om VM-tittelen i Formel 1 s\u00f8ndag. Max Verstappen har beste startspor. Lando Norris og Oscar Piastri f\u00f8lger etter ham.<\/p>\n<p> <img class=\"_image_qp4xg_65 layout-component layout-wide\" data-fullscreen- data-track-element-type=\"Article image fullscreen\" data-track-name=\"ImageFullscreen\" fetchpriority=\"high\" decoding=\"sync\" loading=\"eager\" height=\"102\" itemprop=\"image\"  src=\"https:\/\/www.europesays.com\/no\/wp-content\/uploads\/2025\/12\/a6f0d15e646eeb6e51823c9b66a73b1c.jpg\"  style=\"object-position:50% 50%;aspect-ratio:1.75;height:auto;object-fit:cover;width:100%\" width=\"102\"\/>  <\/p>\n<ul aria-hidden=\"true\" class=\"_images_ntbth_112\">\n<li><a class=\"_link_ntbth_117\" href=\"https:\/\/www.vg.no\/forfatter\/ole-kristian-stroem\" style=\"z-index:1\" title=\"Ole Kristian Str\u00f8m\" rel=\"nofollow noopener\" target=\"_blank\"><img alt=\"Bilde av Ole Kristian Str\u00f8m\" class=\"_image_ntbth_93\" fetchpriority=\"low\" loading=\"lazy\" decoding=\"async\" itemprop=\"image\"  src=\"https:\/\/www.europesays.com\/no\/wp-content\/uploads\/2025\/12\/1765034948_795_1a7f53be-23c4-46e7-b45d-508c0e955d2a\"  width=\"480\"\/><\/a><\/li>\n<\/ul>\n<p> Oppdatert l\u00f8rdag 6. desember kl. 16:19     <\/p>\n<p class=\"_paragraph_o9xde_4 _paragraph_xtcu6_10 layout-component text-serif-m layout-normal text-serif-m layout-padded\">Hvis dette blir rekkef\u00f8lgen ogs\u00e5 i Abu Dhabi Grand Prix s\u00f8ndag, blir Norris verdensmester.<\/p>\n<p class=\"_paragraph_o9xde_4 _paragraph_xtcu6_10 layout-component text-serif-m layout-normal text-serif-m layout-padded\">Fortsatt kan <a href=\"https:\/\/www.vg.no\/tag\/lando-norris?utm_source=vg-article&amp;utm_medium=auto-tagger&amp;utm_campaign=2p1pPq\" class=\"_link_o9xde_39\" rel=\"nofollow noopener\" target=\"_blank\">Lando Norris<\/a> (408 poeng), Max Verstappen (396) og Oscar Piastri (392) alle vinne VM-gullet.<\/p>\n<p class=\"_paragraph_o9xde_4 _paragraph_xtcu6_10 layout-component text-serif-m layout-normal text-serif-m layout-padded\">\u2013 VM-kampen lever, fastsl\u00e5r Atle Gulbrandsen p\u00e5 Viaplay-sendingen.<\/p>\n<p class=\"_paragraph_o9xde_4 _paragraph_xtcu6_10 layout-component text-serif-m layout-normal text-serif-m layout-padded\"><strong class=\"_strong_o9xde_25\">De viktigste forutsetningene: <\/strong><\/p>\n<ul class=\"_list_o9xde_3 _list_xtcu6_9 _unordered_o9xde_106 layout-component text-serif-m layout-normal text-serif-m layout-padded\">\n<li class=\"_item_o9xde_30\">Om Norris ender p\u00e5 pallen, vil han bli verdensmester uansett hvordan det g\u00e5r med de to rivalene.<\/li>\n<li class=\"_item_o9xde_30\">Om Verstappen vinner l\u00f8pet, er han avhengig av at Norris blir nummer fire eller d\u00e5rligere for \u00e5 bli verdensmester.<\/li>\n<li class=\"_item_o9xde_30\">Dette er den mest spennende VM-avslutningen i Formel 1 p\u00e5 fire sesonger. Maksimalt antall poeng: 25.<\/li>\n<\/ul>\n<p><img alt=\"Disse tre kan alle vinne VM. Fra v.: Max Verstappen, Lando Norris og Oscar Piastri.  Foto: ALI HAIDER \/ EPA \/ NTB\" class=\"_image_qp4xg_65 layout-component layout-normal\" data-fullscreen- data-track-element-type=\"Article image fullscreen\" data-track-name=\"ImageFullscreen\" decoding=\"async\" loading=\"lazy\" height=\"1228\" itemprop=\"image\"  src=\"https:\/\/www.europesays.com\/no\/wp-content\/uploads\/2025\/12\/43a11730-ea40-41e6-910e-f2478c2ea4c1\"  style=\"object-position:0% 0%\" width=\"3390\"\/>Disse tre kan alle vinne VM. Fra v.: Max Verstappen, Lando Norris og Oscar Piastri.  Foto: ALI HAIDER \/ EPA \/ NTB<\/p>\n<p class=\"_paragraph_o9xde_4 _paragraph_xtcu6_10 layout-component text-serif-m layout-normal text-serif-m layout-padded\">\u2013 Det er ikke s\u00e5 lett \u00e5 kj\u00f8re forbi p\u00e5 denne banen, advarer Atle Gulbrandsen.<\/p>\n<p class=\"_paragraph_o9xde_4 _paragraph_xtcu6_10 layout-component text-serif-m layout-normal text-serif-m layout-padded\">Alt tyder p\u00e5 at McLaren-teamet vil gi teamordre til Piastri om han kan hjelpe Norris til \u00e5 ta VM-tittelen p\u00e5 bekostning av Verstappen.<\/p>\n<p class=\"_paragraph_o9xde_4 _paragraph_xtcu6_10 layout-component text-serif-m layout-normal text-serif-m layout-padded\"><a href=\"https:\/\/www.parcferme.no\/slik-kan-lando-sikre-eller-miste-vm-tittelen\/219592\" class=\"_link_o9xde_39\" rel=\"nofollow noopener\" target=\"_blank\">V\u00e5re kolleger i parcferme.no har laget en tittelkalkulator (ekstern lenke).<\/a><\/p>\n<p class=\"_paragraph_o9xde_4 _paragraph_xtcu6_10 layout-component text-serif-m layout-normal text-serif-m layout-padded\">\u2013 Disse to m\u00e5 holde seg unna hverandre s\u00f8ndag, sier Gulbrandsen \u2013 og viser til de to McLaren-f\u00f8rerne Norris og Piastri ikke m\u00e5 \u00f8delegge for hverandre.<\/p>\n<p class=\"_paragraph_o9xde_4 _paragraph_xtcu6_10 layout-component text-serif-m layout-normal text-serif-m layout-padded\">\u2013 Alt vi kan gj\u00f8re, er \u00e5 ligge f\u00f8rst, sier Verstappen og vet at han er avhengig av at ting ikke g\u00e5r p\u00e5 skinner for McLaren-f\u00f8rerne.<\/p>\n<p class=\"_paragraph_o9xde_4 _paragraph_xtcu6_10 layout-component text-serif-m layout-normal text-serif-m layout-padded\">Hamilton r\u00f8k ut i Q1 nok en gang. <\/p>\n<p class=\"_paragraph_o9xde_4 _paragraph_xtcu6_10 layout-component text-serif-m layout-normal text-serif-m layout-padded\">\u2013 Det er godt denne sesongen snart er over for Lewis Hamilton. Det har v\u00e6rt et mareritt siden han kom til Ferrari, sier Gulbrandsen p\u00e5 Viaplay-sendingen.<\/p>\n<p class=\"_paragraph_o9xde_4 _paragraph_xtcu6_10 layout-component text-serif-m layout-normal text-serif-m layout-padded\">Teamkollega Charles Leclerc var langt bedre. Han ble nummer fem.<\/p>\n<p class=\"_paragraph_o9xde_4 _paragraph_xtcu6_10 layout-component text-serif-m layout-normal text-serif-m layout-padded\">PS: Isack Hadjar tar over plassen til Yuki Tsunoda hos Red Bull for 2026-sesongen, og blir dermed Max Verstappens teamkamerat.<\/p>\n","protected":false},"excerpt":{"rendered":"Det blir et bikkjeslagsm\u00e5l om VM-tittelen i Formel 1 s\u00f8ndag. Max Verstappen har beste startspor. Lando Norris og&hellip;\n","protected":false},"author":2,"featured_media":105889,"comment_status":"","ping_status":"","sticky":false,"template":"","format":"standard","meta":{"footnotes":""},"categories":[59],"tags":[2026,4627,4626,30,28,29,83,82],"class_list":{"0":"post-105888","1":"post","2":"type-post","3":"status-publish","4":"format-standard","5":"has-post-thumbnail","7":"category-sport","8":"tag-formel-1","9":"tag-lando-norris","10":"tag-max-verstappen","11":"tag-no","12":"tag-norge","13":"tag-norway","14":"tag-sport","15":"tag-sports"},"share_on_mastodon":{"url":"https:\/\/pubeurope.com\/@no\/115673337905126861","error":""},"_links":{"self":[{"href":"https:\/\/www.europesays.com\/no\/wp-json\/wp\/v2\/posts\/105888","targetHints":{"allow":["GET"]}}],"collection":[{"href":"https:\/\/www.europesays.com\/no\/wp-json\/wp\/v2\/posts"}],"about":[{"href":"https:\/\/www.europesays.com\/no\/wp-json\/wp\/v2\/types\/post"}],"author":[{"embeddable":true,"href":"https:\/\/www.europesays.com\/no\/wp-json\/wp\/v2\/users\/2"}],"replies":[{"embeddable":true,"href":"https:\/\/www.europesays.com\/no\/wp-json\/wp\/v2\/comments?post=105888"}],"version-history":[{"count":0,"href":"https:\/\/www.europesays.com\/no\/wp-json\/wp\/v2\/posts\/105888\/revisions"}],"wp:featuredmedia":[{"embeddable":true,"href":"https:\/\/www.europesays.com\/no\/wp-json\/wp\/v2\/media\/105889"}],"wp:attachment":[{"href":"https:\/\/www.europesays.com\/no\/wp-json\/wp\/v2\/media?parent=105888"}],"wp:term":[{"taxonomy":"category","embeddable":true,"href":"https:\/\/www.europesays.com\/no\/wp-json\/wp\/v2\/categories?post=105888"},{"taxonomy":"post_tag","embeddable":true,"href":"https:\/\/www.europesays.com\/no\/wp-json\/wp\/v2\/tags?post=105888"}],"curies":[{"name":"wp","href":"https:\/\/api.w.org\/{rel}","templated":true}]}}