{"id":105892,"date":"2025-12-06T15:35:23","date_gmt":"2025-12-06T15:35:23","guid":{"rendered":"https:\/\/www.europesays.com\/no\/105892\/"},"modified":"2025-12-06T15:35:23","modified_gmt":"2025-12-06T15:35:23","slug":"iversen-med-monsterlop-for-alvor-i-ol-kampen","status":"publish","type":"post","link":"https:\/\/www.europesays.com\/no\/105892\/","title":{"rendered":"Iversen med monsterl\u00f8p: &#8211; For alvor i OL-kampen"},"content":{"rendered":"<p>Det m\u00e5tte en god gammeldags massespurt til for k\u00e5re vinneren av l\u00f8rdagens 20-kilometer skiathlon i Trondheim.<\/p>\n<p>Der var Kl\u00e6bo nok en gang best.<\/p>\n<p>\u2013 Jeg er nesten mer glad for Emil sin tredjeplass enn for min egen seier. Det sier jo litt, innr\u00f8mmer Kl\u00e6bo til TV 2.<\/p>\n<p>        <img class=\"image__img lazyload\" itemprop=\"image\" title=\"Foto: Geir Olsen \/ NTB\" alt=\"VERDENSCUPSEIER NUMMER 101: Ingen kunne gj\u00f8re noe med Trondheims-gutten denne gangen heller. Foto: Geir Olsen \/ NTB\" width=\"978\" height=\"551\" bad-src=\"https:\/\/www.europesays.com\/no\/wp-content\/uploads\/2025\/12\/18358359.webp\" fetchpriority=\"auto\" \/><\/p>\n<p>      VERDENSCUPSEIER NUMMER 101: Ingen kunne gj\u00f8re noe med Trondheims-gutten denne gangen heller.<br \/>\n         Foto: Geir Olsen \/ NTB<\/p>\n<p class=\"bold m-bold\" data-lab-font_weight=\"bold\">For Emil Iversen ble rennet nemlig en gedigen opptur.<\/p>\n<p data-lab-font_weight=\"\">34-\u00e5ringen fikk kontakt med Kl\u00e6bo og Harald \u00d8stberg Amundsen ned mot siste utforbakke, og endte som nummer tre.<\/p>\n<p data-lab-font_weight=\"\">\u2013 Det er helt uvirkelig. Jeg skj\u00f8nner nesten ikke at det er mulig, det som har skjedd den siste uken. To seiere p\u00e5 G\u00e5l\u00e5, f\u00e5 g\u00e5 her med knallhard konkurranse og t\u00f8ff l\u00f8ype. Jeg har ikke g\u00e5tt mye verdenscup og er litt rusten i felt, men jeg er en seig faen, og det vet jeg, gliser Iversen.<\/p>\n<p>        <img class=\"image__img lazyload\" itemprop=\"image\" title=\"Foto: Geir Olsen \/ NTB\" alt=\"JUBLET AV GLEDE: Mer\u00e5ker-gutten var str\u00e5lende forn\u00f8yd etter rennet. Foto: Geir Olsen \/ NTB\" width=\"675\" height=\"379\" bad-src=\"https:\/\/www.europesays.com\/no\/wp-content\/uploads\/2025\/12\/18358342.webp\" fetchpriority=\"auto\" \/><\/p>\n<p>      JUBLET AV GLEDE: Mer\u00e5ker-gutten var str\u00e5lende forn\u00f8yd etter rennet.<br \/>\n         Foto: Geir Olsen \/ NTB<\/p>\n<p data-lab-font_weight=\"\">Det var Iversens f\u00f8rste individuelle pallplass i verdenscupen p\u00e5 nesten fem \u00e5r \u2013 23. januar 2021 var han p\u00e5 podiet sist.<\/p>\n<p data-lab-font_weight=\"\">\u2013 Jeg er j\u00e6vla god til \u00e5 g\u00e5 p\u00e5 ski n\u00e5r ting klaffer. Da tar jeg bare ting p\u00e5 instinkt og gj\u00f8r det jeg har troen p\u00e5 der og da. Med fanklubben oppi bakken der, s\u00e5 blir jeg l\u00f8ftet frem p\u00e5 slutten og plutselig er jeg nummer tre i m\u00e5l, fortsetter dagens tredje raskeste l\u00f8per.<\/p>\n<p data-lab-font_weight=\"\">\u2013 Den soleklart mest forn\u00f8yde ble nummer tre. Du ser hvor mye det betyr for han og teamet rundt. Dette er idrettsglede p\u00e5 sitt beste, sier TV 2s langrennsekspert Petter Skinstad.<\/p>\n<p data-lab-font_weight=\"\">Han fortsetter:<\/p>\n<p data-lab-font_weight=\"bold\" class=\"bold m-bold\">\u2013 Iversen melder seg for alvor p\u00e5 i OL-kampen etter \u00e5 ha f\u00f8rst blitt vraket til Ruka.<\/p>\n<p data-lab-font_weight=\"\">Iversen m\u00e5tte st\u00e5 over forrige helgs verdenscup i finske Ruka.\u00a0<\/p>\n<p data-lab-font_weight=\"\"><a href=\"https:\/\/www.tv2.no\/sport\/vintersport\/iversen-knuste-rivalen-en-enorm-langfinger\/18337845\/\" rel=\"nofollow noopener\" target=\"_blank\">Dermed gikk han skandinavisk cup p\u00e5 G\u00e5l\u00e5, der han viste gryende form og slo til med seier p\u00e5 20-kilometeren.<\/a><\/p>\n<p data-lab-font_weight=\"\">\u2013 Det ble litt t\u00e5rer. Men jeg er egentlig litt mindre r\u00f8rt enn jeg hadde tenkt. De siste \u00e5rene har jeg trivdes veldig godt og hatt det veldig bra med \u00e5 v\u00e6re skil\u00f8per, men det er selvf\u00f8lgelig veldig godt \u00e5 begynne \u00e5 f\u00e5 litt medvind, utdyper Iversen.<\/p>\n<p>\u00c5ttedobbelt (!) norsk<\/p>\n<p data-lab-font_weight=\"\">Nordmennene tapetserte topplasseringene i Gran\u00e5sen \u2013 hele \u00e5tte nordmenn kom over m\u00e5lstreken f\u00f8r f\u00f8rste utlending.\u00a0<\/p>\n<p data-lab-font_weight=\"\">Mika Vermeulen fra \u00d8sterrike ble nummer ni.<\/p>\n<p>        <img class=\"image__img lazyload\" itemprop=\"image\" title=\"Foto: Geir Olsen \/ NTB\" alt=\"TRIPPEL NORSK: Harald \u00d8stberg Amundsen, Johannes H\u00f8sflot Kl\u00e6bo og Emil Iversen. Foto: Geir Olsen \/ NTB\" width=\"978\" height=\"551\" bad-src=\"https:\/\/www.europesays.com\/no\/wp-content\/uploads\/2025\/12\/18358361.webp\" fetchpriority=\"auto\" \/><\/p>\n<p>      TRIPPEL NORSK: Harald \u00d8stberg Amundsen, Johannes H\u00f8sflot Kl\u00e6bo og Emil Iversen.<br \/>\n         Foto: Geir Olsen \/ NTB<\/p>\n<p data-lab-font_weight=\"\">\u2013 Fy flate, det var moro! Jeg var litt usikker p\u00e5 sisterunden, for jeg synes han var litt langt bak og vet hvor mye posisjonering har \u00e5 si mot slutten. Men han klarte \u00e5 komme seg fram p\u00e5 slutten der, og da er han hard \u00e5 sl\u00e5 i en spurt, sier landslagstrener Eirik Myhr Nossum etter \u00e5 ha sett 34-\u00e5ringen sl\u00e5 ordentlig tilbake.\u00a0<\/p>\n<p data-lab-font_weight=\"\">Treneren hyller jubelscenene til Iversen.<\/p>\n<p data-lab-font_weight=\"\">\u2013 Han var f\u00f8dt og oppvokst p\u00e5 pallen en stund, ogs\u00e5 har han v\u00e6rt ute av det. Det er veldig bra \u00e5 se at han er tilbake.\u00a0<\/p>\n<p data-lab-font_weight=\"\"> \u2013 Hva tenker du n\u00e5 om at han ikke gikk i Ruka?<\/p>\n<p data-lab-font_weight=\"\">\u2013 Jeg tenker det var en fryktelig klok avgj\u00f8relse. Da hadde det v\u00e6rt vanskelig \u00e5 v\u00e6re p\u00e5 start her.<\/p>\n<p data-lab-font_weight=\"\" class=\"italic m-italic\" data-lab-italic=\"italic\">\u2013 Dere gjorde ham en tjeneste?<\/p>\n<p data-lab-font_weight=\"\">\u2013 Det skulle godt gj\u00f8res \u00e5 ha hatt ham med her uten noe sk\u00f8yteresultat i hvert fall. Det fikk han p\u00e5 G\u00e5l\u00e5.\u00a0<\/p>\n<p data-lab-font_weight=\"bold\" class=\"bold m-bold\">\u2013 Dette er bedre enn det han har gjort de siste fem \u00e5rene, er dommen til landslagstreneren.<\/p>\n<p>\u2013 Dramaturgi av beste merke<\/p>\n<p>Pappa Ole Morten Iversen var naturligvis henrykt over s\u00f8nnens store prestasjon.<\/p>\n<p>\u2013 Det var ulidelig spennende. Jeg ble overraska da jeg s\u00e5 han l\u00e5 i tet p\u00e5 sisterunden, jeg synes han slet p\u00e5 sk\u00f8ytedelen. Det var veldig artig. Jeg er stolt, sier pappa Iversen til TV 2.<\/p>\n<p data-lab-font_weight=\"\">Erik Valnes, som ble nummer seks, unner lagkompisen oppturen.\u00a0<\/p>\n<p data-lab-font_weight=\"\"> \u2013 Det er velfortjent. Jeg tror han har v\u00e6rt en bedre skil\u00f8per de siste \u00e5rene enn han har f\u00e5tt vist i verdenscupen, sier Valnes.\u00a0<\/p>\n<p data-lab-font_weight=\"\" class=\"italic m-italic\" data-lab-italic=\"italic\">\u2013 Forrige helg var han for gammel?<\/p>\n<p data-lab-font_weight=\"\">\u2013 Hadde han v\u00e6rt i Ruka, hadde han mest sannsynligvis ikke g\u00e5tt her. Alt i alt, ble det ganske bra for ham til slutt. Kjempehelg p\u00e5 G\u00e5l\u00e5 og kjempehelg her, og masse omtale i media. Det liker jo ham. Det ble jo en fantastisk historie for ham. Dramaturgi av beste merke, ler Valnes <\/p>\n<p data-lab-font_weight=\"bold\" class=\"bold m-bold\">Kl\u00e6bo mener tr\u00f8nder-kompisen har tatt konkrete grep n\u00e5r det gjelder b\u00e5de s\u00f8vn, kosthold og trening.<\/p>\n<p data-lab-font_weight=\"\">\u2013 Jeg synes det er veldig fortjent \u00e5 se at han f\u00e5r betalt for den jobben han har gjort. Jeg kjenner Emil fra tidligere og vet hva han har trent, spist og sovet. De tingene vi har endret p\u00e5 n\u00e5, det har gjort forskjeller, mener Kl\u00e6bo.<\/p>\n<p data-lab-font_weight=\"\">I morgen skal gutta g\u00e5 10 kilometer fri teknikk med individuell start.<\/p>\n","protected":false},"excerpt":{"rendered":"Det m\u00e5tte en god gammeldags massespurt til for k\u00e5re vinneren av l\u00f8rdagens 20-kilometer skiathlon i Trondheim. Der var&hellip;\n","protected":false},"author":2,"featured_media":105893,"comment_status":"","ping_status":"","sticky":false,"template":"","format":"standard","meta":{"footnotes":""},"categories":[5],"tags":[20,21,24,25,15,19,22,23,17,18,13,30,28,29,14,16,26,27],"class_list":{"0":"post-105892","1":"post","2":"type-post","3":"status-publish","4":"format-standard","5":"has-post-thumbnail","7":"category-overskrifter","8":"tag-breaking-news","9":"tag-breakingnews","10":"tag-featured-news","11":"tag-featurednews","12":"tag-headlines","13":"tag-hovedoppslag","14":"tag-latest-news","15":"tag-latestnews","16":"tag-main-news","17":"tag-mainnews","18":"tag-news","19":"tag-no","20":"tag-norge","21":"tag-norway","22":"tag-nyheter","23":"tag-overskrifter","24":"tag-top-stories","25":"tag-topstories"},"share_on_mastodon":{"url":"https:\/\/pubeurope.com\/@no\/115673361789778987","error":""},"_links":{"self":[{"href":"https:\/\/www.europesays.com\/no\/wp-json\/wp\/v2\/posts\/105892","targetHints":{"allow":["GET"]}}],"collection":[{"href":"https:\/\/www.europesays.com\/no\/wp-json\/wp\/v2\/posts"}],"about":[{"href":"https:\/\/www.europesays.com\/no\/wp-json\/wp\/v2\/types\/post"}],"author":[{"embeddable":true,"href":"https:\/\/www.europesays.com\/no\/wp-json\/wp\/v2\/users\/2"}],"replies":[{"embeddable":true,"href":"https:\/\/www.europesays.com\/no\/wp-json\/wp\/v2\/comments?post=105892"}],"version-history":[{"count":0,"href":"https:\/\/www.europesays.com\/no\/wp-json\/wp\/v2\/posts\/105892\/revisions"}],"wp:featuredmedia":[{"embeddable":true,"href":"https:\/\/www.europesays.com\/no\/wp-json\/wp\/v2\/media\/105893"}],"wp:attachment":[{"href":"https:\/\/www.europesays.com\/no\/wp-json\/wp\/v2\/media?parent=105892"}],"wp:term":[{"taxonomy":"category","embeddable":true,"href":"https:\/\/www.europesays.com\/no\/wp-json\/wp\/v2\/categories?post=105892"},{"taxonomy":"post_tag","embeddable":true,"href":"https:\/\/www.europesays.com\/no\/wp-json\/wp\/v2\/tags?post=105892"}],"curies":[{"name":"wp","href":"https:\/\/api.w.org\/{rel}","templated":true}]}}