{"id":105896,"date":"2025-12-06T15:37:11","date_gmt":"2025-12-06T15:37:11","guid":{"rendered":"https:\/\/www.europesays.com\/no\/105896\/"},"modified":"2025-12-06T15:37:11","modified_gmt":"2025-12-06T15:37:11","slug":"janne-formoe-brudd-janne-formoe-om-janneloven-jeg-har-snubla-sa-mye-i-livet","status":"publish","type":"post","link":"https:\/\/www.europesays.com\/no\/105896\/","title":{"rendered":"Janne Formoe, Brudd | Janne Formoe om \u00abJanneloven\u00bb: \u2013 Jeg har snubla s\u00e5 mye i livet"},"content":{"rendered":"\n<p>\u2013 Jeg har opplevd brudd og kj\u00e6rlighetssorg, og st\u00e5tt i flere utfordringer. N\u00e5 vil jeg pr\u00f8ve \u00e5 f\u00e5 kvinner til \u00e5 tenke: Jeg skal gi litt mer F, og ikke v\u00e6re s\u00e5 redd for \u00e5 tr\u00e5 feil, sier Formoe til Nettavisen.<\/p>\n<p>Med showet \u00abJanneloven\u00bb legger hun kortene p\u00e5 bordet, utleverer egne erfaringer og lar b\u00e5de humor og alvor prege kvelden. Etter en h\u00f8stturn\u00e9 med stopp over hele landet, tar hun n\u00e5 en kort julepause f\u00f8r hun legger ut p\u00e5 en ny runde.<\/p>\n<p><b>Les ogs\u00e5: <a href=\"https:\/\/www.nettavisen.no\/kjendis\/janne-formoe-leder-nytt-sex-program-pa-tv\/s\/5-95-2762489\" rel=\"Follow nofollow noopener\" target=\"_blank\">Janne Formoe leder nytt sex-program p\u00e5 TV<\/a><\/b><\/p>\n<p>For Formoe er dette noe helt nytt. Tidligere har hun turnert med ensemble og teaterstykker, men aldri alene med sitt eget materiale.<\/p>\n<p>\u2013 Det er f\u00f8rste gang jeg gj\u00f8r dette alene i voksen alder. Jeg har skrevet det selv, med litt hjelp, men det er min historie og min reise. Og s\u00e5 er det jo alltid det: Tenk hvis ingen liker det! Men det har v\u00e6rt fantastisk \u00e5 bli s\u00e5 godt mottatt, forteller hun.<\/p>\n<p>   <img decoding=\"async\" width=\"6122\" height=\"4083\" fetchpriority=\"low\"  loading=\"lazy\"  src=\"https:\/\/www.europesays.com\/no\/wp-content\/uploads\/2025\/12\/4Y2A8190.jpg\" alt=\"\" class=\"brick-c-cFOWSL\" style=\"--brick-image-ratio: 6122 \/ 4083;\"\/><\/p>\n<p>      DELER \u00c6RLIG: Janne Formoe p\u00e5 scenen med \u00abJanneloven\u00bb, et show der hun deler historier fra sitt eget liv med b\u00e5de humor og alvor.<br \/>\n      Foto: PLAN B\n    <\/p>\n<p>  \u2013 Du kan faktisk le av ditt eget kj\u00e6rlighetsliv<\/p>\n<p>Showets tittel, \u00abJanneloven\u00bb, spiller p\u00e5 alle de usynlige reglene vi b\u00e6rer med oss, sm\u00e5 jantelover i hverdagen som kan hindre oss i \u00e5 leve fullt ut. <\/p>\n<p>P\u00e5 scenen snakker Formoe om hvordan man kan bryte ned disse reglene p\u00e5 en morsom m\u00e5te, samtidig som hun tar opp temaer som kj\u00e6rlighetssorg og overgangsalder.<\/p>\n<p>\u2013 Det er mye komikk i det. Du kan faktisk le av ditt eget kj\u00e6rlighetsliv, i hvert fall mitt. Og overgangsalder kan v\u00e6re vanskelig, men ogs\u00e5 noe man kan finne humor i. Jeg pr\u00f8ver \u00e5 l\u00f8fte kvinner og deres styrke, sier hun.<\/p>\n<p>   <img decoding=\"async\" width=\"4284\" height=\"3101\" fetchpriority=\"low\"  loading=\"lazy\"  src=\"https:\/\/www.europesays.com\/no\/wp-content\/uploads\/2025\/12\/Uten+tittel.jpg\" alt=\"\" class=\"brick-c-cFOWSL\" style=\"--brick-image-ratio: 4284 \/ 3101;\"\/><\/p>\n<p>      OVERGANGSALDER: Janne Formoe kom if\u00f8lge seg selv tidlig i overgangsalderen, p\u00e5 et tidspunkt da det knapt var et tema som ble omtalt.<br \/>\n      Foto: Philip Haglund (Nettavisen)\n    <\/p>\n<p>Gjennom showet h\u00e5per hun publikum tar med seg mer enn bare latter. Hun \u00f8nsker at kvinner skal t\u00f8rre \u00e5 gi litt mer F i livet og ikke v\u00e6re s\u00e5 redd for \u00e5 tr\u00e5 feil.<\/p>\n<p>\u2013 Jeg har snubla s\u00e5 mye i livet, men det g\u00e5r bra. Man m\u00e5 bare trekke fra de blondegardinene og st\u00e5 i den man er og v\u00e6re stolt av det, sier hun med et smil.<\/p>\n<p>   <img decoding=\"async\" width=\"6122\" height=\"4083\" fetchpriority=\"low\"  loading=\"lazy\"  src=\"https:\/\/www.europesays.com\/no\/wp-content\/uploads\/2025\/12\/4Y2A8214.jpg\" alt=\"\" class=\"brick-c-cFOWSL\" style=\"--brick-image-ratio: 6122 \/ 4083;\"\/><\/p>\n<p>      UTFORDRER JANTELOVEN: Janne Formoe oppfordrer kvinner til \u00e5 ikke v\u00e6re redd for \u00e5 tr\u00e5 feil i showet sitt \u00abJannel\u00e5ven\u00bb.<br \/>\n      Foto: PLAN B\n    <\/p>\n<p>  Kom \u00abtidlig\u00bb i overgangsalderen<\/p>\n<p>\u00c5 st\u00e5 alene p\u00e5 scenen med sitt eget liv som tema er b\u00e5de skummelt og frigj\u00f8rende. Formoe utleverer ingen andre enn seg selv, og deler blant annet personlige erfaringer som brudd og tidlig overgangsalder.<\/p>\n<p>Hun var bare 38 \u00e5r da hun opplevde dette, et tema som den gang var lite omtalt.<\/p>\n<p>\u2013 Jeg kom i overgangsalderen da jeg var 38, som er veldig, veldig tidlig. Og den gangen var det ingen som snakka om overgangsalder, heldigvis er det blitt litt mer vanlig n\u00e5, sier hun.<\/p>\n<p>\u2013 F\u00f8rst var det veldig skamfullt, men n\u00e5 er det deilig. N\u00e5r damer blir litt eldre og \u00f8strogenniv\u00e5et faller, begynner vi \u00e5 ta mer plass, og det er fantastisk, sier hun med latter og glimt i \u00f8yet.<\/p>\n<p><b>Les ogs\u00e5: <\/b><b><a href=\"https:\/\/www.nettavisen.no\/kjendis\/janne-formoe-om-savnet-gikk-rundt-og-ryddet-og-grat\/s\/5-95-2082655\" rel=\"Follow nofollow noopener\" target=\"_blank\">\u00c5pner opp om savnet: \u2013 Gikk rundt og ryddet og gr\u00e5t<\/a><\/b><\/p>\n<p>Samtidig innr\u00f8mmer hun at det har v\u00e6rt skummelt \u00e5 \u00e5pne seg for publikum, med frykt for at folk skulle oppfatte det som selvopptatt eller kjedelig.<\/p>\n<p>\u2013 Man blir jo redd for at folk skal tenke at det ikke er noe morsomt i det hele tatt.<\/p>\n<p>   <img decoding=\"async\" width=\"6122\" height=\"4083\" fetchpriority=\"low\"  loading=\"lazy\"  src=\"https:\/\/www.europesays.com\/no\/wp-content\/uploads\/2025\/12\/4Y2A8243.jpg\" alt=\"\" class=\"brick-c-cFOWSL\" style=\"--brick-image-ratio: 6122 \/ 4083;\"\/><\/p>\n<p>      TRAGIKOMISK: Janne Formoe viser at det g\u00e5r an \u00e5 le av selv de t\u00f8ffeste erfaringene.<br \/>\n      Foto: PLAN B\n    <\/p>\n<p>  \u2013 Livet blir jo aldri s\u00e5nn som vi ser for oss<\/p>\n<p>Formoe har hatt en klar m\u00e5lsetning om \u00e5 balansere humor og alvor uten \u00e5 bli for \u00absosialpornografisk\u00bb eller vulg\u00e6r. Hun vil at det hun deler skal v\u00e6re sant, ekte og gjenkjennbart for alle, uansett hvem man er.<\/p>\n<p>Livet f\u00f8lger sjelden den stien vi tror vi skal g\u00e5, og p\u00e5 scenen lar hun b\u00e5de fall og triumfer bli til komikk.<\/p>\n<p>\u2013 Livet blir jo aldri s\u00e5nn som vi ser for oss. Det er alltid s\u00e5r og utfordringer underveis som ikke er s\u00e5 lette, og det kan vi le litt av sammen, sier hun.<\/p>\n<p>   <img decoding=\"async\" width=\"6000\" height=\"4000\" fetchpriority=\"low\"  loading=\"lazy\"  src=\"https:\/\/www.europesays.com\/no\/wp-content\/uploads\/2025\/12\/5_95_705664+Janne+Formoe1+tatt+av+Tuva+L%C3%B8land.JPG\" alt=\"\" class=\"brick-c-cFOWSL\" style=\"--brick-image-ratio: 6000 \/ 4000;\"\/><\/p>\n<p>      BEGGE DELER: Janne Formoe liker \u00e5 holde seg privat, samtidig som hun f\u00f8ler seg som en \u00e5pen bok.<br \/>\n      Foto: Tuva Mathilde L\u00f8land (Nettavisen)\n    <\/p>\n<p>Selv om 50-\u00e5ringen har tatt seg juleferie fra turneen, vender hun tilbake allerede p\u00e5 ny\u00e5ret med flere forestillinger i forskjellige byer i Norge.<\/p>\n<p>Formoe blir blant annet \u00e5 se i Trondheim, Mandal, N\u00f8tter\u00f8y og Drammen v\u00e5ren 2026. Turneen fortsetter ogs\u00e5 utover h\u00f8sten 2026.<\/p>\n<p>\u2013 8. mars skal vi feire kvinnedagen p\u00e5 Nye Hjorten Teater. Det blir en stor greie, s\u00e5 da m\u00e5 alle tr\u00f8ndere ta p\u00e5 seg finstasen og komme seg ut p\u00e5 teatret!<\/p>\n","protected":false},"excerpt":{"rendered":"\u2013 Jeg har opplevd brudd og kj\u00e6rlighetssorg, og st\u00e5tt i flere utfordringer. N\u00e5 vil jeg pr\u00f8ve \u00e5 f\u00e5&hellip;\n","protected":false},"author":2,"featured_media":105897,"comment_status":"","ping_status":"","sticky":false,"template":"","format":"standard","meta":{"footnotes":""},"categories":[58],"tags":[71,30,28,29,72],"class_list":{"0":"post-105896","1":"post","2":"type-post","3":"status-publish","4":"format-standard","5":"has-post-thumbnail","7":"category-underholdning","8":"tag-entertainment","9":"tag-no","10":"tag-norge","11":"tag-norway","12":"tag-underholdning"},"share_on_mastodon":{"url":"https:\/\/pubeurope.com\/@no\/115673369506067289","error":""},"_links":{"self":[{"href":"https:\/\/www.europesays.com\/no\/wp-json\/wp\/v2\/posts\/105896","targetHints":{"allow":["GET"]}}],"collection":[{"href":"https:\/\/www.europesays.com\/no\/wp-json\/wp\/v2\/posts"}],"about":[{"href":"https:\/\/www.europesays.com\/no\/wp-json\/wp\/v2\/types\/post"}],"author":[{"embeddable":true,"href":"https:\/\/www.europesays.com\/no\/wp-json\/wp\/v2\/users\/2"}],"replies":[{"embeddable":true,"href":"https:\/\/www.europesays.com\/no\/wp-json\/wp\/v2\/comments?post=105896"}],"version-history":[{"count":0,"href":"https:\/\/www.europesays.com\/no\/wp-json\/wp\/v2\/posts\/105896\/revisions"}],"wp:featuredmedia":[{"embeddable":true,"href":"https:\/\/www.europesays.com\/no\/wp-json\/wp\/v2\/media\/105897"}],"wp:attachment":[{"href":"https:\/\/www.europesays.com\/no\/wp-json\/wp\/v2\/media?parent=105896"}],"wp:term":[{"taxonomy":"category","embeddable":true,"href":"https:\/\/www.europesays.com\/no\/wp-json\/wp\/v2\/categories?post=105896"},{"taxonomy":"post_tag","embeddable":true,"href":"https:\/\/www.europesays.com\/no\/wp-json\/wp\/v2\/tags?post=105896"}],"curies":[{"name":"wp","href":"https:\/\/api.w.org\/{rel}","templated":true}]}}