{"id":105898,"date":"2025-12-06T15:42:19","date_gmt":"2025-12-06T15:42:19","guid":{"rendered":"https:\/\/www.europesays.com\/no\/105898\/"},"modified":"2025-12-06T15:42:19","modified_gmt":"2025-12-06T15:42:19","slug":"elsparkesykkel-ulykker-minst-186-ungdommer-under-16-ar-til-legevakta-i-oslo-etter-sparkesykkelulykker-i-ar","status":"publish","type":"post","link":"https:\/\/www.europesays.com\/no\/105898\/","title":{"rendered":"Elsparkesykkel, Ulykker | Minst 186 ungdommer under 16 \u00e5r til legevakta i Oslo etter sparkesykkelulykker i \u00e5r"},"content":{"rendered":"\n<p>Sv\u00e6rt mange ungdommer i Oslo har skadet seg p\u00e5 elsparkesykkel i \u00e5r. N\u00e5 sl\u00e5r overlege alarm og ber om h\u00f8yere aldersgrense.<\/p>\n<p> 55 ganger har 15-\u00e5ringer kommet til Oslo skadelegevakt etter ulykker med elsparkesykler i \u00e5r. 14-\u00e5ringene kommer som nummer to, med 50 bes\u00f8k, skriver <a href=\"https:\/\/www.vg.no\/nyheter\/i\/gwXG4L\/elsparkesykkel-ulykker-15-aaringer-topper-listene\" rel=\"nofollow noopener\" target=\"_blank\">VG<\/a>.<\/p>\n<p>Ogs\u00e5 12- og 13-\u00e5ringene kommer h\u00f8yt opp p\u00e5 lista, med henholdsvis 43 og 38 turer p\u00e5 skadelegevakten.<\/p>\n<p>\u2013 Jeg synes det er rart at vi er s\u00e5pass liberale med elsparkesykler, sier overlege Henrik Siverts ved Oslo skadelegevakt.<\/p>\n<p>Overlegen p\u00e5peker at det b\u00e5de er aldersgrense p\u00e5 16 \u00e5r og hjelmp\u00e5bud for bruk av moped.<\/p>\n<p>P\u00e5 elsparkesykkel er det 12 \u00e5rs aldersgrense, og hjelmp\u00e5bud fram til fylte 15 \u00e5r.<\/p>\n<p>\u2013 Dette er personer som kj\u00f8rer rundt i trafikken med motoriserte kj\u00f8ret\u00f8y, uten trafikkoppl\u00e6ring. Det er ikke greit at unge mennesker skader seg og muligens f\u00e5r varige m\u00e9n av et kj\u00f8ret\u00f8y de kanskje ikke burde brukt i det hele tatt, sier Siverts.<\/p>\n<p>(\u00a9NTB)<\/p>\n","protected":false},"excerpt":{"rendered":"Sv\u00e6rt mange ungdommer i Oslo har skadet seg p\u00e5 elsparkesykkel i \u00e5r. N\u00e5 sl\u00e5r overlege alarm og ber&hellip;\n","protected":false},"author":2,"featured_media":105899,"comment_status":"","ping_status":"","sticky":false,"template":"","format":"standard","meta":{"footnotes":""},"categories":[10],"tags":[20,21,24,25,15,22,23,13,30,28,29,14,16,26,27],"class_list":{"0":"post-105898","1":"post","2":"type-post","3":"status-publish","4":"format-standard","5":"has-post-thumbnail","7":"category-norge","8":"tag-breaking-news","9":"tag-breakingnews","10":"tag-featured-news","11":"tag-featurednews","12":"tag-headlines","13":"tag-latest-news","14":"tag-latestnews","15":"tag-news","16":"tag-no","17":"tag-norge","18":"tag-norway","19":"tag-nyheter","20":"tag-overskrifter","21":"tag-top-stories","22":"tag-topstories"},"share_on_mastodon":{"url":"https:\/\/pubeurope.com\/@no\/115673389001022560","error":""},"_links":{"self":[{"href":"https:\/\/www.europesays.com\/no\/wp-json\/wp\/v2\/posts\/105898","targetHints":{"allow":["GET"]}}],"collection":[{"href":"https:\/\/www.europesays.com\/no\/wp-json\/wp\/v2\/posts"}],"about":[{"href":"https:\/\/www.europesays.com\/no\/wp-json\/wp\/v2\/types\/post"}],"author":[{"embeddable":true,"href":"https:\/\/www.europesays.com\/no\/wp-json\/wp\/v2\/users\/2"}],"replies":[{"embeddable":true,"href":"https:\/\/www.europesays.com\/no\/wp-json\/wp\/v2\/comments?post=105898"}],"version-history":[{"count":0,"href":"https:\/\/www.europesays.com\/no\/wp-json\/wp\/v2\/posts\/105898\/revisions"}],"wp:featuredmedia":[{"embeddable":true,"href":"https:\/\/www.europesays.com\/no\/wp-json\/wp\/v2\/media\/105899"}],"wp:attachment":[{"href":"https:\/\/www.europesays.com\/no\/wp-json\/wp\/v2\/media?parent=105898"}],"wp:term":[{"taxonomy":"category","embeddable":true,"href":"https:\/\/www.europesays.com\/no\/wp-json\/wp\/v2\/categories?post=105898"},{"taxonomy":"post_tag","embeddable":true,"href":"https:\/\/www.europesays.com\/no\/wp-json\/wp\/v2\/tags?post=105898"}],"curies":[{"name":"wp","href":"https:\/\/api.w.org\/{rel}","templated":true}]}}