{"id":105904,"date":"2025-12-06T15:50:25","date_gmt":"2025-12-06T15:50:25","guid":{"rendered":"https:\/\/www.europesays.com\/no\/105904\/"},"modified":"2025-12-06T15:50:25","modified_gmt":"2025-12-06T15:50:25","slug":"norgespris-stromstotte-norgespris-na-far-hundretusener-av-nordmenn-penger-tilbake-pa-konto","status":"publish","type":"post","link":"https:\/\/www.europesays.com\/no\/105904\/","title":{"rendered":"Norgespris, Str\u00f8mst\u00f8tte | Norgespris: N\u00e5 f\u00e5r hundretusener av nordmenn penger tilbake p\u00e5 konto"},"content":{"rendered":"\n<p>Har du norgespris og betaler nettleien ved siden av str\u00f8mregningen kan regningen fra str\u00f8mselskapet ha sett brutal ut for november. Men det er fordi du ikke har f\u00e5tt fratrekket for norgespris. For mens str\u00f8mselskapene tar betalt for str\u00f8mbruket, er det nettselskapet som skal gi deg str\u00f8mst\u00f8tten fra staten.<\/p>\n<p>Derfor vil str\u00f8mst\u00f8tten trekkes fra nettleieregningen. Og for mange vil utgiftene for nettleien v\u00e6re lavere enn pengene man f\u00e5r tilbake for norgespris. Dermed blir det utbetaling i stedet for trekk i desember.<\/p>\n<p>  <a href=\"https:\/\/www.nationen.no\/5-148-831561\" class=\"related-teaser has-image default-story-teaser article--c-eRUmMG article--c-eRUmMG-jKCPdD-design-default\" rel=\"nofollow noopener\" target=\"_blank\"><\/p>\n<p>    <img decoding=\"async\" loading=\"lazy\"  src=\"https:\/\/www.europesays.com\/no\/wp-content\/uploads\/2025\/12\/1000012445_1.jpg\" alt=\"\" class=\"brick-c-cFOWSL\" style=\"\"\/><\/p>\n<p>\n            Les ogs\u00e5<\/p>\n<p>              Norgespris topper Google-lister\n        <\/p>\n<p>  <\/a><br \/>\n  Savner kontonummer<\/p>\n<p>Hos Norges st\u00f8rste nettselskap Elvia gjelder dette omtrent 200.000 mennesker i Innlandet, Oslo, \u00d8stfold og Akershus.<\/p>\n<p>\u2013 Kundene som vi fakturerer direkte er vi avhengig av kontonummer for \u00e5 f\u00e5 utbetalt. Vi mangler kontonummer p\u00e5 kun et f\u00e5tall av disse kundene, i underkant av 3000 stykk. Disse oppfordres til \u00e5 registrere kontonummer p\u00e5 Min side p\u00e5 elvia.no eller kontakte v\u00e5rt kundesenter, sier kommunikasjonssjef Morten Schau.<\/p>\n<p>Norgespris er en str\u00f8mst\u00f8tteordning hvor man f\u00e5r fastpris p\u00e5 str\u00f8m p\u00e5 50 \u00f8re per kWt. Alt forbruk over 50 \u00f8re f\u00e5r man dekket av staten, mens man m\u00e5 betale til staten dersom str\u00f8mprisene er under 50 \u00f8re.<\/p>\n<p>   <img decoding=\"async\" width=\"1343\" height=\"502\" fetchpriority=\"low\"  loading=\"lazy\"  src=\"https:\/\/www.europesays.com\/no\/wp-content\/uploads\/2025\/12\/Skjermbilde+2025-12-05+103139.png\" alt=\"\" class=\"brick-c-cFOWSL\" style=\"--brick-image-ratio: 1343 \/ 502;\"\/><\/p>\n<p>      Minus p\u00e5 regningen betyr penger tilbake.<br \/>\n      Foto: Skjermdump Elvia\n    <\/p>\n<p>  <a href=\"https:\/\/www.nationen.no\/5-148-830147\" class=\"related-teaser has-image default-story-teaser article--c-eRUmMG article--c-eRUmMG-jKCPdD-design-default\" rel=\"nofollow noopener\" target=\"_blank\"><\/p>\n<p>    <img decoding=\"async\" loading=\"lazy\"  src=\"https:\/\/www.europesays.com\/no\/wp-content\/uploads\/2025\/12\/Strmpriser.bin\" alt=\"\" class=\"brick-c-cFOWSL\" style=\"\"\/><\/p>\n<p>\n            Les ogs\u00e5<\/p>\n<p>              Norgespris var l\u00f8nnsomt i nesten hele Norge i november\n        <\/p>\n<p>  <\/a><br \/>\n  Samme som str\u00f8mst\u00f8tte<\/p>\n<p>Nils Tore Augland, kommunikasjonssjef i Glitre Nett, som er nettleverand\u00f8r i Agder, Buskerud og p\u00e5 Hadeland, forteller at de gj\u00f8r som de har gjort med str\u00f8mst\u00f8tten tidligere.<\/p>\n<p>\u2013 Dersom kunden har str\u00f8mleverand\u00f8r med gjennomfaktureringsavtale s\u00e5 overf\u00f8res CR saldo (tilgodebel\u00f8pet) til str\u00f8mleverand\u00f8r som trekker dette av p\u00e5 sin faktura. Dersom kunde ikke har str\u00f8mleverand\u00f8r med gjennomfaktureringsavtale eller har leveringsplikt fra oss som netteier, vil kunde f\u00e5 utbetalt tilgodebel\u00f8pet til konto i henhold til forfall p\u00e5 nettleiefaktura. Dette forutsetter at kundens kontonummer er registrert i v\u00e5re systemer. Kunde kan registrere sitt kontonummer via skjema p\u00e5 min side, forklarer han.<\/p>\n<p>  <a href=\"https:\/\/www.nationen.no\/5-148-826806\" class=\"related-teaser has-image default-story-teaser article--c-eRUmMG article--c-eRUmMG-jKCPdD-design-default\" rel=\"nofollow noopener\" target=\"_blank\"><\/p>\n<p>    <img decoding=\"async\" loading=\"lazy\"  src=\"https:\/\/www.europesays.com\/no\/wp-content\/uploads\/2025\/12\/NTB_BrtW8X4QBJM.jpg\" alt=\"\" class=\"brick-c-cFOWSL\" style=\"\"\/><\/p>\n<p>\n            Les ogs\u00e5<\/p>\n<p>              Ingen norgespris-eksplosjon tross h\u00f8ye str\u00f8mpriser\n        <\/p>\n<p>  <\/a><br \/>\n  Ikke f\u00f8r forfall<\/p>\n<p>De vil betale ut alt over fem kroner som kunder har til gode.<\/p>\n<p>\u2013 Vi betaler tilbake til det kontonummer vi sist mottok betaling fra, med mindre kunden selv har lagt inn kontonummer, forklarer han.<\/p>\n<p>Han p\u00e5peker at bel\u00f8pet ikke vil bli utbetalt f\u00f8r forfallsdatoen p\u00e5 fakturaen.<\/p>\n<p>\u2013 Tilgodebel\u00f8p utbetales ikke F\u00d8R forfall, men rundt forfallsdato som st\u00e5r p\u00e5 faktura. Dersom forfallsdato er l\u00f8rdag, s\u00f8ndag eller helligdag, utbetales tilgodebel\u00f8p f\u00f8rste virkedag etter forfallsdato.<\/p>\n<p>Nettselskapet BKK, som leverer nett til store deler av Vestlandet, sier de f\u00e5r penger av staten omtrent samtidig som de gir pengene ut.<\/p>\n<p>&#8211; Vi henter penger til utbetaling av norgespris og str\u00f8mst\u00f8tte fra RME (Reguleringsmyndigheten for energi journ.anm.), ca. 20. i m\u00e5neden etter forbruket har funnet sted. P\u00e5 den m\u00e5ten mottar vi penger inn til \u00e5 dekke penger ut til kundene omtrent p\u00e5 samme tidspunkt. RME er p\u00e5lagt en \u00e5rlig tilsynsplikt med nettselskapenes praktisering av disse ordningene. RME publiserer en egen rapport knyttet til dette tilsynet. Rapporten viser at nettselskapene h\u00e5ndterer dette trygt og korrekt, forteller kommunikasjonsr\u00e5dgiver Henrik Wiedswang Horjen.<\/p>\n<p>Han sier de har kontonummer til alle kunder for \u00e5 betale ut dette bel\u00f8pet.<\/p>\n<p>  <a href=\"https:\/\/www.nationen.no\/5-148-824813\" class=\"related-teaser has-image default-opinion-teaser article--c-eRUmMG article--c-eRUmMG-jKCPdD-design-default\" rel=\"nofollow noopener\" target=\"_blank\"><\/p>\n<p>    <img decoding=\"async\" loading=\"lazy\"  src=\"https:\/\/www.europesays.com\/no\/wp-content\/uploads\/2025\/12\/NTB_nfPA47WSiek_1.jpg\" alt=\"\" class=\"brick-c-cFOWSL\" style=\"\"\/><\/p>\n<p>\n            Les ogs\u00e5<\/p>\n<p>              Str\u00f8mpolitikken m\u00e5 styres etter samfunnets behov\n        <\/p>\n<p>  <\/a><\/p>\n","protected":false},"excerpt":{"rendered":"Har du norgespris og betaler nettleien ved siden av str\u00f8mregningen kan regningen fra str\u00f8mselskapet ha sett brutal ut&hellip;\n","protected":false},"author":2,"featured_media":105905,"comment_status":"","ping_status":"","sticky":false,"template":"","format":"standard","meta":{"footnotes":""},"categories":[10],"tags":[36,20,21,6282,382,24,25,6074,15,22,23,7270,13,30,28,3333,29,14,16,1510,243,1500,26,27],"class_list":{"0":"post-105904","1":"post","2":"type-post","3":"status-publish","4":"format-standard","5":"has-post-thumbnail","7":"category-norge","8":"tag-art","9":"tag-breaking-news","10":"tag-breakingnews","11":"tag-elvia","12":"tag-energi","13":"tag-featured-news","14":"tag-featurednews","15":"tag-glitre-nett","16":"tag-headlines","17":"tag-latest-news","18":"tag-latestnews","19":"tag-nettleie","20":"tag-news","21":"tag-no","22":"tag-norge","23":"tag-norgespris","24":"tag-norway","25":"tag-nyheter","26":"tag-overskrifter","27":"tag-story","28":"tag-strom","29":"tag-stromstotte","30":"tag-top-stories","31":"tag-topstories"},"share_on_mastodon":{"url":"https:\/\/pubeurope.com\/@no\/115673420802906827","error":""},"_links":{"self":[{"href":"https:\/\/www.europesays.com\/no\/wp-json\/wp\/v2\/posts\/105904","targetHints":{"allow":["GET"]}}],"collection":[{"href":"https:\/\/www.europesays.com\/no\/wp-json\/wp\/v2\/posts"}],"about":[{"href":"https:\/\/www.europesays.com\/no\/wp-json\/wp\/v2\/types\/post"}],"author":[{"embeddable":true,"href":"https:\/\/www.europesays.com\/no\/wp-json\/wp\/v2\/users\/2"}],"replies":[{"embeddable":true,"href":"https:\/\/www.europesays.com\/no\/wp-json\/wp\/v2\/comments?post=105904"}],"version-history":[{"count":0,"href":"https:\/\/www.europesays.com\/no\/wp-json\/wp\/v2\/posts\/105904\/revisions"}],"wp:featuredmedia":[{"embeddable":true,"href":"https:\/\/www.europesays.com\/no\/wp-json\/wp\/v2\/media\/105905"}],"wp:attachment":[{"href":"https:\/\/www.europesays.com\/no\/wp-json\/wp\/v2\/media?parent=105904"}],"wp:term":[{"taxonomy":"category","embeddable":true,"href":"https:\/\/www.europesays.com\/no\/wp-json\/wp\/v2\/categories?post=105904"},{"taxonomy":"post_tag","embeddable":true,"href":"https:\/\/www.europesays.com\/no\/wp-json\/wp\/v2\/tags?post=105904"}],"curies":[{"name":"wp","href":"https:\/\/api.w.org\/{rel}","templated":true}]}}