{"id":105908,"date":"2025-12-06T15:56:08","date_gmt":"2025-12-06T15:56:08","guid":{"rendered":"https:\/\/www.europesays.com\/no\/105908\/"},"modified":"2025-12-06T15:56:08","modified_gmt":"2025-12-06T15:56:08","slug":"hva-er-verdien-av-en-arbeidstime-i-fremtiden","status":"publish","type":"post","link":"https:\/\/www.europesays.com\/no\/105908\/","title":{"rendered":"Hva er verdien av en arbeidstime i fremtiden?"},"content":{"rendered":"<p>Mest sannsynlig har kunstig intelligens (AI) gjort sitt inntog p\u00e5 pulten ved siden av.<\/p>\n<p>Verkt\u00f8y som ChatGPT, Microsoft Copilot og Gemini implementeres p\u00e5 stadig flere arbeidsplasser, men innf\u00f8ringen av dem leder oss inn p\u00e5 noen fundamentale sp\u00f8rsm\u00e5l:<\/p>\n<p>Hvordan skal dette implementeres p\u00e5 en god m\u00e5te? Hva gj\u00f8r vi med tiden vi har til overs fra den \u00f8kte effektiviteten? Og skal arbeidstakere som \u00f8ker sin prestasjon, ved \u00e5 benytte seg av disse nye AI-verkt\u00f8yene, bli bel\u00f8nnet for dette eller ikke?<\/p>\n<p>Ingen skal m\u00e5tte gj\u00f8re AI-oppl\u00e6ringen p\u00e5 egen h\u00e5nd eller p\u00e5 fritiden<\/p>\n<p>I mitt arbeid ser jeg daglig hvordan teknologien skaper nye dynamikker. P\u00e5 den ene siden har du de som frigj\u00f8r timevis p\u00e5 jobb hver uke ved hjelp av AI. P\u00e5 den andre siden har du dem som er usikre p\u00e5 bruken av AI. Skal vi unng\u00e5 et klasseskille p\u00e5 jobb, holder det ikke \u00e5 h\u00e5pe p\u00e5 at arbeidstaker finner ut av det selv. God implementering handler etter min mening om to ting:<\/p>\n<p>For det f\u00f8rste m\u00e5 vi fjerne usikkerheten. Mange lurer p\u00e5 hva man faktisk kan bruke AI til i arbeidshverdagen og hva arbeidsgiver tillater av bruk. Tydelige rammer er n\u00f8dvendig for \u00e5 skape tryggheten man trenger. For det andre m\u00e5 vi slutte \u00e5 tro at dette er noe arbeidstakere skal l\u00e6re seg p\u00e5 fritiden. Vi m\u00e5 gi oppl\u00e6ring til alle, ikke bare teknologientusiastene, slik at hele organisasjonen f\u00e5r kompetansen de trenger.<\/p>\n<p><a href=\"https:\/\/www.fvn.no\/nyheter\/lokalt\/i\/8ploBW\/elever-om-fremtidens-arbeidsliv-skummelt-at-roboter-kan-ta-over-jobben\" rel=\"nofollow noopener\" target=\"_blank\"> <img decoding=\"async\" src=\"data:image\/gif;base64,R0lGODlhEAAJAIAAAP\/\/\/wAAACH5BAEAAAAALAAAAAAQAAkAAAIKhI+py+0Po5yUFQA7\" alt=\"\"\/>   \u2013 Skummelt at roboter kan ta over jobben  <\/a> Kvalitet fremfor h\u00f8yt tempo<\/p>\n<p>N\u00e5r alle er med p\u00e5 laget, m\u00f8ter vi det neste store sp\u00f8rsm\u00e5let: Hva gj\u00f8r vi med den \u00f8kte effektiviteten?<\/p>\n<p>Det er ingen tvil om at riktig bruk av AI har enorme effektivitetsmuligheter. Dersom en arbeidsprosess som tidligere har tatt ti timer \u00e5 gjennomf\u00f8re n\u00e5 kan gj\u00f8res p\u00e5 for eksempel seks timer, m\u00e5 vi kanskje tenke nytt om verdien av en arbeidstime.<\/p>\n<p><img decoding=\"async\" src=\"data:image\/gif;base64,R0lGODlhEAAJAIAAAP\/\/\/wAAACH5BAEAAAAALAAAAAAQAAkAAAIKhI+py+0Po5yUFQA7\" alt=\"\"\/> <\/p>\n<p>  <strong>Foto:<\/strong> Privat Niclas Kvanvig <\/p>\n<p>Gr\u00fcnder og AI-r\u00e5dgiver<\/p>\n<p>N\u00e5r vi n\u00e5 har tilgang til s\u00e5 kraftige verkt\u00f8y, er det naturlig at forventningene til verdiskaping per ansatt \u00f8ker. Men m\u00e5let b\u00f8r kanskje ikke v\u00e6re \u00e5 bare gj\u00f8re mer av det samme i raskere tempo. Jeg mener vi ogs\u00e5 b\u00f8r bruke den frigjorte tiden til \u00e5 skape mer verdi, ha \u00f8kt fokus p\u00e5 m\u00f8ter mellom mennesker og gi rom for \u00f8kt faglig fordypning.<\/p>\n<p>L\u00f8nn for strevet, eller l\u00f8nn for resultatet?<\/p>\n<p>Men la oss si at vi lykkes med oppl\u00e6ringen. Alle har tilgang til verkt\u00f8yene, men likevel vil noen utnytte dem bedre enn andre. Dette leder oss til en siste, viktig refleksjon rundt rettferdighet i arbeidslivet.<\/p>\n<p>Hvis jeg har tilgang p\u00e5 bil, men velger hest og kjerre til et kundebes\u00f8k, bruker jeg un\u00f8dvendig mye av arbeidsgivers tid. P\u00e5 lik linje kan vi stille oss sp\u00f8rsm\u00e5let: Hvis vi har verkt\u00f8y som effektiviserer oppgavene drastisk, men bare enkelte tar dem i bruk, hvordan skal dette h\u00e5ndteres?<\/p>\n<p><a href=\"https:\/\/www.fvn.no\/mening\/kronikk\/i\/QJRnxR\/robotene-er-ikke-problemet-kapitalismen-er-det\" rel=\"nofollow noopener\" target=\"_blank\"> <img decoding=\"async\" src=\"data:image\/gif;base64,R0lGODlhEAAJAIAAAP\/\/\/wAAACH5BAEAAAAALAAAAAAQAAkAAAIKhI+py+0Po5yUFQA7\" alt=\"\"\/>   Robotene er ikke problemet \u2014 kapitalismen er det  <\/a> <\/p>\n<p>\u00c5pen <\/p>\n<p>Dette utfordrer den ofte brukte tradisjonelle tanken om at lik rolle skal gi lik l\u00f8nn. Hvorfor skal noen levere mer, med \u00f8kt kvalitet, hvis de ikke blir kompensert for det? Og hvilke insentiver har vi egentlig for \u00e5 effektivisere v\u00e5r egen arbeidshverdag, dersom den eneste \u00abbel\u00f8nningen\u00bb er at det gir oss mer arbeid for samme l\u00f8nn?<\/p>\n<p>Det finnes ingen enkle svar p\u00e5 dette, men i m\u00f8te med 2026 m\u00e5 vi t\u00f8rre \u00e5 sp\u00f8rre oss selv om vi i fremtiden skal bel\u00f8nnes for tiden vi bruker p\u00e5 jobb, eller verdien vi faktisk skaper. Dette sp\u00f8rsm\u00e5let er mer relevant enn noen gang p\u00e5 grunn av de store forskjellene AI kan skape p\u00e5 en arbeidsplass.<\/p>\n<p>PS: Denne teksten er skrevet i samarbeid mellom meg og AI. Ideen og r\u00e5teksten er min, mens en del av formuleringene er spisset ved hjelp av min digitale assistent.<\/p>\n","protected":false},"excerpt":{"rendered":"Mest sannsynlig har kunstig intelligens (AI) gjort sitt inntog p\u00e5 pulten ved siden av. Verkt\u00f8y som ChatGPT, Microsoft&hellip;\n","protected":false},"author":2,"featured_media":105909,"comment_status":"","ping_status":"","sticky":false,"template":"","format":"standard","meta":{"footnotes":""},"categories":[56],"tags":[1882,857,60,2057,61,13248,2895,5909,467,62,30,28,29,7087,12984],"class_list":{"0":"post-105908","1":"post","2":"type-post","3":"status-publish","4":"format-standard","5":"has-post-thumbnail","7":"category-naeringsliv","8":"tag-ai","9":"tag-arbeidsplass","10":"tag-business","11":"tag-chatgpt","12":"tag-economy","13":"tag-fremtiden","14":"tag-ki","15":"tag-kompetanse","16":"tag-kunstig-intelligens","17":"tag-naeringsliv","18":"tag-no","19":"tag-norge","20":"tag-norway","21":"tag-verdiskaping","22":"tag-verktoy"},"share_on_mastodon":{"url":"https:\/\/pubeurope.com\/@no\/115673444050930557","error":""},"_links":{"self":[{"href":"https:\/\/www.europesays.com\/no\/wp-json\/wp\/v2\/posts\/105908","targetHints":{"allow":["GET"]}}],"collection":[{"href":"https:\/\/www.europesays.com\/no\/wp-json\/wp\/v2\/posts"}],"about":[{"href":"https:\/\/www.europesays.com\/no\/wp-json\/wp\/v2\/types\/post"}],"author":[{"embeddable":true,"href":"https:\/\/www.europesays.com\/no\/wp-json\/wp\/v2\/users\/2"}],"replies":[{"embeddable":true,"href":"https:\/\/www.europesays.com\/no\/wp-json\/wp\/v2\/comments?post=105908"}],"version-history":[{"count":0,"href":"https:\/\/www.europesays.com\/no\/wp-json\/wp\/v2\/posts\/105908\/revisions"}],"wp:featuredmedia":[{"embeddable":true,"href":"https:\/\/www.europesays.com\/no\/wp-json\/wp\/v2\/media\/105909"}],"wp:attachment":[{"href":"https:\/\/www.europesays.com\/no\/wp-json\/wp\/v2\/media?parent=105908"}],"wp:term":[{"taxonomy":"category","embeddable":true,"href":"https:\/\/www.europesays.com\/no\/wp-json\/wp\/v2\/categories?post=105908"},{"taxonomy":"post_tag","embeddable":true,"href":"https:\/\/www.europesays.com\/no\/wp-json\/wp\/v2\/tags?post=105908"}],"curies":[{"name":"wp","href":"https:\/\/api.w.org\/{rel}","templated":true}]}}