{"id":105910,"date":"2025-12-06T15:59:14","date_gmt":"2025-12-06T15:59:14","guid":{"rendered":"https:\/\/www.europesays.com\/no\/105910\/"},"modified":"2025-12-06T15:59:14","modified_gmt":"2025-12-06T15:59:14","slug":"kommentar-store-kunne-ikke-vike","status":"publish","type":"post","link":"https:\/\/www.europesays.com\/no\/105910\/","title":{"rendered":"Kommentar: St\u00f8re kunne ikke vike"},"content":{"rendered":"\n<p class=\"_paragraph_o9xde_4 _paragraph_xtcu6_10 layout-component text-serif-m layout-normal text-serif-m layout-padded\">Ap har noen grenser de ikke kan overskride. Denne uken handlet det ikke bare om politiske tap eller seire. Det handlet om partiets kjerneverdier.<\/p>\n<p class=\"_paragraph_o9xde_4 _paragraph_xtcu6_10 layout-component text-serif-m layout-normal text-serif-m layout-padded\">Om styringsevne, troverdighet og integritet. Om Aps evne til \u00e5 forvalte helheten i politikken, og \u00e5 balansere ulike hensyn mot hverandre.<\/p>\n<p class=\"_paragraph_o9xde_4 _paragraph_xtcu6_10 layout-component text-serif-m layout-normal text-serif-m layout-padded\">Og ikke minst \u2013 Ap kunne ikke gi etter for et aktivistisk lite fl\u00f8yparti i olje- og energipolitikken, et omr\u00e5de der det er bredt flertall b\u00e5de p\u00e5 Stortinget og i folket for en helt annen politikk enn det MDGMDGMilj\u00f8partiet De Gr\u00f8nne (MDG) er et norsk politisk parti som fokuserer p\u00e5 milj\u00f8vern og b\u00e6rekraftig utvikling. g\u00e5r inn for.<\/p>\n<p>Politisk styrt avvikling?<\/p>\n<p class=\"_paragraph_o9xde_4 _paragraph_xtcu6_10 layout-component text-serif-m layout-normal text-serif-m layout-padded\">Alle ser at oljealderen p\u00e5 et tidspunkt vil fase ut. At andre energiformer, som ikke truer klimaet, vil ta over, og at behovet for olje og gass vil bli langt mindre.<\/p>\n<p class=\"_paragraph_o9xde_4 _paragraph_xtcu6_10 layout-component text-serif-m layout-normal text-serif-m layout-padded\">Den politiske striden handler om hvorvidt markedet skal styre utviklingen, slik at fornybar energi gradvis tar plassen til fossile energiformer. Eller om det skal v\u00e6re en politisk styrt avvikling for Norges del, uavhengig av utviklingen av andre energiformer. Og uavhengig av hvilken rolle olje og gass vil spille i sikkerhetspolitikken i \u00e5rene fremover.<\/p>\n<p><img alt=\"MDG-leder Arild Hermstad kj\u00f8rte hardt i budsjettforhandlingene \u2013 en stund.  Foto: Fredrik Solstad \/ VG\" class=\"_image_qp4xg_65 layout-component layout-normal\" data-fullscreen- data-track-element-type=\"Article image fullscreen\" data-track-name=\"ImageFullscreen\" decoding=\"async\" loading=\"lazy\" height=\"3444\" itemprop=\"image\"  src=\"https:\/\/www.europesays.com\/no\/wp-content\/uploads\/2025\/12\/631cb16e-82a6-4b4b-9e7a-59844daf0889\"  style=\"object-position:0% 0%\" width=\"5358\"\/>MDG-leder Arild Hermstad kj\u00f8rte hardt i budsjettforhandlingene \u2013 en stund.  Foto: Fredrik Solstad \/ VG<\/p>\n<p class=\"_paragraph_o9xde_4 _paragraph_xtcu6_10 layout-component text-serif-m layout-normal text-serif-m layout-padded\">MDG vil i utgangspunktet trekke Norge i retning av en politisk vedtatt stans i oljeutvinningen p\u00e5 norsk sokkel.norsk sokkel.Norsk sokkel refererer til de undersj\u00f8iske omr\u00e5dene utenfor Norges kyst hvor det utvinnes olje og gass. Det var slike krav, i ulike former, som tidligere denne uken s\u00e5 ut til \u00e5 kunne felle St\u00f8re-regjeringen. Et krav alle forsto at MDG ikke kunne n\u00e5 frem med.<\/p>\n<p>Lite klimadebatt<\/p>\n<p class=\"_paragraph_o9xde_4 _paragraph_xtcu6_10 layout-component text-serif-m layout-normal text-serif-m layout-padded\">Innad i MDG ser de ut til \u00e5 tenke at de denne uken endelig fikk satt klima h\u00f8yt p\u00e5 dagsorden. Det er viktig, i en urolig tid der klima ser ut til \u00e5 f\u00e5 mindre oppmerksomhet \u2013 p\u00e5 tross av at det er avgj\u00f8rende at verden tar helt n\u00f8dvendige grep.<\/p>\n<p class=\"_paragraph_o9xde_4 _paragraph_xtcu6_10 layout-component text-serif-m layout-normal text-serif-m layout-padded\">Men det var strengt tatt ikke mye debatt om klima denne uken. Det handlet snarere om regjeringens fremtid, om forhandlingstaktikk og tidsfrister \u2013 og om et lite parti som fors\u00f8kte \u00e5 presse store og omfattende samfunnsendringer gjennom i sene nattetimer.<\/p>\n<p class=\"_paragraph_o9xde_4 _paragraph_xtcu6_10 layout-component text-serif-m layout-normal text-serif-m layout-padded\">Og det handlet om hvorvidt MDG faktisk forsto hva de holdt p\u00e5 med. Partileder Arild Hermstad uttalte seg som om han kunne felle St\u00f8re den ene dagen, og bare sette ham inn igjen som statsminister den neste. Blant annet i <a href=\"https:\/\/tv.nrk.no\/serie\/politisk-kvarter-tv\/sesong\/202512\/episode\/NNFA07120225\" class=\"_link_o9xde_39\" rel=\"nofollow noopener\" target=\"_blank\">NRKs Politisk kvarter.<\/a><\/p>\n<p>Listhaug som statsminister?<\/p>\n<p class=\"_paragraph_o9xde_4 _paragraph_xtcu6_10 layout-component text-serif-m layout-normal text-serif-m layout-padded\">Slik hadde det slett ikke trengt \u00e5 g\u00e5. Dersom St\u00f8re hadde m\u00e5ttet g\u00e5 av, ville han trolig r\u00e5det kongen til \u00e5 sp\u00f8rre Frp-leder Listhaug, som leder for det st\u00f8rste opposisjonspartiet p\u00e5 Stortinget, om \u00e5 danne regjering.<\/p>\n<p><img alt=\"Frp-leder Sylvi Listhaug utfordret statsminister Jonas Gahr St\u00f8re i denne ukens sp\u00f8rretime p\u00e5 Stortinget. I prinsippet kunne hun blitt statsminister dersom St\u00f8re ikke hadde f\u00e5tt flertall for neste \u00e5rs statsbudsjett.  Foto: Terje Pedersen \/ NTB\" class=\"_image_qp4xg_65 layout-component layout-normal\" data-fullscreen- data-track-element-type=\"Article image fullscreen\" data-track-name=\"ImageFullscreen\" decoding=\"async\" loading=\"lazy\" height=\"2951\" itemprop=\"image\"  src=\"https:\/\/www.europesays.com\/no\/wp-content\/uploads\/2025\/12\/0bf9aedd-6fd8-4d98-9b18-291a72745e64\"  style=\"object-position:0% 0%\" width=\"4427\"\/>Frp-leder Sylvi Listhaug utfordret statsminister Jonas Gahr St\u00f8re i denne ukens sp\u00f8rretime p\u00e5 Stortinget. I prinsippet kunne hun blitt statsminister dersom St\u00f8re ikke hadde f\u00e5tt flertall for neste \u00e5rs statsbudsjett.  Foto: Terje Pedersen \/ NTB<\/p>\n<p class=\"_paragraph_o9xde_4 _paragraph_xtcu6_10 layout-component text-serif-m layout-normal text-serif-m layout-padded\">Listhaug kunne i prinsippet ha tatt jobben som statsminister, satt sammen en regjering, og presentert en regjeringsplattformregjeringsplattform En regjeringsplattform er en plan eller et dokument som beskriver hva en regjering \u00f8nsker \u00e5 oppn\u00e5 og hvilke politiske tiltak den vil gjennomf\u00f8re. fullstappet med Frp-politikk.<\/p>\n<p class=\"_paragraph_o9xde_4 _paragraph_xtcu6_10 layout-component text-serif-m layout-normal text-serif-m layout-padded\">En slik regjering hadde ikke vart lenge f\u00f8r den ville blitt felt av stortingsflertallet. Trolig allerede f\u00f8r jul. Men selv en s\u00e6rdeles kortvarig Listhaug-regjering kunne i mange velgeres bevissthet gitt henne en annen tyngde som statsministerkandidat ved neste stortingsvalg.<\/p>\n<p class=\"_paragraph_o9xde_4 _paragraph_xtcu6_10 layout-component text-serif-m layout-normal text-serif-m layout-padded\">St\u00f8re, p\u00e5 sin side, ville kommet kjapt tilbake \u2013 som en svekket og ydmyket statsminister.<\/p>\n<p>Luftige formuleringer<\/p>\n<p class=\"_paragraph_o9xde_4 _paragraph_xtcu6_10 layout-component text-serif-m layout-normal text-serif-m layout-padded\">Det var \u00e5penbart at Ap ikke kunne gi etter for MDGs krav i oljepolitikken. Hadde St\u00f8re og hans folk gjort det, risikerte de \u00e5 bli MDGs d\u00f8rmatte gjennom resten av denne stortingsperioden. Og p\u00e5 veien ofret bildet b\u00e5de de selv og velgerne deres har av Ap som et ansvarlig styringsparti.<\/p>\n<p><img alt=\"Statsminister Jonas Gahr St\u00f8re kunne puste lettet ut fredag, da Stortinget vedtok statsbudsjettet for neste \u00e5r.  Foto: G\u00f8ran Bohlin \/ VG\" class=\"_image_qp4xg_65 layout-component layout-normal\" data-fullscreen- data-track-element-type=\"Article image fullscreen\" data-track-name=\"ImageFullscreen\" decoding=\"async\" loading=\"lazy\" height=\"3014\" itemprop=\"image\"  src=\"https:\/\/www.europesays.com\/no\/wp-content\/uploads\/2025\/12\/3e9acb42-26d9-4247-b8da-d2e684828d19\"  style=\"object-position:0% 0%\" width=\"4518\"\/>Statsminister Jonas Gahr St\u00f8re kunne puste lettet ut fredag, da Stortinget vedtok statsbudsjettet for neste \u00e5r.  Foto: G\u00f8ran Bohlin \/ VG<\/p>\n<p class=\"_paragraph_o9xde_4 _paragraph_xtcu6_10 layout-component text-serif-m layout-normal text-serif-m layout-padded\">N\u00e5 ble resultatet en s\u00e5kalt \u00abOmstillingskommisjon\u00bb\u00abOmstillingskommisjon\u00bbEn omstillingskommisjon er en gruppe eller et utvalg som er nedsatt for \u00e5 foresl\u00e5 endringer og tilpasninger i en bestemt sektor eller politikk.. Med luftige formuleringer om oljen\u00e6ringens utvikling som de ulike partiene kunne tolke nesten som de selv ville.<\/p>\n<p class=\"_paragraph_o9xde_4 _paragraph_xtcu6_10 layout-component text-serif-m layout-normal text-serif-m layout-padded\">Slik vi ogs\u00e5 s\u00e5 at de gjorde. Sp-leder Trygve Slagsvold Vedum hadde <a href=\"https:\/\/www.vg.no\/nyheter\/i\/Pdrk85\/trygve-slagsvold-vedum-mener-mdg-villeder-om-oljekommisjonen\" data-track-element-type=\"Link\" data-track-id=\"link:Pdrk85\" class=\"_link_o9xde_39\" rel=\"nofollow noopener\" target=\"_blank\">en helt annen fortelling<\/a> om hva kommisjonen skal gj\u00f8re enn det <a href=\"https:\/\/www.vg.no\/nyheter\/i\/k0W2pQ\/moetemaraton-i-budsjettdramaet-alle-partiene-maa-bidra\" data-track-element-type=\"Link\" data-track-id=\"link:k0W2pQ\" class=\"_link_o9xde_39\" rel=\"nofollow noopener\" target=\"_blank\">Hermstad og hans folk hadde<\/a>. Naturlig nok. Spriket mellom de to partiene er s\u00e5 stort at det ikke var mulig \u00e5 samle dem om noe annet enn formuleringer som kan strekkes og dras i alle retninger.<\/p>\n<p class=\"_paragraph_o9xde_4 _paragraph_xtcu6_10 layout-component text-serif-m layout-normal text-serif-m layout-padded\">Det var dette som reddet Ap-regjeringen \u2013 i denne omgangen. Men det blir mye kladdef\u00f8re i \u00e5rene fremover. For Stortinget er satt sammen som det er. Vi har ikke nyvalg i Norge. Den uoversiktlige parlamentariske situasjonen vil vare ved frem til neste stortingsvalg, i 2029.<\/p>\n<p>Utkast til politikk<\/p>\n<p class=\"_paragraph_o9xde_4 _paragraph_xtcu6_10 layout-component text-serif-m layout-normal text-serif-m layout-padded\">Dette gj\u00f8r Stortinget mye mer interessant enn det er n\u00e5r det er en flertallsregjering, eller en regjering med et avklart flertall bak seg i Stortinget. I langt st\u00f8rre grad enn tidligere vil det v\u00e6re i Stortinget politikken avgj\u00f8res, ikke i regjeringskontorene.<\/p>\n<p class=\"_paragraph_o9xde_4 _paragraph_xtcu6_10 layout-component text-serif-m layout-normal text-serif-m layout-padded\">Regjeringens forslag vil mer enn f\u00f8r bare v\u00e6re utkast til politikk, utgangspunkt for t\u00f8ffe forhandlinger. Ikke alltid mellom de fem partiene som st\u00e5r bak St\u00f8re. Vi har allerede sett at stortingsflertall i ulike saker kan g\u00e5 p\u00e5 kryss og tvers.<\/p>\n<p><img alt=\"Tonje Brenna og Tuva Moflag har en t\u00f8ff jobb foran seg de neste fire \u00e5rene. De m\u00e5 lykkes for at regjeringen skal overleve.\" class=\"_image_qp4xg_65 layout-component layout-normal\" data-fullscreen- data-track-element-type=\"Article image fullscreen\" data-track-name=\"ImageFullscreen\" decoding=\"async\" loading=\"lazy\" height=\"4032\" itemprop=\"image\"  src=\"https:\/\/www.europesays.com\/no\/wp-content\/uploads\/2025\/12\/281e5217-3426-42fe-981c-d0096c747d96\"  style=\"object-position:0% 0%\" width=\"3024\"\/>Tonje Brenna og Tuva Moflag har en t\u00f8ff jobb foran seg de neste fire \u00e5rene. De m\u00e5 lykkes for at regjeringen skal overleve.<\/p>\n<p class=\"_paragraph_o9xde_4 _paragraph_xtcu6_10 layout-component text-serif-m layout-normal text-serif-m layout-padded\">Denne situasjonen stiller store krav til regjeringspartiets v\u00e5pendragere i Stortinget. Aps parlamentariske lederparlamentariske lederEn parlamentarisk leder er en person som leder en politisk partis gruppe i nasjonalforsamlingen, som Stortinget i Norge. Tonje Brenna og partiets leder i finanskomiteenfinanskomiteenFinanskomiteen er en komit\u00e9 i Stortinget som arbeider med saker knyttet til \u00f8konomi, budsjett og finanspolitikk., Tuva Moflag, forsvarte denne gangen Aps gjerdestolper i oljepolitikken. De klarte til slutt \u00e5 f\u00e5 samlet alle fem partiene bak en budsjettavtale. Det er ingen liten bragd.<\/p>\n<p>Ekstra sterke kort<\/p>\n<p class=\"_paragraph_o9xde_4 _paragraph_xtcu6_10 layout-component text-serif-m layout-normal text-serif-m layout-padded\">I forsvaret for disse gjerdestolpene blir faktisk Sp, som mange i Ap opplevde som en klamp om foten gjennom nesten fire \u00e5r sammen i regjering i forrige periode, Brenna og Moflags viktigste allierte. For Vedum og hans folk har ikke noe \u00e5 gi MDG i oljepolitikken.<\/p>\n<p class=\"_paragraph_o9xde_4 _paragraph_xtcu6_10 layout-component text-serif-m layout-normal text-serif-m layout-padded\">Med sin vippeposisjonvippeposisjonVippeposisjon refererer til en situasjon der et parti eller en gruppe har makt til \u00e5 avgj\u00f8re utfallet av en avstemning ved \u00e5 st\u00f8tte den ene eller den andre siden. i Stortinget, kan Sp hele tiden true med \u00e5 skifte side. Og dermed kaste St\u00f8re-regjeringen. Derfor vet Brenna og Moflag at de ikke kan vike her. Det gir dem ekstra sterke kort p\u00e5 h\u00e5nden, ogs\u00e5 i fremtidige forhandlinger.<\/p>\n<p class=\"_paragraph_o9xde_4 _paragraph_xtcu6_10 layout-component text-serif-m layout-normal text-serif-m layout-padded\">Sp\u00f8rsm\u00e5let er om det holder, gjennom hele denne stortingsperioden. Det eneste som er sikkert, er at det blir mange flere v\u00e5kenetter. Gjensidige beskyldninger, frustrasjon og sinne. Sm\u00e5 og store kriser. Og et storting med mer makt enn p\u00e5 lenge.<\/p>\n<p>    Dette er en kommentar. Kommentaren gir uttrykk for skribentens holdning. <\/p>\n","protected":false},"excerpt":{"rendered":"Ap har noen grenser de ikke kan overskride. Denne uken handlet det ikke bare om politiske tap eller&hellip;\n","protected":false},"author":2,"featured_media":105911,"comment_status":"","ping_status":"","sticky":false,"template":"","format":"standard","meta":{"footnotes":""},"categories":[5],"tags":[20,21,24,25,15,19,201,22,23,17,18,13,30,28,29,14,16,13249,333,26,27,103],"class_list":{"0":"post-105910","1":"post","2":"type-post","3":"status-publish","4":"format-standard","5":"has-post-thumbnail","7":"category-overskrifter","8":"tag-breaking-news","9":"tag-breakingnews","10":"tag-featured-news","11":"tag-featurednews","12":"tag-headlines","13":"tag-hovedoppslag","14":"tag-jonas-gahr-store","15":"tag-latest-news","16":"tag-latestnews","17":"tag-main-news","18":"tag-mainnews","19":"tag-news","20":"tag-no","21":"tag-norge","22":"tag-norway","23":"tag-nyheter","24":"tag-overskrifter","25":"tag-statsbudsjettet-2025","26":"tag-stortinget","27":"tag-top-stories","28":"tag-topstories","29":"tag-vgmeninger"},"share_on_mastodon":{"url":"https:\/\/pubeurope.com\/@no\/115673456666693660","error":""},"_links":{"self":[{"href":"https:\/\/www.europesays.com\/no\/wp-json\/wp\/v2\/posts\/105910","targetHints":{"allow":["GET"]}}],"collection":[{"href":"https:\/\/www.europesays.com\/no\/wp-json\/wp\/v2\/posts"}],"about":[{"href":"https:\/\/www.europesays.com\/no\/wp-json\/wp\/v2\/types\/post"}],"author":[{"embeddable":true,"href":"https:\/\/www.europesays.com\/no\/wp-json\/wp\/v2\/users\/2"}],"replies":[{"embeddable":true,"href":"https:\/\/www.europesays.com\/no\/wp-json\/wp\/v2\/comments?post=105910"}],"version-history":[{"count":0,"href":"https:\/\/www.europesays.com\/no\/wp-json\/wp\/v2\/posts\/105910\/revisions"}],"wp:featuredmedia":[{"embeddable":true,"href":"https:\/\/www.europesays.com\/no\/wp-json\/wp\/v2\/media\/105911"}],"wp:attachment":[{"href":"https:\/\/www.europesays.com\/no\/wp-json\/wp\/v2\/media?parent=105910"}],"wp:term":[{"taxonomy":"category","embeddable":true,"href":"https:\/\/www.europesays.com\/no\/wp-json\/wp\/v2\/categories?post=105910"},{"taxonomy":"post_tag","embeddable":true,"href":"https:\/\/www.europesays.com\/no\/wp-json\/wp\/v2\/tags?post=105910"}],"curies":[{"name":"wp","href":"https:\/\/api.w.org\/{rel}","templated":true}]}}