{"id":105913,"date":"2025-12-06T16:05:13","date_gmt":"2025-12-06T16:05:13","guid":{"rendered":"https:\/\/www.europesays.com\/no\/105913\/"},"modified":"2025-12-06T16:05:13","modified_gmt":"2025-12-06T16:05:13","slug":"isabella-shack-advarer-mot-leppefillers","status":"publish","type":"post","link":"https:\/\/www.europesays.com\/no\/105913\/","title":{"rendered":"Isabella Shack: Advarer mot leppefillers"},"content":{"rendered":"\n<ul class=\"_list_o9xde_3 _list_64s2r_85 _unordered_o9xde_106 text-sans-m\">\n<li class=\"_item_o9xde_30\">Influencer Isabella Schack advarer ungdom mot \u00e5 endre utseendet p\u00e5 grunn av andres kommentarer.<\/li>\n<li class=\"_item_o9xde_30\">Kommentaren om leppene hennes f\u00f8rte til en d\u00e5rlig filleropplevelse som ga permanente skader.<\/li>\n<li class=\"_item_o9xde_30\">Schack oppfordrer til grundig research og n\u00f8ye vurderinger f\u00f8r estetiske behandlinger.<\/li>\n<\/ul>\n<p>Vis mer <\/p>\n<p class=\"_paragraph_o9xde_4 _paragraph_xtcu6_10 layout-component text-serif-m layout-normal text-serif-m layout-padded\">N\u00e5 advarer hun andre unge.<\/p>\n<p class=\"_paragraph_o9xde_4 _paragraph_xtcu6_10 layout-component text-serif-m layout-normal text-serif-m layout-padded\">\u2013 Jeg hadde aldri tenkt over at de var sm\u00e5, sier Isabella Schack.<\/p>\n<p class=\"_paragraph_o9xde_4 _paragraph_xtcu6_10 layout-component text-serif-m layout-normal text-serif-m layout-padded\">Hun var 16 \u00e5r da en gutt p\u00e5 skolen kommenterte leppene hennes.<\/p>\n<p class=\"_paragraph_o9xde_4 _paragraph_xtcu6_10 layout-component text-serif-m layout-normal text-serif-m layout-padded\">\u2013 Jeg tror ikke det var vondt ment, for han var det bare en morsom kommentar. For meg endret den mitt syn p\u00e5 meg selv, sier hun.<\/p>\n<p class=\"_paragraph_o9xde_4 _paragraph_xtcu6_10 layout-component text-serif-m layout-normal text-serif-m layout-padded\">\u2013 Plutselig hadde jeg et problem jeg ikke visste at jeg hadde.<\/p>\n<p><img alt=\"15 \u00e5r og konfirmant.  Foto: Privat\" class=\"_image_qp4xg_65 layout-component layout-normal\" data-fullscreen- data-track-element-type=\"Article image fullscreen\" data-track-name=\"ImageFullscreen\" decoding=\"async\" loading=\"lazy\" height=\"1331\" itemprop=\"image\"  src=\"https:\/\/www.europesays.com\/no\/wp-content\/uploads\/2025\/12\/80d0dbed-7653-4ac6-b3c2-07968844674e\"  style=\"object-position:0% 0%\" width=\"1320\"\/>15 \u00e5r og konfirmant.  Foto: Privat<\/p>\n<p class=\"_paragraph_o9xde_4 _paragraph_xtcu6_10 layout-component text-serif-m layout-normal text-serif-m layout-padded\">I dag er Schack fris\u00f8r og en av Norges st\u00f8rste h\u00e5rinfluencere, med 200 000 f\u00f8lgere p\u00e5 TikTok og nesten 60 000 f\u00f8lgere p\u00e5 Instagram, kjent som Bella. <\/p>\n<p class=\"_paragraph_o9xde_4 _paragraph_xtcu6_10 layout-component text-serif-m layout-normal text-serif-m layout-padded\">Det var hun som friserte Frp-politiker Simen Velle etter at Sylvi Listhaug klippet av hans hestehale tidligere i h\u00f8st. I sosiale medier kan f\u00f8lgerne se henne klippe kjendiser som Leah Behn og Henrik Oven.<\/p>\n<p><img alt=\"Foto: Mattis Sandblad \/ VG\" class=\"_image_qp4xg_65 layout-component layout-normal\" data-fullscreen- data-track-element-type=\"Article image fullscreen\" data-track-name=\"ImageFullscreen\" decoding=\"async\" loading=\"lazy\" height=\"4000\" itemprop=\"image\"  src=\"https:\/\/www.europesays.com\/no\/wp-content\/uploads\/2025\/12\/840ed96d-a387-416a-8be9-7322d862f0da\"  style=\"object-position:0% 0%\" width=\"6000\"\/>Foto: Mattis Sandblad \/ VG<\/p>\n<p class=\"_paragraph_o9xde_4 _paragraph_xtcu6_10 layout-component text-serif-m layout-normal text-serif-m layout-padded\">Schack husker godt den dagen p\u00e5 ungdomsskolen.<\/p>\n<p class=\"_paragraph_o9xde_4 _paragraph_xtcu6_10 layout-component text-serif-m layout-normal text-serif-m layout-padded\">\u2013 Vi satt i klasserommet, og jeg lo av et eller annet. Noe som ikke var en selvf\u00f8lge, siden jeg var ganske sjenert p\u00e5 den tiden.<\/p>\n<p class=\"_paragraph_o9xde_4 _paragraph_xtcu6_10 layout-component text-serif-m layout-normal text-serif-m layout-padded\">Da s\u00e5 en av guttene p\u00e5 henne og sa:<\/p>\n<p class=\"_paragraph_o9xde_4 _paragraph_xtcu6_10 layout-component text-serif-m layout-normal text-serif-m layout-padded\">\u00abDet er s\u00e5 g\u00f8y n\u00e5r du ler, for da forsvinner hele overleppen din.\u00bb<\/p>\n<p class=\"_paragraph_o9xde_4 _paragraph_xtcu6_10 layout-component text-serif-m layout-normal text-serif-m layout-padded\">S\u00e5 lo han, og alle de andre lo med.<\/p>\n<p class=\"_paragraph_o9xde_4 _paragraph_xtcu6_10 layout-component text-serif-m layout-normal text-serif-m layout-padded\">Det er slik hun husker det.<\/p>\n<p class=\"_paragraph_o9xde_4 _paragraph_xtcu6_10 layout-component text-serif-m layout-normal text-serif-m layout-padded\">\u2013 Jeg hadde ingen selvtillit p\u00e5 den tiden og kommentaren gjorde meg veldig usikker.<\/p>\n<p class=\"_paragraph_o9xde_4 _paragraph_xtcu6_10 layout-component text-serif-m layout-normal text-serif-m layout-padded\">Fra den dagen tenkte hun: Da er det vel noe feil med meg da.<\/p>\n<p><img alt=\"Isabella p\u00e5 ungdomsskolen.  Foto: Privat\" class=\"_image_qp4xg_65 layout-component layout-normal\" data-fullscreen- data-track-element-type=\"Article image fullscreen\" data-track-name=\"ImageFullscreen\" decoding=\"async\" loading=\"lazy\" height=\"1302\" itemprop=\"image\"  src=\"https:\/\/www.europesays.com\/no\/wp-content\/uploads\/2025\/12\/b6a3b567-4366-4d06-be4f-45241ebf74e8\"  style=\"object-position:0% 0%\" width=\"810\"\/>Isabella p\u00e5 ungdomsskolen.  Foto: Privat<\/p>\n<p class=\"_paragraph_o9xde_4 _paragraph_xtcu6_10 layout-component text-serif-m layout-normal text-serif-m layout-padded\">Hver dag kunne hun st\u00e5 foran speilet og se overleppen bli til en liten strek n\u00e5r hun smilte. N\u00e5r noen tok bilder pr\u00f8vde hun \u00e5 huske og holde munnen lukket. Over alt s\u00e5 hun store svulmende lepper. I sosiale medier fylte kjendiser som Kylie Jenner og Lindsay Lohan leppene sine med fillers.<\/p>\n<p class=\"_paragraph_o9xde_4 _paragraph_xtcu6_10 layout-component text-serif-m layout-normal text-serif-m layout-padded\">Isabella bestemte seg, den dagen hun ble 18 \u00e5r skulle hun fikse \u00abproblemet sitt\u00bb.<\/p>\n<p><img alt=\"Isabella f\u00f8r hun tok leppefiller.  Foto: Privat\" class=\"_image_qp4xg_65 layout-component layout-normal\" data-fullscreen- data-track-element-type=\"Article image fullscreen\" data-track-name=\"ImageFullscreen\" decoding=\"async\" loading=\"lazy\" height=\"2375\" itemprop=\"image\"  src=\"https:\/\/www.europesays.com\/no\/wp-content\/uploads\/2025\/12\/624828ec-c8c8-4ab7-9d23-7da06b1ecbfb\"  style=\"object-position:0% 0%\" width=\"1320\"\/>Isabella f\u00f8r hun tok leppefiller.  Foto: Privat<\/p>\n<p class=\"_paragraph_o9xde_4 _paragraph_xtcu6_10 layout-component text-serif-m layout-normal text-serif-m layout-padded\">\u2013 I to \u00e5r ventet jeg. Jeg sa det ikke til noen, ikke til mamma, ikke engang til venninnene mine.<\/p>\n<p class=\"_paragraph_o9xde_4 _paragraph_xtcu6_10 layout-component text-serif-m layout-normal text-serif-m layout-padded\">Hun googlet \u00ablipfillers og Oslo\u00bb og fant et sted som s\u00e5 bra ut p\u00e5 bildene. De hadde egen Instagram-konto med 3000 f\u00f8lgere. Det er vel bra tenkte hun og bestilte time over nettet.<\/p>\n<p class=\"_paragraph_o9xde_4 _paragraph_xtcu6_10 layout-component text-serif-m layout-normal text-serif-m layout-padded\">\u2013 P\u00e5 vei til timen var jeg livredd. Jeg har spr\u00f8yteskrekk, men tenkte at vi sikkert skulle snakke litt sammen f\u00f8rst, s\u00e5 jeg ble litt trygget. Som fris\u00f8r visste jeg hvor viktig det er \u00e5 ta seg god tid og prate med kunden. Mange er bekymret n\u00e5r de setter seg i fris\u00f8rstolen ogs\u00e5, sier Schack.<\/p>\n<p class=\"_paragraph_o9xde_4 _paragraph_xtcu6_10 layout-component text-serif-m layout-normal text-serif-m layout-padded\">Etter \u00e5 ha fylt ut et skjema, var det rett p\u00e5 sak, mener hun \u00e5 huske.<\/p>\n<p class=\"_paragraph_o9xde_4 _paragraph_xtcu6_10 layout-component text-serif-m layout-normal text-serif-m layout-padded\">\u2013 Jeg fikk bed\u00f8velseskrem og en stressball til \u00e5 klemme p\u00e5. S\u00e5 begynte hun \u00e5 stikke. Jeg visste at det skulle gj\u00f8re vondt, men hadde aldri forventet en slik smerte.<\/p>\n<p class=\"_paragraph_o9xde_4 _paragraph_xtcu6_10 layout-component text-serif-m layout-normal text-serif-m layout-padded\">Det f\u00f8ltes som om pleieren roterte n\u00e5len rundt inne i leppen, forteller hun.<\/p>\n<p class=\"_paragraph_o9xde_4 _paragraph_xtcu6_10 layout-component text-serif-m layout-normal text-serif-m layout-padded\">\u2013 Det var grusomt. Jeg skalv og kaldsvettet.<\/p>\n<p class=\"_paragraph_o9xde_4 _paragraph_xtcu6_10 layout-component text-serif-m layout-normal text-serif-m layout-padded\">Da hun kom hjem, var leppene hoven og svart.<\/p>\n<p class=\"_paragraph_o9xde_4 _paragraph_xtcu6_10 layout-component text-serif-m layout-normal text-serif-m layout-padded\">\u2013 Jeg ble n\u00f8dt til \u00e5 fortelle mamma hva jeg hadde gjort. Etter flere uker var leppene fortsatt klumpete og skjeve. Men jeg turte ikke \u00e5 g\u00e5 tilbake og sp\u00f8rre om det var slik det skulle v\u00e6re.<\/p>\n<p class=\"_paragraph_o9xde_4 _paragraph_xtcu6_10 layout-component text-serif-m layout-normal text-serif-m layout-padded\">VG har fors\u00f8kt \u00e5 f\u00e5 en kommentar fra klinikken Shack sier hun tok fillers p\u00e5 for seks \u00e5r siden \u2013 men vi har ikke f\u00e5tt svar. <\/p>\n<p class=\"_paragraph_o9xde_4 _paragraph_xtcu6_10 layout-component text-serif-m layout-normal text-serif-m layout-padded\">I dag, fem \u00e5r senere, smiler jeg fortsatt skjevt, sier hun.<\/p>\n<p class=\"_paragraph_o9xde_4 _paragraph_xtcu6_10 layout-component text-serif-m layout-normal text-serif-m layout-padded\">\u2013 Jeg tror jeg fikk en permanent skade. Leppene l\u00f8fter seg opp p\u00e5 den ene siden, mens den andre siden ikke beveger seg.<\/p>\n<p class=\"_paragraph_o9xde_4 _paragraph_xtcu6_10 layout-component text-serif-m layout-normal text-serif-m layout-padded\">Hun har fortsatt filler i leppen, forteller hun.<\/p>\n<p class=\"_paragraph_o9xde_4 _paragraph_xtcu6_10 layout-component text-serif-m layout-normal text-serif-m layout-padded\">Noen uker etter den ubehagelige opplevelsen opps\u00f8kte hun en annen klinikk. <\/p>\n<p class=\"_paragraph_o9xde_4 _paragraph_xtcu6_10 layout-component text-serif-m layout-normal text-serif-m layout-padded\">\u2013 De p\u00e5pekte at jeg trolig hadde blitt stukket feil, at fillere hadde klumpet seg og at mange blodkar var blitt sprengt. Jeg fikk korrigert skjevheten og har fylt p\u00e5 fillers et par ganger etterp\u00e5.<\/p>\n<p><img alt=\"\u2013 Jeg har et skjevt smil fordi 18 \u00e5r gamle Isabella ikke gadd \u00e5 gj\u00f8re research, sier hun.  Foto: isabellaschack5757\" class=\"_image_qp4xg_65 layout-component layout-normal\" data-fullscreen- data-track-element-type=\"Article image fullscreen\" data-track-name=\"ImageFullscreen\" decoding=\"async\" loading=\"lazy\" height=\"1504\" itemprop=\"image\"  src=\"https:\/\/www.europesays.com\/no\/wp-content\/uploads\/2025\/12\/e5fa6fc6-1154-44ce-ac77-04402cd6a154\"  style=\"object-position:0% 0%\" width=\"1320\"\/>\u2013 Jeg har et skjevt smil fordi 18 \u00e5r gamle Isabella ikke gadd \u00e5 gj\u00f8re research, sier hun.  Foto: isabellaschack5757<\/p>\n<p class=\"_paragraph_o9xde_4 _paragraph_xtcu6_10 layout-component text-serif-m layout-normal text-serif-m layout-padded\">Schack \u00f8nsker ikke \u00e5 henge ut klinikken.<\/p>\n<p class=\"_paragraph_o9xde_4 _paragraph_xtcu6_10 layout-component text-serif-m layout-normal text-serif-m layout-padded\">\u2013 Det har g\u00e5tt snart seks \u00e5r siden jeg var der, mye kan ha endret seg siden den gang. Jeg vil bare r\u00e5de folk til \u00e5 gj\u00f8re god research og tenke seg godt om f\u00f8r de endrer p\u00e5 utseende sitt.<\/p>\n<p class=\"_paragraph_o9xde_4 _paragraph_xtcu6_10 layout-component text-serif-m layout-normal text-serif-m layout-padded\">Hun vil heller ikke moralisere. Folk m\u00e5 velge selv om de vil ta fillers. <\/p>\n<p class=\"_paragraph_o9xde_4 _paragraph_xtcu6_10 layout-component text-serif-m layout-normal text-serif-m layout-padded\">\u2013 Men tenk deg godt om. Og hvis du skal ta, gj\u00f8r god research, les masse, opps\u00f8k flere salonger for en konsultasjon f\u00f8rst, ikke bare ta en tilfeldig klinikk p\u00e5 nettet. Og husk at noen fillere er permanente, sier hun.<\/p>\n<p><img alt=\"\" class=\"_image_qp4xg_65 layout-component layout-normal\" data-fullscreen- data-track-element-type=\"Article image fullscreen\" data-track-name=\"ImageFullscreen\" decoding=\"async\" loading=\"lazy\" height=\"1963\" itemprop=\"image\"  src=\"https:\/\/www.europesays.com\/no\/wp-content\/uploads\/2025\/12\/b86ad56c-5b25-4b6c-a35b-ae810e17cc53\"  style=\"object-position:0% 0%\" width=\"1320\"\/>21-\u00e5rs aldersgrense<\/p>\n<p class=\"_paragraph_o9xde_4 _paragraph_xtcu6_10 layout-component text-serif-m layout-normal text-serif-m layout-padded\">VG har sjekket med to av Oslos etablerte klinikker om hva man kan forvente hvis man skal ta fillers, hvilke forholdsregler b\u00f8r man ta, og hva som kan g\u00e5 galt.<\/p>\n<p class=\"_paragraph_o9xde_4 _paragraph_xtcu6_10 layout-component text-serif-m layout-normal text-serif-m layout-padded\">\u2013 Leppefiller er en medisinsk estetisk behandling som skal utf\u00f8res av kvalifisert helsepersonell, med tydelige rutiner for trygghet og pasientoppf\u00f8lging, sier Marianne J\u00e6gtvik Bergan, kosmetisk sykepleier p\u00e5 Akademikliniken Frogner.<\/p>\n<p><img alt=\"Marianne J\u00e6gtvik Bergan, kosmetisk sykepleier p\u00e5 Akademikliniken Frogner og regionsjef for Akademiklinikens Skin Centere.  Foto: Akademikliniken\" class=\"_image_qp4xg_65 layout-component layout-normal\" data-fullscreen- data-track-element-type=\"Article image fullscreen\" data-track-name=\"ImageFullscreen\" decoding=\"async\" loading=\"lazy\" height=\"2048\" itemprop=\"image\"  src=\"https:\/\/www.europesays.com\/no\/wp-content\/uploads\/2025\/12\/b5e4cc31-ee60-4da9-8f2d-7e28a8ca691a\"  style=\"object-position:0% 0%\" width=\"1600\"\/>Marianne J\u00e6gtvik Bergan, kosmetisk sykepleier p\u00e5 Akademikliniken Frogner og regionsjef for Akademiklinikens Skin Centere.  Foto: Akademikliniken<\/p>\n<p class=\"_paragraph_o9xde_4 _paragraph_xtcu6_10 layout-component text-serif-m layout-normal text-serif-m layout-padded\">De har 20-\u00e5rs aldersgrense p\u00e5 alle injeksjonsbehandlinger for \u00e5 sikre at beslutninger om estetiske behandlinger er veloverveide og medisinsk forsvarlige, sier Bergan, og understreker:<\/p>\n<p class=\"_paragraph_o9xde_4 _paragraph_xtcu6_10 layout-component text-serif-m layout-normal text-serif-m layout-padded\">\u2013 Lepper kan v\u00e6re et vanskelig omr\u00e5de som krever solid anatomisk forst\u00e5else og erfaring for \u00e5 behandle p\u00e5 en trygg m\u00e5te og for naturlige resultater. Leppefiller handler ikke bare om \u00e5 \u00f8ke volumet, men \u00e5 skape et resultat som ser naturlig ut og er i harmoni med resten av ansiktet.<\/p>\n<p>Vevsd\u00f8d og blodpropp<\/p>\n<p class=\"_paragraph_o9xde_4 _paragraph_xtcu6_10 layout-component text-serif-m layout-normal text-serif-m layout-padded\">Hos Beths Medispa er det 21-\u00e5rs grense for fillere.<\/p>\n<p class=\"_paragraph_o9xde_4 _paragraph_xtcu6_10 layout-component text-serif-m layout-normal text-serif-m layout-padded\">\u2013 Injeksjoner med hyaluronsyre (s\u00e5kalte fillers) er en relativt trygg prosedyre dersom den er utf\u00f8rt av en erfaren lege eller sykepleier, men den har sine mulige, men sjeldne komplikasjoner, sier hudlege hos Beths Medispa Miray Al-Mustafa og visepresident i European Society of Cosmetic and Aesthetic Dermatology.<\/p>\n<p><img alt=\"Det er viktig at den som injiserer, har god kjennskap til anatomi, sterilitet og gjenkjenning og behandling av slike komplikasjoner, sier hudlege hos Beths Medispa Miray Al-Mustafa.  Foto: Beate Willumsen\" class=\"_image_qp4xg_65 layout-component layout-normal\" data-fullscreen- data-track-element-type=\"Article image fullscreen\" data-track-name=\"ImageFullscreen\" decoding=\"async\" loading=\"lazy\" height=\"2975\" itemprop=\"image\"  src=\"https:\/\/www.europesays.com\/no\/wp-content\/uploads\/2025\/12\/e896ea78-2a5e-477d-8fbd-e6ddff2db44e\"  style=\"object-position:0% 0%\" width=\"2125\"\/>Det er viktig at den som injiserer, har god kjennskap til anatomi, sterilitet og gjenkjenning og behandling av slike komplikasjoner, sier hudlege hos Beths Medispa Miray Al-Mustafa.  Foto: Beate Willumsen<\/p>\n<p class=\"_paragraph_o9xde_4 _paragraph_xtcu6_10 layout-component text-serif-m layout-normal text-serif-m layout-padded\">Dersom filleren injiseres i en blod\u00e5re, kan den bli tett og i verste fall f\u00f8re til blodpropp. <\/p>\n<p class=\"_paragraph_o9xde_4 _paragraph_xtcu6_10 layout-component text-serif-m layout-normal text-serif-m layout-padded\">\u2013 Dette kan ikke behandles med blodfortynnende, fordi proppen er av filler, og ikke blod. Det m\u00e5 behandles innen f\u00e5 timer med hyaluronidase, et stoff som injiseres og l\u00f8ser opp hyaluronsyre-proppen, sier hun til VG.<\/p>\n<p class=\"_paragraph_o9xde_4 _paragraph_xtcu6_10 layout-component text-serif-m layout-normal text-serif-m layout-padded\">Dersom skaden ikke behandles, kan det oppst\u00e5 vevsd\u00f8d med infeksjon, misfarging og arrdannelser. Dersom proppen med filler kommer seg inn i noen forgreninger som forsyner \u00f8ynene, vil det f\u00f8re til blindhet, og i noen tilfeller slag.<\/p>\n<p class=\"_paragraph_o9xde_4 _paragraph_xtcu6_10 layout-component text-serif-m layout-normal text-serif-m layout-padded\">\u2013 Risikoen er heldigvis lav, men det har v\u00e6rt flere tilfeller hvor det har skjedd. <\/p>\n<p>11 \u00e5r gamle barn<\/p>\n<p class=\"_paragraph_o9xde_4 _paragraph_xtcu6_10 layout-component text-serif-m layout-normal text-serif-m layout-padded\">Schack sier hun kjenner p\u00e5 ansvaret for sine nesten 300 000 f\u00f8lgere i sosiale medier.<\/p>\n<p class=\"_paragraph_o9xde_4 _paragraph_xtcu6_10 layout-component text-serif-m layout-normal text-serif-m layout-padded\">\u2013 Jeg har mange unge f\u00f8lgere, barn ned i 11 \u00e5rs alder. Jeg vil ikke v\u00e6re den personen som introduserer dem for fillers.<\/p>\n<p class=\"_paragraph_o9xde_4 _paragraph_xtcu6_10 layout-component text-serif-m layout-normal text-serif-m layout-padded\">Da vil hun heller advare dem, sier hun.<\/p>\n<p class=\"_paragraph_o9xde_4 _paragraph_xtcu6_10 layout-component text-serif-m layout-normal text-serif-m layout-padded\">\u2013 Ingen trenger \u00e5 endre p\u00e5 noe med seg selv. I dag tenker jeg at jeg aldri burde gjort det den gangen.<\/p>\n<p><img alt=\"Influencer Isabella Schack var ikke forberedt p\u00e5 hvordan det skulle g\u00e5 da hun valgte \u00e5 ta leppefillers.  Foto: Privat\" class=\"_image_qp4xg_65 layout-component layout-normal\" data-fullscreen- data-track-element-type=\"Article image fullscreen\" data-track-name=\"ImageFullscreen\" decoding=\"async\" loading=\"lazy\" height=\"1712\" itemprop=\"image\"  src=\"https:\/\/www.europesays.com\/no\/wp-content\/uploads\/2025\/12\/e8fe8699-70ca-44b3-ab12-84649b7ddbcd\"  style=\"object-position:0% 0%\" width=\"1320\"\/>Influencer Isabella Schack var ikke forberedt p\u00e5 hvordan det skulle g\u00e5 da hun valgte \u00e5 ta leppefillers.  Foto: Privat<\/p>\n<p class=\"_paragraph_o9xde_4 _paragraph_xtcu6_10 layout-component text-serif-m layout-normal text-serif-m layout-padded\">Men det er s\u00e5 lett \u00e5 bli p\u00e5virket, sier hun.<\/p>\n<p class=\"_paragraph_o9xde_4 _paragraph_xtcu6_10 layout-component text-serif-m layout-normal text-serif-m layout-padded\">Derfor har influenceren et \u00f8nske:<\/p>\n<p class=\"_paragraph_o9xde_4 _paragraph_xtcu6_10 layout-component text-serif-m layout-normal text-serif-m layout-padded\">\u2013 V\u00e6r forsiktig med \u00e5 kommentere andres utseende. En kommentar kan v\u00e6re nok.<\/p>\n<p>Sjekkliste<\/p>\n<p class=\"_paragraph_o9xde_4 _paragraph_xtcu6_10 _paragraph_16v91_10 layout-component text-serif-m layout-normal text-sans-m layout-padded\">Dette b\u00f8r du forvente av en seri\u00f8s akt\u00f8r:<\/p>\n<ul class=\"_list_o9xde_3 _list_xtcu6_9 _list_16v91_9 _unordered_o9xde_106 layout-component text-serif-m layout-normal text-sans-m layout-padded\">\n<li class=\"_item_o9xde_30\">Ha en grundig gjennomgang av helseinformasjon, eventuelle medisiner, tidligere behandlinger, forventninger, mulige bivirkninger og hvilken type filler som er aktuell. Sjekk hvor erfaren behandleren er, og kundenes tilbakemeldingene til klinikken.<\/li>\n<li class=\"_item_o9xde_30\">Permanente fillere er ikke praksis for seri\u00f8se klinikker.<\/li>\n<li class=\"_item_o9xde_30\">I stedet brukes hyaluronsyrefillere som kan l\u00f8ses opp dersom noe uforutsett skulle oppst\u00e5, eller om pasienten ikke skulle trives med resultatet.<\/li>\n<li class=\"_item_o9xde_30\">Viktig \u00e5 ha tilgang til hyaluronidase som er et enzym som kan l\u00f8se opp filler umiddelbart.<\/li>\n<li class=\"_item_o9xde_30\">Viktig at filleren som er brukt, er laget under anerkjente, sterile forhold. <\/li>\n<li class=\"_item_o9xde_30\">En seri\u00f8s klinikk skal avst\u00e5 fra behandling hvis pasientens \u00f8nsker ikke vil gi et naturlig og harmonisk resultat.<\/li>\n<li class=\"_item_o9xde_30\">En leppebehandling kan v\u00e6re litt smertefull, men god teknikk og korrekt bed\u00f8velse reduserer dette betraktelig. <\/li>\n<li class=\"_item_o9xde_30\">Vanlige reaksjoner de f\u00f8rste dagene er lette hevelser, \u00f8mhet og mindre bl\u00e5merker. St\u00f8rre hematomer er sjeldne, men kan oppst\u00e5. De fleste hevelser legger seg i l\u00f8pet av 1\u20132 uker.<\/li>\n<li class=\"_item_o9xde_30\">Komplikasjoner kan oppst\u00e5 om man f\u00e5r trykk p\u00e5 eller tetter en blod\u00e5re, som i verste fall kan f\u00f8re til nedsatt sirkulasjon eller vevsskade. Dette er sv\u00e6rt sjeldent.<\/li>\n<li class=\"_item_o9xde_30\">Infeksjoner kan ogs\u00e5 forekomme, men risikoen er lav dersom man f\u00f8lger hygieniske rutiner og etterbehandlingsr\u00e5d.<\/li>\n<li class=\"_item_o9xde_30\">En immunologisk reaksjon, som kan komme flere \u00e5r senere: Kroppen oppfatter filleren som et skadelig fremmedlegeme, og pr\u00f8ver enten \u00e5 kapsle det inn, angripe det eller presse det ut av filleren. Det kan resultere i alt fra mindre kuledannelser, til st\u00f8rre byller, arr og hudreaksjoner og plager i forbindelse med dette.<\/li>\n<li class=\"_item_o9xde_30\">Velg en klinikk som er tilgjengelig for pasienten ogs\u00e5 etter \u00e5pningstid ved behov.<\/li>\n<li class=\"_item_o9xde_30\">Fillere kan \u00abmigrere\u00bb, alts\u00e5 flytte p\u00e5 seg, dersom man fyller for mye og for ofte, eller bruker feil teknikk.<\/li>\n<\/ul>\n<p class=\"_paragraph_o9xde_4 _paragraph_xtcu6_10 _paragraph_16v91_10 layout-component text-serif-m layout-normal text-sans-m layout-padded\">Kilde: Akademiklinikens Skin Centere og Beths Medispa<\/p>\n<p>Vis mer    <\/p>\n","protected":false},"excerpt":{"rendered":"Influencer Isabella Schack advarer ungdom mot \u00e5 endre utseendet p\u00e5 grunn av andres kommentarer. Kommentaren om leppene hennes&hellip;\n","protected":false},"author":2,"featured_media":105914,"comment_status":"","ping_status":"","sticky":false,"template":"","format":"standard","meta":{"footnotes":""},"categories":[10],"tags":[2304,20,21,24,25,15,829,22,23,13,30,28,29,14,16,26,27,3587],"class_list":{"0":"post-105913","1":"post","2":"type-post","3":"status-publish","4":"format-standard","5":"has-post-thumbnail","7":"category-norge","8":"tag-aldersgrense","9":"tag-breaking-news","10":"tag-breakingnews","11":"tag-featured-news","12":"tag-featurednews","13":"tag-headlines","14":"tag-influencer","15":"tag-latest-news","16":"tag-latestnews","17":"tag-news","18":"tag-no","19":"tag-norge","20":"tag-norway","21":"tag-nyheter","22":"tag-overskrifter","23":"tag-top-stories","24":"tag-topstories","25":"tag-utseende"},"share_on_mastodon":{"url":"https:\/\/pubeurope.com\/@no\/115673479736411367","error":""},"_links":{"self":[{"href":"https:\/\/www.europesays.com\/no\/wp-json\/wp\/v2\/posts\/105913","targetHints":{"allow":["GET"]}}],"collection":[{"href":"https:\/\/www.europesays.com\/no\/wp-json\/wp\/v2\/posts"}],"about":[{"href":"https:\/\/www.europesays.com\/no\/wp-json\/wp\/v2\/types\/post"}],"author":[{"embeddable":true,"href":"https:\/\/www.europesays.com\/no\/wp-json\/wp\/v2\/users\/2"}],"replies":[{"embeddable":true,"href":"https:\/\/www.europesays.com\/no\/wp-json\/wp\/v2\/comments?post=105913"}],"version-history":[{"count":0,"href":"https:\/\/www.europesays.com\/no\/wp-json\/wp\/v2\/posts\/105913\/revisions"}],"wp:featuredmedia":[{"embeddable":true,"href":"https:\/\/www.europesays.com\/no\/wp-json\/wp\/v2\/media\/105914"}],"wp:attachment":[{"href":"https:\/\/www.europesays.com\/no\/wp-json\/wp\/v2\/media?parent=105913"}],"wp:term":[{"taxonomy":"category","embeddable":true,"href":"https:\/\/www.europesays.com\/no\/wp-json\/wp\/v2\/categories?post=105913"},{"taxonomy":"post_tag","embeddable":true,"href":"https:\/\/www.europesays.com\/no\/wp-json\/wp\/v2\/tags?post=105913"}],"curies":[{"name":"wp","href":"https:\/\/api.w.org\/{rel}","templated":true}]}}