{"id":105915,"date":"2025-12-06T16:06:09","date_gmt":"2025-12-06T16:06:09","guid":{"rendered":"https:\/\/www.europesays.com\/no\/105915\/"},"modified":"2025-12-06T16:06:09","modified_gmt":"2025-12-06T16:06:09","slug":"slatt-konkurs-gjenoppstar-uten-lund-svindal-pa-laget-e24","status":"publish","type":"post","link":"https:\/\/www.europesays.com\/no\/105915\/","title":{"rendered":"Sl\u00e5tt konkurs \u2013 gjenoppst\u00e5r uten Lund Svindal p\u00e5 laget \u2013 E24"},"content":{"rendered":"<p class=\"fullWidthDesktop hyperion-css-71ztg2\" data-test-tag=\"lead-text\">Plateful-gr\u00fcnder Lars-Kristian Leiro har hentet penger og f\u00e5tt matsvinnselskapet i drift igjen.<\/p>\n<p><img decoding=\"async\" class=\"image-asset hyperion-css-u06ts1\" data-test-tag=\"image-asset\" src=\"https:\/\/www.europesays.com\/no\/wp-content\/uploads\/2025\/12\/8533c26e-49f8-4a32-9cc3-64a651a19b87\"  alt=\"Lars-Kristian Leiro er klar for mer kontrollert vekst for Plateful. \"  loading=\"eager\" fetchpriority=\"high\" style=\"aspect-ratio:1900 \/ 1266\"\/>Lars-Kristian Leiro er klar for mer kontrollert vekst for Plateful. Foto: ANNE VALEURPublisert: Publisert: <\/p>\n<p>For mindre enn 20 minutter siden<\/p>\n<ul class=\"hyperion-css-pte5x0\">\n<li aria-label=\"link\" class=\"narrow-button hyperion-css-1sz7d3n\">Kopier lenke<\/li>\n<li aria-label=\"link\" class=\"wide-button hyperion-css-1sz7d3n\">Kopier lenke<\/li>\n<li aria-label=\"facebook\" class=\"narrow-button hyperion-css-1sz7d3n\">Del p\u00e5 Facebook<\/li>\n<li aria-label=\"facebook\" class=\"wide-button hyperion-css-1sz7d3n\">Del p\u00e5 Facebook<\/li>\n<li aria-label=\"email\" class=\"narrow-button hyperion-css-1sz7d3n\">Del med e-post<\/li>\n<li aria-label=\"email\" class=\"wide-button hyperion-css-1sz7d3n\">Del med e-post<\/li>\n<\/ul>\n<p class=\"hyperion-css-1lemvax\">Matsvinnselskapet Plateful, som lager marked for mat som ikke ville blitt solgt i det ordin\u00e6re markedet, <a data-test-tag=\"internal-link\" href=\"https:\/\/e24.no\/boers-og-finans\/i\/vgvMgL\/matsvinn-selskap-konkurs\" class=\"hyperion-css-1rezu2g\" rel=\"nofollow noopener\" target=\"\" aria-label=\"ble sl\u00e5tt konkurs i slutten av oktober\">ble sl\u00e5tt konkurs i slutten av oktober<\/a>. <\/p>\n<p class=\"hyperion-css-1lemvax\">Daglig leder var Lars-Kristian Leiro, mens investoren og tidligere alpinist Aksel Lund Svindal var styreleder gjennom investeringsselskapet Norselab.<\/p>\n<p class=\"hyperion-css-1lemvax\">N\u00e5 har Leiro, sammen med Fauna Eiendom, spyttet inn nok penger til at driften har blitt satt i gang igjen. <\/p>\n<p class=\"hyperion-css-1lemvax\">\u2013 Hvis vi summerer kj\u00f8p av bo som egenkapital i varelager og innskudd, har vi hentet opp mot 15 millioner. Det er vi som har f\u00e5tt det p\u00e5 beina, sier Leiro til E24. <\/p>\n<p><a data-test-tag=\"teaser-small:link-internal\" href=\"https:\/\/e24.no\/boers-og-finans\/i\/2pnljy\/tre-eksperter-slik-investerer-du-100000-neste-aar\" class=\"imagePosition-top inline hyperion-css-6238vu\" rel=\"nofollow noopener\" target=\"\" aria-label=\"Tre eksperter: Slik investerer du 100.000 neste \u00e5r\"><\/p>\n<p>Les p\u00e5 E24+<\/p>\n<p>Tre eksperter: Slik investerer du 100.000 neste \u00e5r<\/p>\n<p><\/a><\/p>\n<p class=\"hyperion-css-1lemvax\">De to st\u00f8rste eierpostene f\u00f8r konkursen var Norselab og Asko i tillegg til Leiro. De er ikke med videre, mens Fauna Eiendom og Leiros LK Optimum n\u00e5 er inne med en 50 prosents andel av selskapet hver. <\/p>\n<p class=\"hyperion-css-1lemvax\">\u2013 N\u00e5 har vi rigget oss for fremtiden p\u00e5 en mer stabil omsetning med kontrollert vekst og l\u00f8nnsomhet, fremfor \u00e5 ha den s\u00e5len som var bygd for mer ekspansjon, sier Leiro. <\/p>\n<p class=\"hyperion-css-1lemvax\"><strong>Av de 20 ansatte da styret slo selskapet konkurs i november, er 14 med videre, opplyser gr\u00fcnderen. <\/strong><\/p>\n<p class=\"hyperion-css-1lemvax\">Aksel Lund Svindal har ikke svart p\u00e5 E24s henvendelser. Norselab-sjef Erik Syvertsen skriver i en tekstmelding at de ikke har noen kommentarer til saken. <\/p>\n<p><a data-test-tag=\"teaser-small:link-internal\" href=\"https:\/\/e24.no\/boers-og-finans\/i\/bOM8OB\/disse-bankaksjene-gir-best-utbytte\" class=\"imagePosition-top inline hyperion-css-6238vu\" rel=\"nofollow noopener\" target=\"\" aria-label=\"Disse bankaksjene gir best utbytte\"><\/p>\n<p>Les p\u00e5 E24+<\/p>\n<p>Disse bankaksjene gir best utbytte<\/p>\n<p><\/a>\u2013 Alle ser verdien av det<\/p>\n<p class=\"hyperion-css-1lemvax\">Plateful-sjefen sier at de ser at det private er veldig p\u00e5koblet, og at selskapet jobber med mange hoteller og kantiner. <\/p>\n<p class=\"hyperion-css-1lemvax\">\u2013 Alle ser verdien av det, men det offentlige er en utfordring, sier Leiro. <\/p>\n<p class=\"hyperion-css-1lemvax\">Han sier han gjerne skulle sett at det offentlige ble med p\u00e5 \u00e5 redusere matsvinn. <\/p>\n<p class=\"hyperion-css-1lemvax\">\u2013 Det burde v\u00e6rt interessant for dem \u00e5 kutte kostnader, men der har vi v\u00e6rt p\u00e5 blant annet i ombudsprosesser, uten \u00e5 f\u00e5 geh\u00f8r for noen ting. Selv om de synes det vi jobber med, er interessant. Det private er veldig p\u00e5 ballen, sier han. <\/p>\n<p>\u2013 Relativt stor virksomhet<\/p>\n<p class=\"hyperion-css-1lemvax\">Anders Ruud Christensen, som ble satt inn som bostyrer for selskapet etter konkursen, bekrefter at han har f\u00e5tt informasjon om at de har inng\u00e5tt en avtale med banken og kj\u00f8pt ut eiendelene til det tidligere selskapet. <\/p>\n<p class=\"hyperion-css-1lemvax\">\u2013 N\u00e5r pant overstiger verdiene, har vi opphevet konkursbeslaget, og da har de reelt sett kj\u00f8pt driften og eiendelene av banken, sier advokaten. <\/p>\n<p class=\"hyperion-css-1lemvax\">Bakgrunnen for konkursen var at de ikke kunne drive videre, da banken deres ikke ville fornye kredittrammen til den st\u00f8rrelsen de hadde tidligere. <\/p>\n<p class=\"hyperion-css-1lemvax\">\u2013 Det er en relativt stor virksomhet, og vi har ikke gjort ferdig v\u00e5re unders\u00f8kelser om selskapet og deres drift. F\u00f8rste skiftesamling er i januar, men det er intet ut fra forel\u00f8pige unders\u00f8kelser som tilsier noen kritikkverdige forhold, sier Christensen. <\/p>\n<p class=\"hyperion-css-1lemvax\">Han sier det er \u00f8nskelig at virksomheter drives videre etter konkurser av hensyn til de ansatte. <\/p>\n<p class=\"hyperion-css-1lemvax\">\u2013 En rask videref\u00f8ring av eksisterende drift reduserer ogs\u00e5 l\u00f8nnskravene i boet, som ellers ville blitt dekket av l\u00f8nnsgarantiordningen, sier Christensen. <\/p>\n","protected":false},"excerpt":{"rendered":"Plateful-gr\u00fcnder Lars-Kristian Leiro har hentet penger og f\u00e5tt matsvinnselskapet i drift igjen. Lars-Kristian Leiro er klar for mer&hellip;\n","protected":false},"author":2,"featured_media":105916,"comment_status":"","ping_status":"","sticky":false,"template":"","format":"standard","meta":{"footnotes":""},"categories":[5],"tags":[20,21,24,25,15,19,22,23,17,18,13,30,28,29,14,16,26,27],"class_list":{"0":"post-105915","1":"post","2":"type-post","3":"status-publish","4":"format-standard","5":"has-post-thumbnail","7":"category-overskrifter","8":"tag-breaking-news","9":"tag-breakingnews","10":"tag-featured-news","11":"tag-featurednews","12":"tag-headlines","13":"tag-hovedoppslag","14":"tag-latest-news","15":"tag-latestnews","16":"tag-main-news","17":"tag-mainnews","18":"tag-news","19":"tag-no","20":"tag-norge","21":"tag-norway","22":"tag-nyheter","23":"tag-overskrifter","24":"tag-top-stories","25":"tag-topstories"},"share_on_mastodon":{"url":"https:\/\/pubeurope.com\/@no\/115673483398700391","error":""},"_links":{"self":[{"href":"https:\/\/www.europesays.com\/no\/wp-json\/wp\/v2\/posts\/105915","targetHints":{"allow":["GET"]}}],"collection":[{"href":"https:\/\/www.europesays.com\/no\/wp-json\/wp\/v2\/posts"}],"about":[{"href":"https:\/\/www.europesays.com\/no\/wp-json\/wp\/v2\/types\/post"}],"author":[{"embeddable":true,"href":"https:\/\/www.europesays.com\/no\/wp-json\/wp\/v2\/users\/2"}],"replies":[{"embeddable":true,"href":"https:\/\/www.europesays.com\/no\/wp-json\/wp\/v2\/comments?post=105915"}],"version-history":[{"count":0,"href":"https:\/\/www.europesays.com\/no\/wp-json\/wp\/v2\/posts\/105915\/revisions"}],"wp:featuredmedia":[{"embeddable":true,"href":"https:\/\/www.europesays.com\/no\/wp-json\/wp\/v2\/media\/105916"}],"wp:attachment":[{"href":"https:\/\/www.europesays.com\/no\/wp-json\/wp\/v2\/media?parent=105915"}],"wp:term":[{"taxonomy":"category","embeddable":true,"href":"https:\/\/www.europesays.com\/no\/wp-json\/wp\/v2\/categories?post=105915"},{"taxonomy":"post_tag","embeddable":true,"href":"https:\/\/www.europesays.com\/no\/wp-json\/wp\/v2\/tags?post=105915"}],"curies":[{"name":"wp","href":"https:\/\/api.w.org\/{rel}","templated":true}]}}