{"id":105917,"date":"2025-12-06T16:08:32","date_gmt":"2025-12-06T16:08:32","guid":{"rendered":"https:\/\/www.europesays.com\/no\/105917\/"},"modified":"2025-12-06T16:08:32","modified_gmt":"2025-12-06T16:08:32","slug":"carola-haggkvist-kjoper-drommegard-i-skane-for-musikk-og-avslapning","status":"publish","type":"post","link":"https:\/\/www.europesays.com\/no\/105917\/","title":{"rendered":"Carola H\u00e4ggkvist kj\u00f8per dr\u00f8mmeg\u00e5rd i Sk\u00e5ne for musikk og avslapning"},"content":{"rendered":"<p class=\"kicker \" style=\"\">Carola H\u00e4ggkvists:<\/p>\n<p>  Etter flere \u00e5r i villaen ved Steninge Slott har sangstjernen n\u00e5 funnet dr\u00f8mmeboligen.\u00a0<\/p>\n<p>\n    HOLDER DET G\u00c5ENDE: 59 \u00e5r gamle Carola H\u00e4ggkvist ligger ikke p\u00e5 latsiden. Etter flere ti\u00e5r i musikkbransjen holder hun fortsatt konserter for fulle saler og hun var senest aktuell med den norske utgaven av TV 2-serien \u00abHver gang vi m\u00f8tes\u00bb i 2024. Foto: Skjermbilde: @carolaofficiell \/ Instagram\n  <\/p>\n<p>Den svenske superstjernen Carola H\u00e4ggkvist (59) avsl\u00f8rte i en nylig sending av \u00abNyhetsmorgon\u00bb at hun har kj\u00f8pt dr\u00f8mmeg\u00e5rden sin i Sk\u00e5ne.<\/p>\n<p>    <a itemprop=\"url\" href=\"https:\/\/www.seher.no\/kjendis\/jeg-har-fatt-ny-jobb\/83928359\" rel=\"nofollow noopener\" target=\"_blank\"><\/p>\n<p>      <img loading=\"lazy\" decoding=\"async\" src=\"https:\/\/www.europesays.com\/no\/wp-content\/uploads\/2025\/12\/1765037289_466_83889343.webp\" width=\"147\" height=\"100\" title=\"- Jeg har f\u00e5tt ny jobb\" alt=\"\" class=\"lazyload\" style=\"--aspect-ratio-image: 1.47; \"\/><\/p>\n<p>        &#8211; Jeg har f\u00e5tt ny jobb<\/p>\n<p>    <\/a><\/p>\n<p>Det melder blant andre <a href=\"https:\/\/www.expressen.se\/noje\/musik\/carolas-nya-affar-har-kopt-gard-i-skane-\/\" rel=\"nofollow noopener\" target=\"_blank\">Expressen <\/a>og <a href=\"https:\/\/www.hant.se\/noje\/carola-hus\/11162955\" rel=\"nofollow noopener\" target=\"_blank\">H\u00e4nt<\/a>.\u00a0<\/p>\n<p class=\"font-weight-bold m-font-weight-bold\" data-lab-font_weight=\"font-weight-bold\">&#8211;\u00a0 Endelig har jeg funnet en g\u00e5rd i Sk\u00e5ne. Jeg har lett etter en g\u00e5rd, en egen g\u00e5rd, en vei til frihet, fortalte hun begeistret under TV-sendingen.\u00a0<\/p>\n<p>          <img loading=\"lazy\" decoding=\"async\" src=\"https:\/\/www.europesays.com\/no\/wp-content\/uploads\/2025\/12\/83938323.webp\" width=\"686\" height=\"474\" title=\"G\u00c5RDSDR\u00d8M: Carola har lenge dr\u00f8mt om \u00e5 flytte p\u00e5 en g\u00e5rd. N\u00e5 har dr\u00f8mmen endelig g\u00e5tt i oppfyllelse.Foto: Stella Pictures\" alt=\"\" class=\"\" style=\"--aspect-ratio-image: 1.45; \"\/><\/p>\n<p>\n          G\u00c5RDSDR\u00d8M: Carola har lenge dr\u00f8mt om \u00e5 flytte p\u00e5 en g\u00e5rd. N\u00e5 har dr\u00f8mmen endelig g\u00e5tt i oppfyllelse.Foto: Stella Pictures\n      <\/p>\n<p>          <img loading=\"lazy\" decoding=\"async\" src=\"https:\/\/www.europesays.com\/no\/wp-content\/uploads\/2025\/12\/83938325.webp\" width=\"686\" height=\"446\" title=\"FRODIGE OMGIVELSER: Her kan Carola nyte b\u00e5de late og travle dager med familien. Foto: Stella Pictures\" alt=\"\" class=\"\" style=\"--aspect-ratio-image: 1.54; \"\/><\/p>\n<p>\n          FRODIGE OMGIVELSER: Her kan Carola nyte b\u00e5de late og travle dager med familien. Foto: Stella Pictures\n      <\/p>\n<p>&#8211; F\u00f8les helt fantastisk\u00a0\t<\/p>\n<p>Carola, som slo gjennom med klassikeren \u00abFr\u00e4mling\u00bb i 1983, og har hatt en lang og variert karriere innen pop, schlager, gospel og julemusikk, forklarte videre at g\u00e5rden skal bli et sted for b\u00e5de avslapning og musikk:<\/p>\n<p>&#8211; Jeg tenker jo at jeg skal roe litt ned der, men sannheten er nok at jeg kommer til \u00e5 jobbe en hel del ogs\u00e5 &#8211; og det synes jeg bare er herlig. Jeg skal ha konserter p\u00e5 g\u00e5rden og invitere publikum.\u00a0<\/p>\n<p>        NY SESONG: \u00abAlle elsker David\u00bb gj\u00f8r endringer i sin syvende sesong. Video: TV 2\/ Danny Son Ngoc To \/ Thea Hope\/ R\u00f8d L\u00f8per<\/p>\n<p>Med g\u00e5rden p\u00e5 plass ser det ut til at superstjernen har funnet sin egen lille oase, hvor hun kan kombinere familieliv, arbeid og musikk p\u00e5 en og samme plass.<\/p>\n<p>&#8211; Det f\u00f8les helt fantastisk, innr\u00f8mmet artisten.\u00a0<\/p>\n<p>          <img loading=\"lazy\" decoding=\"async\" src=\"https:\/\/www.europesays.com\/no\/wp-content\/uploads\/2025\/12\/83938337.webp\" width=\"686\" height=\"1084\" title=\"LEKKERT: Det er flere vakre blomster som omkranser deler av g\u00e5rden. Foto: Stella Pictures\" alt=\"\" class=\"\" style=\"--aspect-ratio-image: 0.63; \"\/><\/p>\n<p>\n          LEKKERT: Det er flere vakre blomster som omkranser deler av g\u00e5rden. Foto: Stella Pictures\n      <\/p>\n<p>N\u00f8klene til den nye g\u00e5rden fikk hun tildelt\u00a0 4. desember, samme dag som den nye juleforestillingen hennes p\u00e5 Cirkus i Stockholm hadde premiere.\u00a0<\/p>\n<p>&#8211; Jeg f\u00e5r se om noen andre kan hjelpe til med \u00e5 flytte inn, sa hun i \u00abNyhetsmorgon\u00bb.\u00a0<\/p>\n<p>          <img loading=\"lazy\" decoding=\"async\" src=\"https:\/\/www.europesays.com\/no\/wp-content\/uploads\/2025\/12\/83938338.webp\" width=\"686\" height=\"494\" title=\"MILLIONDR\u00d8M: Carola punget ut nesten \u00e5tte millioner svenske kroner for g\u00e5rden. Foto: Stella Pictures\" alt=\"\" class=\"\" style=\"--aspect-ratio-image: 1.39; \"\/><\/p>\n<p>\n          MILLIONDR\u00d8M: Carola punget ut nesten \u00e5tte millioner svenske kroner for g\u00e5rden. Foto: Stella Pictures\n      <\/p>\n<p>          <img loading=\"lazy\" decoding=\"async\" src=\"https:\/\/www.europesays.com\/no\/wp-content\/uploads\/2025\/12\/83944798.webp\" width=\"686\" height=\"474\" title=\"IDYLLISK: P\u00e5 denne g\u00e5rden skal blant annet Carola arrangere konserter. Foto: Stella Pictures\" alt=\"\" class=\"\" style=\"--aspect-ratio-image: 1.45; \"\/><\/p>\n<p>\n          IDYLLISK: P\u00e5 denne g\u00e5rden skal blant annet Carola arrangere konserter. Foto: Stella Pictures\n      <\/p>\n<p class=\"font-weight-bold m-font-weight-bold\" data-lab-font_weight=\"font-weight-bold\">If\u00f8lge <a href=\"https:\/\/www.sydsvenskan.se\/skane\/har-ar-carolas-nya-skanska-gard\/\" rel=\"nofollow noopener\" target=\"_blank\">Sydsvenskan<\/a> punget den svenske popstjernen ut 7, 8 svenske millioner kroner for g\u00e5rden, rundt 8,35 millioner norske kroner.\u00a0<\/p>\n<p>G\u00e5rden ligger i Vejbysl\u00e4tt, nord for \u00c4ngelholm, og har et tomteareal p\u00e5 tre hektar, noe som tilsvarer litt over fire fotballbaner.\u00a0<\/p>\n<p>        KLINTE TIL: Artist Adrian Sellevoll kliner til i f\u00f8rste episode av \u00abRampenissen\u00bb, og r\u00f8per at han ble singel rett etter innspillingen. Reporter: Sanne Holt. Video: TV 2\/ \u00abRampenissen\u00bb\/ Sanne Holt\/ Vicotoria L\u00f8vik\/ R\u00f8d L\u00f8per<\/p>\n<p>Dr\u00f8mmen knuste i tusen knas\u00a0\t<\/p>\n<p>Den folkekj\u00e6re artisten har lenge lett etter et nytt sted \u00e5 bo i S\u00f8r-Sverige. I 2022 var dr\u00f8mmen n\u00e6r \u00e5 g\u00e5 i oppfyllelse da hun fant en g\u00e5rd i B\u00e5stad.\u00a0<\/p>\n<p>Dr\u00f8mmen ble derimot knust da kj\u00f8pet ble stoppet av naboer som blant var urolige for h\u00f8y musikk. Den gang skrev Carola i et innlegg p\u00e5 Instagram om planene hun hadde for B\u00e5stad-g\u00e5rden.\u00a0<\/p>\n<p>          <img loading=\"lazy\" decoding=\"async\" src=\"https:\/\/www.europesays.com\/no\/wp-content\/uploads\/2025\/12\/83939515.webp\" width=\"686\" height=\"796\" title=\"- BETYR ALT: Carola adopterte datteren Zoe fra S\u00f8r-Afrika i 2012, da Zoe var tre \u00e5r gammel. Siden da har popstjernen gjentatte ganger uttalt at datteren betyr alt for henne. Foto: Skjermbilde: @carolaofficiell \/ Instagram\" alt=\"\" class=\"\" style=\"--aspect-ratio-image: 0.86; \"\/><\/p>\n<p>\n          &#8211; BETYR ALT: Carola adopterte datteren Zoe fra S\u00f8r-Afrika i 2012, da Zoe var tre \u00e5r gammel. Siden da har popstjernen gjentatte ganger uttalt at datteren betyr alt for henne. Foto: Skjermbilde: @carolaofficiell \/ Instagram\n      <\/p>\n<p>\u00abJeg ser for meg kule glamping-telt for sommerleirer og artist-camps for b\u00e5de barn og voksne.Jeg ser for meg foredrag &#8211; og muligheten til \u00e5 invitere andre artister til konserter\u00bb, skrev hun den gang.\u00a0<\/p>\n<p>N\u00e5 kan artistens planer bli til virkelighet med den nye g\u00e5rden.\u00a0<\/p>\n<p>        KLINTE TIL: Artist Adrian Sellevoll kliner til i f\u00f8rste episode av \u00abRampenissen\u00bb, og r\u00f8per at han ble singel rett etter innspillingen. Reporter: Sanne Holt. Video: TV 2\/ \u00abRampenissen\u00bb\/ Sanne Holt\/ Vicotoria L\u00f8vik\/ R\u00f8d L\u00f8per<\/p>\n<p class=\"font-weight-bold m-font-weight-bold\" data-lab-font_weight=\"font-weight-bold\">Men dette er langt ifra f\u00f8rste gangen popstjernen flytter p\u00e5 seg.\u00a0<\/p>\n<p class=\"font-weight-normal m-font-weight-normal\" data-lab-font_weight=\"font-weight-normal\"> V\u00e5ren 2018 valgte hun\u00a0\u00e5 pakke sammen livet hun hadde laget i sin leilighet i Bromma i Stockholm.\u00a0\u00a0<\/p>\n<p>    <a itemprop=\"url\" href=\"https:\/\/www.seher.no\/kjendis\/innrommer-utroskap\/83935193\" rel=\"nofollow noopener\" target=\"_blank\"><\/p>\n<p>      <img loading=\"lazy\" decoding=\"async\" src=\"https:\/\/www.europesays.com\/no\/wp-content\/uploads\/2025\/12\/1765037301_378_83934986.webp\" width=\"147\" height=\"98\" title=\"Innr\u00f8mmer utroskap\" alt=\"\" class=\"lazyload\" style=\"--aspect-ratio-image: 1.50; \"\/><\/p>\n<p>        Innr\u00f8mmer utroskap<\/p>\n<p>    <\/a><\/p>\n<p class=\"font-weight-normal m-font-weight-normal\" data-lab-font_weight=\"font-weight-normal\">Ferden gikk derimot ikke s\u00e5 langt i kilometer, men trivselsmessig var det et syvmilssteg. Artisten bosatte seg nemlig i en villa p\u00e5 omr\u00e5det til \u00e6rverdige Steninge Slott. <\/p>\n<p>          <img loading=\"lazy\" decoding=\"async\" src=\"https:\/\/www.europesays.com\/no\/wp-content\/uploads\/2025\/12\/83934658.webp\" width=\"686\" height=\"652\" title=\"KALLER DET KATEDRALEN: 58-\u00e5ringen kaller boligen sin for en katedral, og p\u00e5 den meget romslige eiendommen finnes b\u00e5de brygge, utend\u00f8rs boblebad og et vakkert klokket\u00e5rn som ringer hver hele time. Foto: NTB\" alt=\"\" class=\"\" style=\"--aspect-ratio-image: 1.05; \"\/><\/p>\n<p>\n          KALLER DET KATEDRALEN: 58-\u00e5ringen kaller boligen sin for en katedral, og p\u00e5 den meget romslige eiendommen finnes b\u00e5de brygge, utend\u00f8rs boblebad og et vakkert klokket\u00e5rn som ringer hver hele time. Foto: NTB\n      <\/p>\n<p class=\"font-weight-normal m-font-weight-normal\" data-lab-font_weight=\"font-weight-normal\"> &#8211; Jeg spurte Gud: Hvor skal vi flytte n\u00e5? Og vet du hvilket ord jeg fikk til svar? \u00abSlott\u00bb. Oh my God, tenkte jeg. Hvordan skal jeg ha r\u00e5d til et slott? delte hun overfor magasinet Vi i Villa.<\/p>\n<p>          <img loading=\"lazy\" decoding=\"async\" src=\"https:\/\/www.europesays.com\/no\/wp-content\/uploads\/2025\/12\/83934661.webp\" width=\"686\" height=\"885\" title=\"INNSIDEN: Foto: Skjermbilde: @carolaofficiell \/ Instagram\" alt=\"\" class=\"\" style=\"--aspect-ratio-image: 0.78; \"\/><\/p>\n<p>\n          INNSIDEN: Foto: Skjermbilde: @carolaofficiell \/ Instagram\n      <\/p>\n<p class=\"font-weight-normal m-font-weight-normal\" data-lab-font_weight=\"font-weight-normal\">I 2023 kj\u00f8pte hun ogs\u00e5 en leilighet i Stockholm, slik at datteren Z\u00f6e skulle f\u00e5 kortere vei til skolen.\u00a0<\/p>\n<p class=\"font-weight-normal m-font-weight-normal\" data-lab-font_weight=\"font-weight-normal\"> De siste \u00e5rene har Carola bodd i huset sammen med adoptivdatteren Zoe, men n\u00e5 g\u00e5r ferden videre og artisten velger \u00abslott\u00bb vekk til fordel for g\u00e5rd.\u00a0<\/p>\n<p>          <img loading=\"lazy\" decoding=\"async\" src=\"https:\/\/www.europesays.com\/no\/wp-content\/uploads\/2025\/12\/83938771.webp\" width=\"686\" height=\"645\" title=\"VELKOMMEN INN: Carola kjente slottsherren fra f\u00f8r, og har leid dr\u00f8mmehuset. Foto: NTB\" alt=\"\" class=\"\" style=\"--aspect-ratio-image: 1.06; \"\/><\/p>\n<p>\n          VELKOMMEN INN: Carola kjente slottsherren fra f\u00f8r, og har leid dr\u00f8mmehuset. Foto: NTB\n      <\/p>\n<p>Utvider familien\u00a0\t<\/p>\n<p class=\"font-weight-normal m-font-weight-normal\" data-lab-font_weight=\"font-weight-normal\">En ny g\u00e5rd er derimot ikke det eneste Carola kan glede seg over.\u00a0 I oktober ble det kjent at hun og eksmannen Runar S\u00f8gaard skal bli besteforeldre.\u00a0<\/p>\n<p>          <img loading=\"lazy\" decoding=\"async\" src=\"https:\/\/www.europesays.com\/no\/wp-content\/uploads\/2025\/12\/83939360.webp\" width=\"686\" height=\"837\" title=\"KJENDISS\u00d8NN: Carola og Runar fikk s\u00f8nnen Amadeus i 1998. Her er de avbildet da Amadeus avsluttet skolen i 2017. Foto: Skjermdump fra Instagram\" alt=\"\" class=\"\" style=\"--aspect-ratio-image: 0.82; \"\/><\/p>\n<p>\n          KJENDISS\u00d8NN: Carola og Runar fikk s\u00f8nnen Amadeus i 1998. Her er de avbildet da Amadeus avsluttet skolen i 2017. Foto: Skjermdump fra Instagram\n      <\/p>\n<p>          <img loading=\"lazy\" decoding=\"async\" src=\"https:\/\/www.europesays.com\/no\/wp-content\/uploads\/2025\/12\/83939371.webp\" width=\"686\" height=\"673\" title=\"DEN GANG DA: P\u00e5 90-tallet var Runar og Carola et av Sveriges mest omtalte par. De var gift fra 1990 til 2000, og i l\u00f8pet av det ti\u00e5ret ble utallige artikler om forholdet deres skrevet. Foto: Jonas Lemberg\" alt=\"\" class=\"\" style=\"--aspect-ratio-image: 1.02; \"\/><\/p>\n<p>\n          DEN GANG DA: P\u00e5 90-tallet var Runar og Carola et av Sveriges mest omtalte par. De var gift fra 1990 til 2000, og i l\u00f8pet av det ti\u00e5ret ble utallige artikler om forholdet deres skrevet. Foto: Jonas Lemberg\n      <\/p>\n<p class=\"font-weight-normal m-font-weight-normal\" data-lab-font_weight=\"font-weight-normal\">S\u00f8nnen Amadeus S\u00f6gaard og kona Matilda Linderoth <a href=\"https:\/\/www.seher.no\/kjendis\/roper-gladnyhet\/83697450\" rel=\"nofollow noopener\" target=\"_blank\">venter nemlig sitt f\u00f8rste barn. <\/a>Gladnyheten delte de p\u00e5 Instagram.\u00a0<\/p>\n<p>\u00abLoading\u2026\u00bb, skrev de til flere bilder av gravidmagen.\u00a0<\/p>\n<p>Duoen giftet seg i sommer p\u00e5 Sveriges nasjonaldag. I anledning bryllupet delte Carola en r\u00f8rende melding til det nygifte paret p\u00e5 <a href=\"https:\/\/www.instagram.com\/p\/DKpJltSid6F\/?img_index=1\" rel=\"nofollow noopener\" target=\"_blank\">Instagram<\/a>.\u00a0<\/p>\n<p>          <img loading=\"lazy\" decoding=\"async\" src=\"https:\/\/www.europesays.com\/no\/wp-content\/uploads\/2025\/12\/83939320.webp\" width=\"686\" height=\"961\" title=\"STOLT MAMMA: Carola poserte stiolt med brudeparet utenfor kirken p\u00e5 Sveriges nasjonaldag. Foto: Skjermbilde: @carolaofficiell \/ Instagram\" alt=\"\" class=\"\" style=\"--aspect-ratio-image: 0.71; \"\/><\/p>\n<p>\n          STOLT MAMMA: Carola poserte stiolt med brudeparet utenfor kirken p\u00e5 Sveriges nasjonaldag. Foto: Skjermbilde: @carolaofficiell \/ Instagram\n      <\/p>\n<p>\u00abDa jeg s\u00e5 min s\u00f8nn &#8211; som n\u00e5 har blitt en mann &#8211; st\u00e5 der og vente p\u00e5 sin brud, og se hvordan han ble beveget til t\u00e5rer da hun kom inn i kirken, var det et \u00f8yeblikk som fikk de fleste til \u00e5 miste pusten. Jeg hadde mest lyst til \u00e5 l\u00f8pe frem med alle lommet\u00f8rklene jeg hadde i h\u00e5nden \u2013 bare for sikkerhets skyld\u00bb, var blant det Carola skrev.\u00a0<\/p>\n<p>Amadeus og Matilda bor i Stockholm. F\u00f8rstnevnte spiller fotball for IFK Norrk\u00f6ping.\u00a0<\/p>\n<p><script async src=\"\/\/www.instagram.com\/embed.js\"><\/script><\/p>\n","protected":false},"excerpt":{"rendered":"Carola H\u00e4ggkvists: Etter flere \u00e5r i villaen ved Steninge Slott har sangstjernen n\u00e5 funnet dr\u00f8mmeboligen.\u00a0 HOLDER DET G\u00c5ENDE:&hellip;\n","protected":false},"author":2,"featured_media":105918,"comment_status":"","ping_status":"","sticky":false,"template":"","format":"standard","meta":{"footnotes":""},"categories":[58],"tags":[8388,7787,4104,71,479,30,28,29,1583,72,13250],"class_list":{"0":"post-105917","1":"post","2":"type-post","3":"status-publish","4":"format-standard","5":"has-post-thumbnail","7":"category-underholdning","8":"tag-amadeus-sogaard","9":"tag-carola-haggkvist","10":"tag-eksklusivt","11":"tag-entertainment","12":"tag-kjendis","13":"tag-no","14":"tag-norge","15":"tag-norway","16":"tag-runar-sogaard","17":"tag-underholdning","18":"tag-zoe-haggkvist"},"share_on_mastodon":{"url":"https:\/\/pubeurope.com\/@no\/115673491753530209","error":""},"_links":{"self":[{"href":"https:\/\/www.europesays.com\/no\/wp-json\/wp\/v2\/posts\/105917","targetHints":{"allow":["GET"]}}],"collection":[{"href":"https:\/\/www.europesays.com\/no\/wp-json\/wp\/v2\/posts"}],"about":[{"href":"https:\/\/www.europesays.com\/no\/wp-json\/wp\/v2\/types\/post"}],"author":[{"embeddable":true,"href":"https:\/\/www.europesays.com\/no\/wp-json\/wp\/v2\/users\/2"}],"replies":[{"embeddable":true,"href":"https:\/\/www.europesays.com\/no\/wp-json\/wp\/v2\/comments?post=105917"}],"version-history":[{"count":0,"href":"https:\/\/www.europesays.com\/no\/wp-json\/wp\/v2\/posts\/105917\/revisions"}],"wp:featuredmedia":[{"embeddable":true,"href":"https:\/\/www.europesays.com\/no\/wp-json\/wp\/v2\/media\/105918"}],"wp:attachment":[{"href":"https:\/\/www.europesays.com\/no\/wp-json\/wp\/v2\/media?parent=105917"}],"wp:term":[{"taxonomy":"category","embeddable":true,"href":"https:\/\/www.europesays.com\/no\/wp-json\/wp\/v2\/categories?post=105917"},{"taxonomy":"post_tag","embeddable":true,"href":"https:\/\/www.europesays.com\/no\/wp-json\/wp\/v2\/tags?post=105917"}],"curies":[{"name":"wp","href":"https:\/\/api.w.org\/{rel}","templated":true}]}}