{"id":105921,"date":"2025-12-06T16:16:21","date_gmt":"2025-12-06T16:16:21","guid":{"rendered":"https:\/\/www.europesays.com\/no\/105921\/"},"modified":"2025-12-06T16:16:21","modified_gmt":"2025-12-06T16:16:21","slug":"alle-dnb-systemer-fungerer-som-normalt-etter-kortproblemer","status":"publish","type":"post","link":"https:\/\/www.europesays.com\/no\/105921\/","title":{"rendered":"Alle DNB-systemer fungerer som normalt etter kortproblemer"},"content":{"rendered":"<p> \u2013 Alle v\u00e5re systemer fungerer som normalt, skriver DNB p\u00e5 sine <a href=\"https:\/\/dnbstatus.no\/?trk=public_post_main-feed-card-text\" rel=\"noopener nofollow\" target=\"_blank\">nettsider <\/a> klokken 20.18.<\/p>\n<p>Det var ved 16-tiden fredag at de f\u00f8rst meldte om problemer med flere korttjenester.<\/p>\n<p>Aktivering av kort i digitale lommeb\u00f8ker, administrering og bestilling av kort, konto og transaksjonsinformasjon for kredittprodukter ble rammet.<\/p>\n<p> \u2013 Vi har en del IT-problemer som p\u00e5g\u00e5r akkurat n\u00e5. Det rammer betaling og overf\u00f8ring, sa kommunikasjonsr\u00e5dgiver Vidar Korsberg Dalsb\u00f8 i DNB til <a href=\"https:\/\/www.aftenposten.no\/norge\/i\/d4dwqz\/dnb-bekrefter-troebbel-med-betaling-og-overfoering\" rel=\"noopener nofollow\" target=\"_blank\">Aftenposten<\/a>.<\/p>\n","protected":false},"excerpt":{"rendered":"\u2013 Alle v\u00e5re systemer fungerer som normalt, skriver DNB p\u00e5 sine nettsider klokken 20.18. Det var ved 16-tiden&hellip;\n","protected":false},"author":2,"featured_media":105922,"comment_status":"","ping_status":"","sticky":false,"template":"","format":"standard","meta":{"footnotes":""},"categories":[5],"tags":[20,21,24,25,15,19,22,23,17,18,13,30,28,29,14,16,26,27],"class_list":{"0":"post-105921","1":"post","2":"type-post","3":"status-publish","4":"format-standard","5":"has-post-thumbnail","7":"category-overskrifter","8":"tag-breaking-news","9":"tag-breakingnews","10":"tag-featured-news","11":"tag-featurednews","12":"tag-headlines","13":"tag-hovedoppslag","14":"tag-latest-news","15":"tag-latestnews","16":"tag-main-news","17":"tag-mainnews","18":"tag-news","19":"tag-no","20":"tag-norge","21":"tag-norway","22":"tag-nyheter","23":"tag-overskrifter","24":"tag-top-stories","25":"tag-topstories"},"share_on_mastodon":{"url":"https:\/\/pubeurope.com\/@no\/115673522667212742","error":""},"_links":{"self":[{"href":"https:\/\/www.europesays.com\/no\/wp-json\/wp\/v2\/posts\/105921","targetHints":{"allow":["GET"]}}],"collection":[{"href":"https:\/\/www.europesays.com\/no\/wp-json\/wp\/v2\/posts"}],"about":[{"href":"https:\/\/www.europesays.com\/no\/wp-json\/wp\/v2\/types\/post"}],"author":[{"embeddable":true,"href":"https:\/\/www.europesays.com\/no\/wp-json\/wp\/v2\/users\/2"}],"replies":[{"embeddable":true,"href":"https:\/\/www.europesays.com\/no\/wp-json\/wp\/v2\/comments?post=105921"}],"version-history":[{"count":0,"href":"https:\/\/www.europesays.com\/no\/wp-json\/wp\/v2\/posts\/105921\/revisions"}],"wp:featuredmedia":[{"embeddable":true,"href":"https:\/\/www.europesays.com\/no\/wp-json\/wp\/v2\/media\/105922"}],"wp:attachment":[{"href":"https:\/\/www.europesays.com\/no\/wp-json\/wp\/v2\/media?parent=105921"}],"wp:term":[{"taxonomy":"category","embeddable":true,"href":"https:\/\/www.europesays.com\/no\/wp-json\/wp\/v2\/categories?post=105921"},{"taxonomy":"post_tag","embeddable":true,"href":"https:\/\/www.europesays.com\/no\/wp-json\/wp\/v2\/tags?post=105921"}],"curies":[{"name":"wp","href":"https:\/\/api.w.org\/{rel}","templated":true}]}}