{"id":105923,"date":"2025-12-06T16:22:06","date_gmt":"2025-12-06T16:22:06","guid":{"rendered":"https:\/\/www.europesays.com\/no\/105923\/"},"modified":"2025-12-06T16:22:06","modified_gmt":"2025-12-06T16:22:06","slug":"fredsprisvinner-machado-treffer-barna-i-oslo-for-forste-gang-pa-flere-ar-nrk-urix-utenriksnyheter-og-dokumentarer","status":"publish","type":"post","link":"https:\/\/www.europesays.com\/no\/105923\/","title":{"rendered":"Fredsprisvinner Machado treffer barna i Oslo for f\u00f8rste gang p\u00e5 flere \u00e5r \u2013 NRK Urix \u2013 Utenriksnyheter og -dokumentarer"},"content":{"rendered":"<p><strong>\u2013 Vi h\u00e5per hun kommer, selv om det ikke er uten risiko, sier Maria Corina Machados datter, Ana Corina Sosa, som NRK treffer i New York.<\/strong><\/p>\n<p>Hun er selv i ferd med \u00e5 pakke koffertene for turen til nobelfestligheter i Oslo. Dit reiser ogs\u00e5 hennes to br\u00f8dre og bestemor.<\/p>\n<p>Sist familien s\u00e5 Maria Machado var julen for to \u00e5r siden.<\/p>\n<p><strong>\u2013 Min mor har levd i skjul i 15 m\u00e5neder under konstante d\u00f8dstrusler. Jeg vet ikke hvor hun er i dag og vi har ikke sett hverandre p\u00e5 nesten to \u00e5r, forteller Sosa.<\/strong><\/p>\n<p>\u2013 Hvordan skal dere feire n\u00e5r dere m\u00f8tes igjen?<\/p>\n<p>\u2013 Jeg vet ikke. Vi blir sannsynligvis overveldet, og har veldig mye \u00e5 prate om. Vi snakkes jevnlig p\u00e5 telefon, men det er ogs\u00e5 mye vi ikke kan snakke om fordi regimet f\u00f8lger med, og vi kan ikke lede dem til hvor hun er.<\/p>\n<p>\u2013 Men n\u00e5r vi ses er jeg sikker p\u00e5 det blir t\u00e5rer og glede og klemmer. Jeg savner \u00e5 klemme henne. Jeg savner \u00e5 kjenne lukten hennes, og se henne i levende live. Vi kommer til \u00e5 bruke tiden vi har med hverandre godt.<\/p>\n<p><img decoding=\"async\"   src=\"data:image\/gif;base64,R0lGODlhAQABAIAAAAAAAP\/\/\/yH5BAEAAAAALAAAAAABAAEAAAIBRAA7\" loading=\"eager\" alt=\"En kvinne st\u00e5r i en gr\u00f8nn park if\u00f8rt en brun frakk, genser og rutete bukser. Hun har langt, b\u00f8lgete h\u00e5r og smiler. I bakgrunnen kan man se et gjerde av trestokker og vegetasjon. Omgivelsene gir en h\u00f8stlig stemning.\" title=\"Foto: Peter Svaar \/ NRK\"\/><\/p>\n<p class=\"\">Machado-familien har v\u00e6rt adskilt i flere \u00e5r. Det er en erfaring de deler med store deler av Venezuelas befolkning, der n\u00e6r 8 millioner har forlatt landet de siste ti \u00e5rene. <\/p>\n<p>Foto: Peter Svaar \/ NRK<\/p>\n<p>Kalte Machado \u00abr\u00f8mling\u00bb<\/p>\n<p>Venezuelas riksadvokat Tarek William Saab advarte i november Machado mot \u00e5 reise til Oslo:<\/p>\n<p>\u2013 Ved \u00e5 oppholde seg utenfor Venezuela mens hun har flere p\u00e5g\u00e5ende etterforskninger mot seg, vil hun bli ansett for \u00e5 v\u00e6re p\u00e5 r\u00f8mmen, sa Saab til nyhetsbyr\u00e5et AFP.<\/p>\n<p>Machado er anklaget for \u00absammensvergelser, oppfordring til hat og terrorisme\u00bb av Maduro-regimet, som nektet \u00e5 gi fra seg makten e<a href=\"https:\/\/www.nrk.no\/urix\/usa_-overveldende-bevis-for-at-opposisjonen-vant-i-venezuela-1.16987188\" ec-id=\"pp:article:1.16987188\" ec-name=\"tter at opposisjonen if\u00f8lge internasjonale observat\u00f8rer vant fjor\u00e5rets valg\" rel=\"nofollow noopener\" target=\"_blank\">tter at opposisjonen if\u00f8lge internasjonale observat\u00f8rer vant fjor\u00e5rets valg<\/a>.<\/p>\n<p><strong>Men reisen til Oslo blir ikke noe farvel med Venezuela, sier datteren. <\/strong><\/p>\n<p>\u2013 Det er absolutt hennes intensjon \u00e5 reise tilbake til Venezuela og v\u00e6re med folket v\u00e5rt.<\/p>\n<p>\u2013 Men hvordan vil hun v\u00e6re i stand til det, om Maduro fortsatt er ved makten?<\/p>\n<p>\u2013 De detaljene kjenner jeg ikke, av \u00e5penbare grunner. Det ville satt b\u00e5de henne og meg i fare om jeg hadde s\u00e5nn informasjon. Men regimet er svakere enn det har v\u00e6rt noen gang.<\/p>\n<p>Hun forteller at hun i mange \u00e5r kunne bes\u00f8ke moren jevnlig i Venezuela. Men etter valget i fjor sommer ble det umulig, og moren m\u00e5tte g\u00e5 i skjul.<\/p>\n<p><img decoding=\"async\"   src=\"data:image\/gif;base64,R0lGODlhAQABAIAAAAAAAP\/\/\/yH5BAEAAAAALAAAAAABAAEAAAIBRAA7\" loading=\"eager\" alt=\"En kvinne med r\u00f8dbrunt h\u00e5r st\u00e5r foran en parkvei, if\u00f8rt en brun jakke og beige genser. Bak henne er det flere benker og tr\u00e6r, og noen personer g\u00e5r forbi i bakgrunnen. Lyset er klart og det er tydelige h\u00f8stfarger i omgivelsene. Bildet gir et inntrykk av en rolig h\u00f8stdag i en urban park.\" title=\"Foto: Peter Svaar \/ NRK\"\/><\/p>\n<p class=\"\">Ana Corina Sosa har skapt seg et liv i IT-bransjen i New York etter at hun m\u00e5tte forlate Venezuela for 13 \u00e5r siden.<\/p>\n<p>Foto: Peter Svaar \/ NRK<\/p>\n<p>\u2013 Alle har opplevd adskillelse<\/p>\n<p>Opplevelsen av \u00e5 v\u00e6re adskilt fra familien deler fredsprisvinneren for \u00f8vrig med store deler av Venezuelas befolkning: 7,9 millioner venezuelanere har forlatt landet siden 2015, if\u00f8lge FNs flyktningorganisasjon UNHCR.<\/p>\n<p>Det utgj\u00f8r n\u00e6r en tredel av befolkningen.<\/p>\n<p><strong>\u2013 Den adskillelsen jeg og mine br\u00f8dre har opplevd, er bare \u00e9n av millioner av slike historier. S\u00e5 dette er en del av kampen for fred og frihet og demokrati. <\/strong><\/p>\n<p>Selv har Ana Corina Sosa skapt seg et liv i New York etter at hun m\u00e5tte forlate Venezuela for 13 \u00e5r siden.<\/p>\n<p>Hun jobber i IT-bransjen, men bruker ogs\u00e5 tiden sin p\u00e5 \u00e5 representere moren rundt i verden. I fjor var det for eksempel datteren som tok imot EUs menneskerettighetspris \u2013 Sakharov-prisen \u2013 p\u00e5 morens vegne.<\/p>\n<p><strong>I Oslo kan moren \u2013 forh\u00e5pentligvis \u2013 ta imot prisen selv.<\/strong><\/p>\n<p><img decoding=\"async\"   src=\"data:image\/gif;base64,R0lGODlhAQABAIAAAAAAAP\/\/\/yH5BAEAAAAALAAAAAABAAEAAAIBRAA7\" loading=\"eager\" alt=\"Ana Corina Sosa, daughter of Venezuelan opposition leader Maria Corina Machado, holds the Vaclav Havel human Rights Prize awarded at the Parliamentary Assembly of the Council of Europe in Strasbourg eastern France, Monday, Sept. 30, 2024. (AP Photo\/Jean-Francois Badias)\" title=\"Foto: AP\"\/><\/p>\n<p class=\"\">Ana Corina Sosa har flere ganger representert sin mor. Her mottar hun EU-parlamentets menneskerettighetspris p\u00e5 hennes vegne i fjor.<\/p>\n<p>Foto: AP<\/p>\n<p>H\u00f8r mer om situasjonen i Venezuela i Urix: <\/p>\n<p>Publisert<\/p>\n<p>06.12.2025, kl. 16.56<\/p>\n","protected":false},"excerpt":{"rendered":"\u2013 Vi h\u00e5per hun kommer, selv om det ikke er uten risiko, sier Maria Corina Machados datter, Ana&hellip;\n","protected":false},"author":2,"featured_media":105924,"comment_status":"","ping_status":"","sticky":false,"template":"","format":"standard","meta":{"footnotes":""},"categories":[10],"tags":[20,21,24,25,15,22,23,13,30,28,29,14,16,26,27],"class_list":{"0":"post-105923","1":"post","2":"type-post","3":"status-publish","4":"format-standard","5":"has-post-thumbnail","7":"category-norge","8":"tag-breaking-news","9":"tag-breakingnews","10":"tag-featured-news","11":"tag-featurednews","12":"tag-headlines","13":"tag-latest-news","14":"tag-latestnews","15":"tag-news","16":"tag-no","17":"tag-norge","18":"tag-norway","19":"tag-nyheter","20":"tag-overskrifter","21":"tag-top-stories","22":"tag-topstories"},"share_on_mastodon":{"url":"https:\/\/pubeurope.com\/@no\/115673546452703919","error":""},"_links":{"self":[{"href":"https:\/\/www.europesays.com\/no\/wp-json\/wp\/v2\/posts\/105923","targetHints":{"allow":["GET"]}}],"collection":[{"href":"https:\/\/www.europesays.com\/no\/wp-json\/wp\/v2\/posts"}],"about":[{"href":"https:\/\/www.europesays.com\/no\/wp-json\/wp\/v2\/types\/post"}],"author":[{"embeddable":true,"href":"https:\/\/www.europesays.com\/no\/wp-json\/wp\/v2\/users\/2"}],"replies":[{"embeddable":true,"href":"https:\/\/www.europesays.com\/no\/wp-json\/wp\/v2\/comments?post=105923"}],"version-history":[{"count":0,"href":"https:\/\/www.europesays.com\/no\/wp-json\/wp\/v2\/posts\/105923\/revisions"}],"wp:featuredmedia":[{"embeddable":true,"href":"https:\/\/www.europesays.com\/no\/wp-json\/wp\/v2\/media\/105924"}],"wp:attachment":[{"href":"https:\/\/www.europesays.com\/no\/wp-json\/wp\/v2\/media?parent=105923"}],"wp:term":[{"taxonomy":"category","embeddable":true,"href":"https:\/\/www.europesays.com\/no\/wp-json\/wp\/v2\/categories?post=105923"},{"taxonomy":"post_tag","embeddable":true,"href":"https:\/\/www.europesays.com\/no\/wp-json\/wp\/v2\/tags?post=105923"}],"curies":[{"name":"wp","href":"https:\/\/api.w.org\/{rel}","templated":true}]}}