{"id":105927,"date":"2025-12-06T16:28:13","date_gmt":"2025-12-06T16:28:13","guid":{"rendered":"https:\/\/www.europesays.com\/no\/105927\/"},"modified":"2025-12-06T16:28:13","modified_gmt":"2025-12-06T16:28:13","slug":"na-er-norden-under-samme-nato-kommando","status":"publish","type":"post","link":"https:\/\/www.europesays.com\/no\/105927\/","title":{"rendered":"N\u00e5 er Norden under samme Nato-kommando"},"content":{"rendered":"<p class=\"kicker t15 font-weight-bold m-font-weight-bold color_mobile_no_bg_color quaternary color_mobile_quaternary font-Trim text-case-transform-upper mobile-hasTextPadding\" style=\"\">Nyheter<\/p>\n<p>    Helt siden Sverige og Finland ble med i Nato, har Norge hatt som m\u00e5l \u00e5 samle Norden under \u00e9n felles kommando. N\u00e5 har det skjedd.<\/p>\n<p>\n        MARKERING: Forvarssjef Eirik Kristoffersen var til stede i Finland under markeringen fredag.<br \/>\n        Foto: Jo Straube, Forsvarets forum\n    <\/p>\n<p><a href=\"https:\/\/www.forsvaret.no\/aktuelt-og-presse\/aktuelt\/norden-samlet-en-nato-kommando\" target=\"_blank\" rel=\"nofollow noopener\">Overgangen<\/a>\u00a0ble markert med et arrangement i Finland fredag med forsvarssjefene fra Norge, Sverige, Danmark og Finland til stede.<\/p>\n<p>\u2013 N\u00e5r vi n\u00e5 st\u00e5r samlet med ett planverk, kan vi hente ut synergier i forsvaret av den skandinaviske halv\u00f8y og \u00d8stersj\u00f8en og sette forsvaret av Norden inn i en helhetlig ramme i Nato, sier Norges forsvarssjef Eirik Kristoffersen.<\/p>\n<p>Fra f\u00f8r er Norge en del av JFC Norfolk, det ene av Natos to operative hovedkvarterer, med hovedkontor i den amerikanske delstaten Virginia. Fra fredag var ogs\u00e5 Sverige, Danmark og Finland en del av JFC Norfolk.<\/p>\n<p>Forsvarsminister Tore O. Sandvik (Ap) trekker fram at det er viktig for Norge at de nordiske landene formelt samles under det samme regionale hovedkvarteret og planverket.<\/p>\n<p>\u2013 Med dette kan vi utnytte v\u00e5r geografi i, v\u00e5re felles sikkerhetsinteresser og det etablerte nordiske forsvarssamarbeidet til \u00e5 styrke Nato i nord, sier Sandvik.<\/p>\n<p>\u2013 Sammen med v\u00e5re nordiske allierte har vi arbeidet med dette som m\u00e5l siden Finland og Sverige ble medlemmer av Nato. Samlet under JFC Norfolk skal vi fortsette \u00e5 styrke det nordiske forsvarssamarbeidet og p\u00e5 den m\u00e5ten bidra til kollektiv avskrekking og forsvar, fortsetter han.<\/p>\n","protected":false},"excerpt":{"rendered":"Nyheter Helt siden Sverige og Finland ble med i Nato, har Norge hatt som m\u00e5l \u00e5 samle Norden&hellip;\n","protected":false},"author":2,"featured_media":105928,"comment_status":"","ping_status":"","sticky":false,"template":"","format":"standard","meta":{"footnotes":""},"categories":[12],"tags":[20,21,24,25,15,22,23,13,30,28,29,14,16,26,27,42,43,44,45],"class_list":{"0":"post-105927","1":"post","2":"type-post","3":"status-publish","4":"format-standard","5":"has-post-thumbnail","7":"category-verden","8":"tag-breaking-news","9":"tag-breakingnews","10":"tag-featured-news","11":"tag-featurednews","12":"tag-headlines","13":"tag-latest-news","14":"tag-latestnews","15":"tag-news","16":"tag-no","17":"tag-norge","18":"tag-norway","19":"tag-nyheter","20":"tag-overskrifter","21":"tag-top-stories","22":"tag-topstories","23":"tag-verden","24":"tag-world","25":"tag-world-news","26":"tag-worldnews"},"share_on_mastodon":{"url":"https:\/\/pubeurope.com\/@no\/115673570031219182","error":""},"_links":{"self":[{"href":"https:\/\/www.europesays.com\/no\/wp-json\/wp\/v2\/posts\/105927","targetHints":{"allow":["GET"]}}],"collection":[{"href":"https:\/\/www.europesays.com\/no\/wp-json\/wp\/v2\/posts"}],"about":[{"href":"https:\/\/www.europesays.com\/no\/wp-json\/wp\/v2\/types\/post"}],"author":[{"embeddable":true,"href":"https:\/\/www.europesays.com\/no\/wp-json\/wp\/v2\/users\/2"}],"replies":[{"embeddable":true,"href":"https:\/\/www.europesays.com\/no\/wp-json\/wp\/v2\/comments?post=105927"}],"version-history":[{"count":0,"href":"https:\/\/www.europesays.com\/no\/wp-json\/wp\/v2\/posts\/105927\/revisions"}],"wp:featuredmedia":[{"embeddable":true,"href":"https:\/\/www.europesays.com\/no\/wp-json\/wp\/v2\/media\/105928"}],"wp:attachment":[{"href":"https:\/\/www.europesays.com\/no\/wp-json\/wp\/v2\/media?parent=105927"}],"wp:term":[{"taxonomy":"category","embeddable":true,"href":"https:\/\/www.europesays.com\/no\/wp-json\/wp\/v2\/categories?post=105927"},{"taxonomy":"post_tag","embeddable":true,"href":"https:\/\/www.europesays.com\/no\/wp-json\/wp\/v2\/tags?post=105927"}],"curies":[{"name":"wp","href":"https:\/\/api.w.org\/{rel}","templated":true}]}}