{"id":105929,"date":"2025-12-06T16:29:38","date_gmt":"2025-12-06T16:29:38","guid":{"rendered":"https:\/\/www.europesays.com\/no\/105929\/"},"modified":"2025-12-06T16:29:38","modified_gmt":"2025-12-06T16:29:38","slug":"en-hissigpropp-og-hans-20-millioners-armbandsur","status":"publish","type":"post","link":"https:\/\/www.europesays.com\/no\/105929\/","title":{"rendered":"En hissigpropp og hans 20 millioners armb\u00e5ndsur (+)"},"content":{"rendered":"<p>                        <img class=\"lazyload-image\" data- alt=\"Kjell Inge R\u00f8kke hadde kledt seg opp til kamp i rettssal 828 i Oslo tingrett torsdag. Blant annet med et armb\u00e5ndsur som nesten koster det samme som formuesskatten p\u00e5 de f\u00f8rste to milliardene.\" \/><\/p>\n<p>\n                            Kjell Inge R\u00f8kke hadde kledt seg opp til kamp i rettssal 828 i Oslo tingrett torsdag. Blant annet med et armb\u00e5ndsur som nesten koster det samme som formuesskatten p\u00e5 de f\u00f8rste to milliardene.<\/p>\n<p>                                Foto: Per Thrana<\/p>\n<p class=\"vrs-article-header__title\" itemprop=\"headline\">\n              En hissigpropp og hans 20 millioners armb\u00e5ndsur\n            <\/p>\n<p>                        Tekst<br \/>\n                        <a class=\"vrs-article-header__author-name\" rel=\"author nofollow noopener\" itemprop=\"author\" href=\"https:\/\/www.dn.no\/magasinet\/kommentar\/en-hissigpropp-og-hans-20-millioners-armbandsur\/mailto:goran.skaalmo@dn.no\" target=\"_blank\">G\u00f8ran Skaalmo<\/a><\/p>\n<p>                    5. desember 2025<\/p>\n<p class=\"vrs-article-header__summary\">\n                Han landet, han blendet og bekreftet at han var personlig touch\u00e9rt av \u00abthe european nobleman\u00bb Christen Sveaas. Kjell Inge R\u00f8kke er \u00c5rets mann.\n              <\/p>\n","protected":false},"excerpt":{"rendered":"Kjell Inge R\u00f8kke hadde kledt seg opp til kamp i rettssal 828 i Oslo tingrett torsdag. Blant annet&hellip;\n","protected":false},"author":2,"featured_media":105930,"comment_status":"","ping_status":"","sticky":false,"template":"","format":"standard","meta":{"footnotes":""},"categories":[10],"tags":[20,21,24,25,15,22,23,13,30,28,29,14,16,26,27],"class_list":{"0":"post-105929","1":"post","2":"type-post","3":"status-publish","4":"format-standard","5":"has-post-thumbnail","7":"category-norge","8":"tag-breaking-news","9":"tag-breakingnews","10":"tag-featured-news","11":"tag-featurednews","12":"tag-headlines","13":"tag-latest-news","14":"tag-latestnews","15":"tag-news","16":"tag-no","17":"tag-norge","18":"tag-norway","19":"tag-nyheter","20":"tag-overskrifter","21":"tag-top-stories","22":"tag-topstories"},"share_on_mastodon":{"url":"https:\/\/pubeurope.com\/@no\/115673573930014961","error":""},"_links":{"self":[{"href":"https:\/\/www.europesays.com\/no\/wp-json\/wp\/v2\/posts\/105929","targetHints":{"allow":["GET"]}}],"collection":[{"href":"https:\/\/www.europesays.com\/no\/wp-json\/wp\/v2\/posts"}],"about":[{"href":"https:\/\/www.europesays.com\/no\/wp-json\/wp\/v2\/types\/post"}],"author":[{"embeddable":true,"href":"https:\/\/www.europesays.com\/no\/wp-json\/wp\/v2\/users\/2"}],"replies":[{"embeddable":true,"href":"https:\/\/www.europesays.com\/no\/wp-json\/wp\/v2\/comments?post=105929"}],"version-history":[{"count":0,"href":"https:\/\/www.europesays.com\/no\/wp-json\/wp\/v2\/posts\/105929\/revisions"}],"wp:featuredmedia":[{"embeddable":true,"href":"https:\/\/www.europesays.com\/no\/wp-json\/wp\/v2\/media\/105930"}],"wp:attachment":[{"href":"https:\/\/www.europesays.com\/no\/wp-json\/wp\/v2\/media?parent=105929"}],"wp:term":[{"taxonomy":"category","embeddable":true,"href":"https:\/\/www.europesays.com\/no\/wp-json\/wp\/v2\/categories?post=105929"},{"taxonomy":"post_tag","embeddable":true,"href":"https:\/\/www.europesays.com\/no\/wp-json\/wp\/v2\/tags?post=105929"}],"curies":[{"name":"wp","href":"https:\/\/api.w.org\/{rel}","templated":true}]}}