{"id":105933,"date":"2025-12-06T16:57:23","date_gmt":"2025-12-06T16:57:23","guid":{"rendered":"https:\/\/www.europesays.com\/no\/105933\/"},"modified":"2025-12-06T16:57:23","modified_gmt":"2025-12-06T16:57:23","slug":"sjafor-frifunnet-etter-dodsulykke-avisa-st-no","status":"publish","type":"post","link":"https:\/\/www.europesays.com\/no\/105933\/","title":{"rendered":"Sj\u00e5f\u00f8r frifunnet etter d\u00f8dsulykke &#8211; avisa-st.no"},"content":{"rendered":"<ol>\n<li><a href=\"https:\/\/news.google.com\/rss\/articles\/CBMigwFBVV95cUxPeTBBQ3BkbUZkMWJUY0VWel84dnd0aUY0U2M2ZlA0TVNnMWotWGZJZWgyTkZ4bmVyajRoOWRDa0lTTkFEMGxsbHFLZFdDVEE0NW1wcXJabW9YaVVFdXFsVzV2ck9Sajk4TFRGSWZMczRmMEJ3UWJJRm02eVVTVWdzTTZCNA?oc=5\" target=\"_blank\" rel=\"nofollow noopener\">Sj\u00e5f\u00f8r frifunnet etter d\u00f8dsulykke<\/a>&nbsp;&nbsp;avisa-st.no<\/li>\n<li><a href=\"https:\/\/news.google.com\/rss\/articles\/CBMimAFBVV95cUxPYV9JcjZTaGlsUy03bkhnRDFCcHowUGxqQ3VvcW9vZ1g4QnlXSEc5SjYwSTVyVjVrMGZEeE9wR1ZrSmFtYUFCcmdtN2N5ajd5Qllrei1ZWjZtNC15SzZsVXNVd0cyM25ISkttZjVtQTVYSkJpME5jR1BtOUgwNV9PbkdHaDFaa1RCU0x3MVBDTUR6bEgzNnVXUQ?oc=5\" target=\"_blank\" rel=\"nofollow noopener\">Mann frifunnen etter d\u00f8dsulukke p\u00e5 E39 i Heim kommune<\/a>&nbsp;&nbsp;NRK<\/li>\n<li><a href=\"https:\/\/news.google.com\/rss\/articles\/CBMijwFBVV95cUxNR0N5dWZCT2xYM3ZYOGpLMVBQSnFiZWJySEhHM1hmMnVpLXFaWmVWbWI2Q25DRTBDX0RlTmRrZndOTURQaWtNNWFHbEc4YnFvZS1qeUxYMUY0VU1JYXNMTHJsWk5nZnptV3BGM3pJVXBCenR3N3RfOTl2RGJSVGdUSmhJRHZ4RDJWOEV4ZWNGYw?oc=5\" target=\"_blank\" rel=\"nofollow noopener\">Bremsene fungerte ikke: &#8211; Helt riktig av\u00adgj\u00f8relse<\/a>&nbsp;&nbsp;adressa.no<\/li>\n<li><a href=\"https:\/\/news.google.com\/rss\/articles\/CBMifkFVX3lxTE1qdXFkT2hxeG84aG5mWVQ4QTFCMFJPeEtfR01WNDgzMU03N0hnaVFBX3ZfQW5ReE9JcFlDMXhXaEN1dDdEQmNyUnI4dndnV3M0M3poOEMtWmd5VFBYeXZLckhwQ3hQUEtldEp0cm12LUFLMlc0YzhmY0M0MXBsZw?oc=5\" target=\"_blank\" rel=\"nofollow noopener\">Sj\u00e5f\u00f8r frikjent etter d\u00f8dsulykke<\/a>&nbsp;&nbsp;driva.no<\/li>\n<li><a href=\"https:\/\/news.google.com\/rss\/articles\/CBMijAFBVV95cUxNSTZIckVMTUJ0MTBEQU9FRG8zZG10b1JfQU52ckh0TDhxdklSdFkzZ1BNUU9jSC1UeUlEWlBHZVhsV3RDMGNSd1FuOEZsUFNFbzl2RGIzbGQtWkgtQVpMVlotU2tNdmZrRVNUZjVNMDRMN2wxZ0gwcklNbDBaQ3RiY2lyN0kwOFVCRHBacQ?oc=5\" target=\"_blank\" rel=\"nofollow noopener\">Dom, Frifinnelse | Kristiansunder omkom \u2013 ulykkessj\u00e5f\u00f8r blankt frifunnet<\/a>&nbsp;&nbsp;Tidens Krav<\/li>\n<\/ol>\n","protected":false},"excerpt":{"rendered":"Sj\u00e5f\u00f8r frifunnet etter d\u00f8dsulykke&nbsp;&nbsp;avisa-st.no Mann frifunnen etter d\u00f8dsulukke p\u00e5 E39 i Heim kommune&nbsp;&nbsp;NRK Bremsene fungerte ikke: &#8211; Helt&hellip;\n","protected":false},"author":2,"featured_media":105934,"comment_status":"","ping_status":"","sticky":false,"template":"","format":"standard","meta":{"footnotes":""},"categories":[10],"tags":[20,21,24,25,15,22,23,13,30,28,29,14,16,26,27],"class_list":{"0":"post-105933","1":"post","2":"type-post","3":"status-publish","4":"format-standard","5":"has-post-thumbnail","7":"category-norge","8":"tag-breaking-news","9":"tag-breakingnews","10":"tag-featured-news","11":"tag-featurednews","12":"tag-headlines","13":"tag-latest-news","14":"tag-latestnews","15":"tag-news","16":"tag-no","17":"tag-norge","18":"tag-norway","19":"tag-nyheter","20":"tag-overskrifter","21":"tag-top-stories","22":"tag-topstories"},"share_on_mastodon":{"url":"https:\/\/pubeurope.com\/@no\/115673683912359025","error":""},"_links":{"self":[{"href":"https:\/\/www.europesays.com\/no\/wp-json\/wp\/v2\/posts\/105933","targetHints":{"allow":["GET"]}}],"collection":[{"href":"https:\/\/www.europesays.com\/no\/wp-json\/wp\/v2\/posts"}],"about":[{"href":"https:\/\/www.europesays.com\/no\/wp-json\/wp\/v2\/types\/post"}],"author":[{"embeddable":true,"href":"https:\/\/www.europesays.com\/no\/wp-json\/wp\/v2\/users\/2"}],"replies":[{"embeddable":true,"href":"https:\/\/www.europesays.com\/no\/wp-json\/wp\/v2\/comments?post=105933"}],"version-history":[{"count":0,"href":"https:\/\/www.europesays.com\/no\/wp-json\/wp\/v2\/posts\/105933\/revisions"}],"wp:featuredmedia":[{"embeddable":true,"href":"https:\/\/www.europesays.com\/no\/wp-json\/wp\/v2\/media\/105934"}],"wp:attachment":[{"href":"https:\/\/www.europesays.com\/no\/wp-json\/wp\/v2\/media?parent=105933"}],"wp:term":[{"taxonomy":"category","embeddable":true,"href":"https:\/\/www.europesays.com\/no\/wp-json\/wp\/v2\/categories?post=105933"},{"taxonomy":"post_tag","embeddable":true,"href":"https:\/\/www.europesays.com\/no\/wp-json\/wp\/v2\/tags?post=105933"}],"curies":[{"name":"wp","href":"https:\/\/api.w.org\/{rel}","templated":true}]}}