{"id":105935,"date":"2025-12-06T16:59:09","date_gmt":"2025-12-06T16:59:09","guid":{"rendered":"https:\/\/www.europesays.com\/no\/105935\/"},"modified":"2025-12-06T16:59:09","modified_gmt":"2025-12-06T16:59:09","slug":"johan-olav-botn-vant-sprinten-i-ostersund","status":"publish","type":"post","link":"https:\/\/www.europesays.com\/no\/105935\/","title":{"rendered":"Johan-Olav Botn vant sprinten i \u00d6stersund"},"content":{"rendered":"\n<p class=\"_lead_o9xde_2 _lead_xtcu6_50 layout-component text-serif-m layout-normal text-serif-l layout-component layout-wide layout-padded _wide_17hqh_1 layout-padded\">Johan-Olav Botn (26) viser kjempeform i sesongstarten. Han fulgte opp triumfen p\u00e5 normaldistansen med seier p\u00e5 l\u00f8rdagens sprint.<\/p>\n<p><img alt=\"Johan-Olav Botn har herjet i skiskytterverdenscupen denne uken.  Foto: Hanna Brunl\u00f6f \/ TT News Agency via AP \/ NTB\" class=\"_image_qp4xg_65 layout-component layout-wide\" data-fullscreen- data-track-element-type=\"Article image fullscreen\" data-track-name=\"ImageFullscreen\" fetchpriority=\"high\" decoding=\"sync\" loading=\"eager\" height=\"4264\" itemprop=\"image\"  src=\"https:\/\/www.europesays.com\/no\/wp-content\/uploads\/2025\/12\/31bb48ee-7ce7-423b-878a-cbafffd7b92c\"  style=\"object-position:0% 0%\" width=\"6400\"\/>Johan-Olav Botn har herjet i skiskytterverdenscupen denne uken.  Foto: Hanna Brunl\u00f6f \/ TT News Agency via AP \/ NTB<\/p>\n<ul aria-hidden=\"true\" class=\"_images_ntbth_112\">\n<li><a class=\"_link_ntbth_117\" href=\"https:\/\/www.vg.no\/forfatter\/ntb\" style=\"z-index:1\" title=\"NTB\" rel=\"nofollow noopener\" target=\"_blank\"><img alt=\"Bilde av NTB\" class=\"_image_ntbth_93\" fetchpriority=\"low\" loading=\"lazy\" decoding=\"async\" itemprop=\"image\"  src=\"https:\/\/www.europesays.com\/no\/wp-content\/uploads\/2025\/12\/1765040349_295_c33980b0-5d07-4027-84a1-813f90a7c8d6\"  width=\"480\"\/><\/a><\/li>\n<\/ul>\n<p> Oppdatert l\u00f8rdag 6. desember kl. 17:34     <\/p>\n<p class=\"_paragraph_o9xde_4 _paragraph_xtcu6_10 layout-component text-serif-m layout-normal text-serif-m layout-padded\">Botn skj\u00f8t to ganger feilfritt i rennet over 10 kilometer i Sverige l\u00f8rdag. Med god fart i sporet kunne han juble for sin andre verdenscupseier denne uken.<\/p>\n<p class=\"_paragraph_o9xde_4 _paragraph_xtcu6_10 layout-component text-serif-m layout-normal text-serif-m layout-padded\">\u2013 Jeg er som sist gang litt apatisk. Det er litt vanskelig \u00e5 finne fram f\u00f8lelsene n\u00e5. Det ble kant inn og ikke kant ut. Det er sm\u00e5 marginer. Det betyr mye, sa Botn til NRK.<\/p>\n<p class=\"_paragraph_o9xde_4 _paragraph_xtcu6_10 layout-component text-serif-m layout-normal text-serif-m layout-padded\">Martin Uldal tok andreplassen, elleve sekunder bak Botn. Ogs\u00e5 Uldal skj\u00f8t to fulle hus.<\/p>\n<p class=\"_paragraph_o9xde_4 _paragraph_xtcu6_10 layout-component text-serif-m layout-normal text-serif-m layout-padded\">Franske Quentin Fillon Maillet la seg inn p\u00e5 tredjeplassen foran Sturla Holm L\u00e6greid, som m\u00e5tte t\u00e5le et bomskudd.<\/p>\n<p class=\"_paragraph_o9xde_4 _paragraph_xtcu6_10 layout-component text-serif-m layout-normal text-serif-m layout-padded\"><a href=\"https:\/\/www.vg.no\/tag\/vetle-sjaastad-christiansen?utm_source=vg-article&amp;utm_medium=auto-tagger&amp;utm_campaign=d4d4p1\" class=\"_link_o9xde_39\" rel=\"nofollow noopener\" target=\"_blank\">Vetle Sj\u00e5stad Christiansen<\/a> skj\u00f8t fullt, men tapte en del tid i sporet og var i m\u00e5l 29 sekunder bak Botn p\u00e5 en sjetteplass. Sivert Bakken ender trolig p\u00e5 plassen bak.<\/p>\n<p class=\"_paragraph_o9xde_4 _paragraph_xtcu6_10 layout-component text-serif-m layout-normal text-serif-m layout-padded\">Isak Frey bommet to ganger og ligger p\u00e5 19.-plass, mens Endre Str\u00f8msheim gikk p\u00e5 tre bomskudd og endte 2.29 minutter bak.<\/p>\n<p class=\"_paragraph_o9xde_4 _paragraph_xtcu6_10 layout-component text-serif-m layout-normal text-serif-m layout-padded\">S\u00f8ndag er det jaktstart basert p\u00e5 l\u00f8rdagens resultater.<\/p>\n<p class=\"_paragraph_o9xde_4 _paragraph_xtcu6_10 layout-component text-serif-m layout-normal text-serif-m layout-padded\">Neste verdenscuprunde avvikles i \u00f8sterrikske Hochfilzen kommende uke.<\/p>\n","protected":false},"excerpt":{"rendered":"Johan-Olav Botn (26) viser kjempeform i sesongstarten. Han fulgte opp triumfen p\u00e5 normaldistansen med seier p\u00e5 l\u00f8rdagens sprint.&hellip;\n","protected":false},"author":2,"featured_media":105936,"comment_status":"","ping_status":"","sticky":false,"template":"","format":"standard","meta":{"footnotes":""},"categories":[59],"tags":[13252,30,28,29,769,83,82,678],"class_list":{"0":"post-105935","1":"post","2":"type-post","3":"status-publish","4":"format-standard","5":"has-post-thumbnail","7":"category-sport","8":"tag-johan-olav-botn","9":"tag-no","10":"tag-norge","11":"tag-norway","12":"tag-skiskyting","13":"tag-sport","14":"tag-sports","15":"tag-vetle-sjastad-christiansen"},"share_on_mastodon":{"url":"https:\/\/pubeurope.com\/@no\/115673692216716756","error":""},"_links":{"self":[{"href":"https:\/\/www.europesays.com\/no\/wp-json\/wp\/v2\/posts\/105935","targetHints":{"allow":["GET"]}}],"collection":[{"href":"https:\/\/www.europesays.com\/no\/wp-json\/wp\/v2\/posts"}],"about":[{"href":"https:\/\/www.europesays.com\/no\/wp-json\/wp\/v2\/types\/post"}],"author":[{"embeddable":true,"href":"https:\/\/www.europesays.com\/no\/wp-json\/wp\/v2\/users\/2"}],"replies":[{"embeddable":true,"href":"https:\/\/www.europesays.com\/no\/wp-json\/wp\/v2\/comments?post=105935"}],"version-history":[{"count":0,"href":"https:\/\/www.europesays.com\/no\/wp-json\/wp\/v2\/posts\/105935\/revisions"}],"wp:featuredmedia":[{"embeddable":true,"href":"https:\/\/www.europesays.com\/no\/wp-json\/wp\/v2\/media\/105936"}],"wp:attachment":[{"href":"https:\/\/www.europesays.com\/no\/wp-json\/wp\/v2\/media?parent=105935"}],"wp:term":[{"taxonomy":"category","embeddable":true,"href":"https:\/\/www.europesays.com\/no\/wp-json\/wp\/v2\/categories?post=105935"},{"taxonomy":"post_tag","embeddable":true,"href":"https:\/\/www.europesays.com\/no\/wp-json\/wp\/v2\/tags?post=105935"}],"curies":[{"name":"wp","href":"https:\/\/api.w.org\/{rel}","templated":true}]}}