{"id":105939,"date":"2025-12-06T17:03:11","date_gmt":"2025-12-06T17:03:11","guid":{"rendered":"https:\/\/www.europesays.com\/no\/105939\/"},"modified":"2025-12-06T17:03:11","modified_gmt":"2025-12-06T17:03:11","slug":"eide-om-usas-sikkerhetsstrategi-kraftig-kost","status":"publish","type":"post","link":"https:\/\/www.europesays.com\/no\/105939\/","title":{"rendered":"Eide om USAs sikkerhetsstrategi: \u2013 Kraftig kost"},"content":{"rendered":"\n<p class=\"_lead_o9xde_2 _lead_xtcu6_50 layout-component text-serif-m layout-normal text-serif-l layout-component layout-wide layout-padded _wide_17hqh_1 layout-padded\">I sin nye sikkerhetsstrategi advarer USA blant annet om faren for sivilisasjonsutsettelse i Europa. <\/p>\n<p><img alt=\"Espen Barth Eide i den amerikanske storbyen New York i oktober.  Foto: Thomas Nilsson \/ VG \/ VG\" class=\"_image_qp4xg_65 layout-component layout-wide\" data-fullscreen- data-track-element-type=\"Article image fullscreen\" data-track-name=\"ImageFullscreen\" fetchpriority=\"high\" decoding=\"sync\" loading=\"eager\" height=\"1984\" itemprop=\"image\"  src=\"https:\/\/www.europesays.com\/no\/wp-content\/uploads\/2025\/12\/0e5324da-1da3-465a-9dca-c35cbfffd9da\"  style=\"object-position:0% 0%\" width=\"2976\"\/>Espen Barth Eide i den amerikanske storbyen New York i oktober.  Foto: Thomas Nilsson \/ VG \/ VG<\/p>\n<ul aria-hidden=\"true\" class=\"_images_ntbth_112\">\n<li><a class=\"_link_ntbth_117\" href=\"https:\/\/www.vg.no\/forfatter\/ntb\" style=\"z-index:1\" title=\"NTB\" rel=\"nofollow noopener\" target=\"_blank\"><img alt=\"Bilde av NTB\" class=\"_image_ntbth_93\" fetchpriority=\"low\" loading=\"lazy\" decoding=\"async\" itemprop=\"image\"  src=\"https:\/\/www.europesays.com\/no\/wp-content\/uploads\/2025\/12\/1765040590_193_c33980b0-5d07-4027-84a1-813f90a7c8d6\"  width=\"480\"\/><\/a><\/li>\n<\/ul>\n<p> Oppdatert l\u00f8rdag 6. desember kl. 17:43     <\/p>\n<p class=\"_paragraph_o9xde_4 _paragraph_xtcu6_10 layout-component text-serif-m layout-normal text-serif-m layout-padded\">Norges utenriksminister Espen Barth Eide (Ap) sier Norge og Europa ikke kjenner seg igjen.<\/p>\n<p class=\"_paragraph_o9xde_4 _paragraph_xtcu6_10 layout-component text-serif-m layout-normal text-serif-m layout-padded\">\u2013 Det som er mest overraskende for europeere er at de mener Europa er i ferd med \u00e5 utslette seg kulturelt. De er kritiske til innvandring, og at man ikke har sluppet til ytre h\u00f8yre, sier han til NTB p\u00e5 telefon fra Doha i Qatar.<\/p>\n<p class=\"_paragraph_o9xde_4 _paragraph_xtcu6_10 layout-component text-serif-m layout-normal text-serif-m layout-padded\">Eide deltar i helgen p\u00e5 Doha Forum, der blant andre <a href=\"https:\/\/www.vg.no\/tag\/donald-trump-2?utm_source=vg-article&amp;utm_medium=auto-tagger&amp;utm_campaign=WvLveQ\" class=\"_link_o9xde_39\" rel=\"nofollow noopener\" target=\"_blank\">Donald Trumps<\/a> s\u00f8nn, Donald Trump jr., deltar.<\/p>\n<p class=\"_paragraph_o9xde_4 _paragraph_xtcu6_10 layout-component text-serif-m layout-normal text-serif-m layout-padded\">Torsdag ble USAs nye nasjonale sikkerhetsstrategi offentliggjort, men det var f\u00f8rst fredag den fikk <a href=\"https:\/\/www.vg.no\/nyheter\/i\/ln1VOk\/ny-trump-strategi-bekymret-for-sivilisasjons-utslettelse-i-europa\" data-track-element-type=\"Link\" data-track-id=\"link:ln1VOk\" class=\"_link_o9xde_39\" rel=\"nofollow noopener\" target=\"_blank\">mye oppmerksomhet fra medier i og utenfor USA<\/a>. <\/p>\n<p class=\"_paragraph_o9xde_4 _paragraph_xtcu6_10 layout-component text-serif-m layout-normal text-serif-m layout-padded\"><strong class=\"_strong_o9xde_25\">Bakgrunnen er at Trump-administrasjonen advarer mot en fare for \u00absivilisasjonsutslettelse\u00bb i Europa, p\u00e5 grunn av \u00abinnvandringspolitikk som forvandler kontinentet\u00bb, fallende f\u00f8dselsrater og \u00abtap av nasjonal identitet og selvtillit\u00bb.<\/strong><\/p>\n<p><img alt=\"USAs president Donald Trumps nye nasjonale sikkerhetsstrategi vakte oppsikt i Europa nylig.   Foto: Evan Vucci \/ AP \/ NTB\" class=\"_image_qp4xg_65 layout-component layout-normal\" data-fullscreen- data-track-element-type=\"Article image fullscreen\" data-track-name=\"ImageFullscreen\" decoding=\"async\" loading=\"lazy\" height=\"4000\" itemprop=\"image\"  src=\"https:\/\/www.europesays.com\/no\/wp-content\/uploads\/2025\/12\/7a7a0822-cdee-415e-9edb-bad5ca6567cd\"  style=\"object-position:0% 0%\" width=\"6000\"\/>USAs president Donald Trumps nye nasjonale sikkerhetsstrategi vakte oppsikt i Europa nylig.   Foto: Evan Vucci \/ AP \/ NTBKraftig kost<\/p>\n<p class=\"_paragraph_o9xde_4 _paragraph_xtcu6_10 layout-component text-serif-m layout-normal text-serif-m layout-padded\">Strategien peker ogs\u00e5 p\u00e5 at Europa har en minkende del av verdens brutto nasjonalprodukt, og hevder at det er sensur av ytringsfrihet og undertrykkelse av politisk opposisjon i Europa. EU anklages for \u00e5 ha hovedansvaret for dette.<\/p>\n<p class=\"_paragraph_o9xde_4 _paragraph_xtcu6_10 layout-component text-serif-m layout-normal text-serif-m layout-padded\"><strong class=\"_strong_o9xde_25\">\u2013 Skulle n\u00e5v\u00e6rende trender fortsette, vil kontinentet v\u00e6re ugjenkjennelig om 20 \u00e5r eller mindre, heter det.<\/strong><\/p>\n<p class=\"_paragraph_o9xde_4 _paragraph_xtcu6_10 layout-component text-serif-m layout-normal text-serif-m layout-padded\">Utenriksministeren kaller det \u00abkraftig kost\u00bb.<\/p>\n<p class=\"_paragraph_o9xde_4 _paragraph_xtcu6_10 layout-component text-serif-m layout-normal text-serif-m layout-padded\">\u2013 Dette kjenner vi oss ikke igjen i, sier vi og v\u00e5re europeiske kolleger. Det ligner p\u00e5 det visepresident J.D. Vance sa p\u00e5 sikkerhetskonferansen i M\u00fcnchen i februar.<\/p>\n<p>Vil \u00abkorrigere\u00bb<\/p>\n<p class=\"_paragraph_o9xde_4 _paragraph_xtcu6_10 layout-component text-serif-m layout-normal text-serif-m layout-padded\">Han peker p\u00e5 at strategien hevder at Europa m\u00e5 endres, mens Midt\u00f8sten m\u00e5 respekteres som det er. <\/p>\n<p class=\"_paragraph_o9xde_4 _paragraph_xtcu6_10 layout-component text-serif-m layout-normal text-serif-m layout-padded\">\u00abV\u00e5rt m\u00e5l b\u00f8r v\u00e6re \u00e5 hjelpe Europa med \u00e5 korrigere sin n\u00e5v\u00e6rende kurs\u00bb, understreker strategien, som legger til at USA vil \u00abdyrke motstand mot Europas n\u00e5v\u00e6rende kurs\u00bb.<\/p>\n<p class=\"_paragraph_o9xde_4 _paragraph_xtcu6_10 layout-component text-serif-m layout-normal text-serif-m layout-padded\">\u2013 Det som i praksis er systemkritiske partier, som ikke er nevnt med navn, men partier som utfordrer konsensus, skal f\u00e5 tydelig st\u00f8tte fra USA. De skal redde USA fra dette europeiske sivilisatoriske sammenbruddet som de snakker om. Det ligner litt p\u00e5 ting vi har h\u00f8rt fra Russland tidligere, sier Eide.<\/p>\n<p class=\"_paragraph_o9xde_4 _paragraph_xtcu6_10 layout-component text-serif-m layout-normal text-serif-m layout-padded\"><strong class=\"_strong_o9xde_25\">Les ogs\u00e5:<\/strong> <a href=\"https:\/\/www.vg.no\/nyheter\/i\/zOLEoK\/reuters-usa-kan-kreve-at-europa-overtar-nato-forsvaret-innen-2027\" data-track-element-type=\"Link\" data-track-id=\"link:zOLEoK\" class=\"_link_o9xde_39\" rel=\"nofollow noopener\" target=\"_blank\">Reuters: USA kan kreve at Europa overtar Nato-forsvaret innen 2027<\/a><\/p>\n<p>\u00d8nsker fortsatt sikkerhetsfellesskap med USA<\/p>\n<p class=\"_paragraph_o9xde_4 _paragraph_xtcu6_10 layout-component text-serif-m layout-normal text-serif-m layout-padded\">Strategien er i tr\u00e5d med president Donald Trumps konsekvente mantra om \u00abAmerica First\u00bb, der man er opptatt av USAs problemer og ikke vil l\u00f8se det man kaller \u00abandre lands problemer\u00bb med mindre det er i tr\u00e5d med USAs interesser. <\/p>\n<p class=\"_paragraph_o9xde_4 _paragraph_xtcu6_10 layout-component text-serif-m layout-normal text-serif-m layout-padded\">Det snakkes om mer involvering p\u00e5 den vestlige halvkule, alts\u00e5 i Nord- og S\u00f8r-Amerika, mens tilstedev\u00e6relsen i Europa trappes ned.<\/p>\n<p class=\"_paragraph_o9xde_4 _paragraph_xtcu6_10 layout-component text-serif-m layout-normal text-serif-m layout-padded\">Tross den harde tonen mot Europa i sikkerhetsstrategien understreker Eide at Europa m\u00e5 ta vare p\u00e5 et sikkerhetsfellesskap med USA.<\/p>\n<p class=\"_paragraph_o9xde_4 _paragraph_xtcu6_10 layout-component text-serif-m layout-normal text-serif-m layout-padded\">\u2013 Vi har et tett samarbeid i nord som skal best\u00e5 p\u00e5 grunn av felles interesser i Arktis. Europa har tatt p\u00e5 alvor at vi skal ta en st\u00f8rre del av forsvarsbyrden, og det viser at vi lytter til poenget om mer ansvar. Men vi er ogs\u00e5 for at Europa skal kunne samarbeide for \u00e5 v\u00e6re mindre avhengige av USA, sier utenriksministeren.<\/p>\n<p class=\"_paragraph_o9xde_4 _paragraph_xtcu6_10 layout-component text-serif-m layout-normal text-serif-m layout-padded\"><strong class=\"_strong_o9xde_25\">Reaksjoner da Trump fikk omstridt fredspris \u2013 se video: <\/strong><\/p>\n","protected":false},"excerpt":{"rendered":"I sin nye sikkerhetsstrategi advarer USA blant annet om faren for sivilisasjonsutsettelse i Europa. Espen Barth Eide i&hellip;\n","protected":false},"author":2,"featured_media":105940,"comment_status":"","ping_status":"","sticky":false,"template":"","format":"standard","meta":{"footnotes":""},"categories":[12],"tags":[20,21,55,274,24,25,15,22,23,13,30,28,29,14,16,26,27,50,42,43,44,45],"class_list":{"0":"post-105939","1":"post","2":"type-post","3":"status-publish","4":"format-standard","5":"has-post-thumbnail","7":"category-verden","8":"tag-breaking-news","9":"tag-breakingnews","10":"tag-donald-trump","11":"tag-europa","12":"tag-featured-news","13":"tag-featurednews","14":"tag-headlines","15":"tag-latest-news","16":"tag-latestnews","17":"tag-news","18":"tag-no","19":"tag-norge","20":"tag-norway","21":"tag-nyheter","22":"tag-overskrifter","23":"tag-top-stories","24":"tag-topstories","25":"tag-usa","26":"tag-verden","27":"tag-world","28":"tag-world-news","29":"tag-worldnews"},"share_on_mastodon":{"url":"https:\/\/pubeurope.com\/@no\/115673707903078103","error":""},"_links":{"self":[{"href":"https:\/\/www.europesays.com\/no\/wp-json\/wp\/v2\/posts\/105939","targetHints":{"allow":["GET"]}}],"collection":[{"href":"https:\/\/www.europesays.com\/no\/wp-json\/wp\/v2\/posts"}],"about":[{"href":"https:\/\/www.europesays.com\/no\/wp-json\/wp\/v2\/types\/post"}],"author":[{"embeddable":true,"href":"https:\/\/www.europesays.com\/no\/wp-json\/wp\/v2\/users\/2"}],"replies":[{"embeddable":true,"href":"https:\/\/www.europesays.com\/no\/wp-json\/wp\/v2\/comments?post=105939"}],"version-history":[{"count":0,"href":"https:\/\/www.europesays.com\/no\/wp-json\/wp\/v2\/posts\/105939\/revisions"}],"wp:featuredmedia":[{"embeddable":true,"href":"https:\/\/www.europesays.com\/no\/wp-json\/wp\/v2\/media\/105940"}],"wp:attachment":[{"href":"https:\/\/www.europesays.com\/no\/wp-json\/wp\/v2\/media?parent=105939"}],"wp:term":[{"taxonomy":"category","embeddable":true,"href":"https:\/\/www.europesays.com\/no\/wp-json\/wp\/v2\/categories?post=105939"},{"taxonomy":"post_tag","embeddable":true,"href":"https:\/\/www.europesays.com\/no\/wp-json\/wp\/v2\/tags?post=105939"}],"curies":[{"name":"wp","href":"https:\/\/api.w.org\/{rel}","templated":true}]}}