{"id":105941,"date":"2025-12-06T17:04:22","date_gmt":"2025-12-06T17:04:22","guid":{"rendered":"https:\/\/www.europesays.com\/no\/105941\/"},"modified":"2025-12-06T17:04:22","modified_gmt":"2025-12-06T17:04:22","slug":"nyheter-hoyre-nrk-grete-ellingsen-aktuell-til-partiledelsen","status":"publish","type":"post","link":"https:\/\/www.europesays.com\/no\/105941\/","title":{"rendered":"Nyheter, H\u00f8yre | NRK: Grete Ellingsen aktuell til partiledelsen"},"content":{"rendered":"\n<p><a href=\"https:\/\/www.nrk.no\/norge\/kilder-til-nrk_-asheim-og-svenneby-ser-ut-til-a-bli-hoyre-nestledere-1.17680582\" rel=\"nofollow noopener\" target=\"_blank\">NRK<\/a> skrev fredag at H\u00f8yre n\u00e5 begynner \u00e5 f\u00e5 has p\u00e5 kandidatene til den nye partiledelsen, etter at Erna Solberg gir seg som partileder.<\/p>\n<p>Blant de som er aktuelle for partiledelsen er Sortland-ordf\u00f8rer Grete Ellingsen. NRKs kilder sier at Ellingsen er aktuell for \u00e5 ta den siste posisjonen i arbeidsutvalget.<\/p>\n<p>Ina Eriksen S\u00f8reide er stadig den fremste kandidaten til \u00e5 bli partileder, og s\u00e5 langt uten utfordrere if\u00f8lge statskanalen.<\/p>\n<p>Ellers skal disse ligge an til \u00e5 bli innstilt if\u00f8lge NRK:<\/p>\n<ul>\n<li>Henrik Asheim (B\u00e6rum) og Ola Svenneby (Hedmark\/Oslo) som nestledere.<\/li>\n<li>Peter Fr\u00f8lich (Bergen) b\u00e5de som leder av Stortingets utenriks- og forsvarskomit\u00e9 og fortsatt i arbeidsutvalget.<\/li>\n<\/ul>\n<p>  <a href=\"https:\/\/www.blv.no\/5-9-900211\" class=\"related-teaser has-image default-story-teaser article--c-eRUmMG article--c-eRUmMG-jKCPdD-design-default\" wp_automatic_readability=\"1\" rel=\"nofollow noopener\" target=\"_blank\"><\/p>\n<p>    For abonnenter<\/p>\n<p>    <img decoding=\"async\" loading=\"lazy\"  src=\"https:\/\/www.europesays.com\/no\/wp-content\/uploads\/2025\/12\/DSC_4741_Cropped.jpg\" alt=\"\" class=\"brick-c-cFOWSL\" style=\"\"\/><\/p>\n<p>\n            Les ogs\u00e5<\/p>\n<p>  Tapte mot kommunen og m\u00e5 betale flere hundre tusen kroner: \u2013 Retten har tatt helt feil<\/p>\n<p>  <\/a><\/p>\n<p>  <a href=\"https:\/\/www.blv.no\/5-9-899721\" class=\"related-teaser has-image default-story-teaser article--c-eRUmMG article--c-eRUmMG-jKCPdD-design-default\" wp_automatic_readability=\"1\" rel=\"nofollow noopener\" target=\"_blank\"><\/p>\n<p>    For abonnenter<\/p>\n<p>    <img decoding=\"async\" loading=\"lazy\"  src=\"https:\/\/www.europesays.com\/no\/wp-content\/uploads\/2025\/12\/Skjermbilde+2025-12-04+kl.+15.29.15.png\" alt=\"\" class=\"brick-c-cFOWSL\" style=\"\"\/><\/p>\n<p>\n            Les ogs\u00e5<\/p>\n<p>  Vester\u00e5linger om skattelistene: \u2013 Skulle gjerne hatt h\u00f8yere l\u00f8nn<\/p>\n<p>  <\/a><\/p>\n","protected":false},"excerpt":{"rendered":"NRK skrev fredag at H\u00f8yre n\u00e5 begynner \u00e5 f\u00e5 has p\u00e5 kandidatene til den nye partiledelsen, etter at&hellip;\n","protected":false},"author":2,"featured_media":105942,"comment_status":"","ping_status":"","sticky":false,"template":"","format":"standard","meta":{"footnotes":""},"categories":[10],"tags":[36,20,21,24,25,15,762,22,23,13,30,28,29,14,16,41,3673,7812,1510,26,27],"class_list":{"0":"post-105941","1":"post","2":"type-post","3":"status-publish","4":"format-standard","5":"has-post-thumbnail","7":"category-norge","8":"tag-art","9":"tag-breaking-news","10":"tag-breakingnews","11":"tag-featured-news","12":"tag-featurednews","13":"tag-headlines","14":"tag-hoyre","15":"tag-latest-news","16":"tag-latestnews","17":"tag-news","18":"tag-no","19":"tag-norge","20":"tag-norway","21":"tag-nyheter","22":"tag-overskrifter","23":"tag-politikk","24":"tag-sortland","25":"tag-sortland-kommune","26":"tag-story","27":"tag-top-stories","28":"tag-topstories"},"share_on_mastodon":{"url":"https:\/\/pubeurope.com\/@no\/115673711622581233","error":""},"_links":{"self":[{"href":"https:\/\/www.europesays.com\/no\/wp-json\/wp\/v2\/posts\/105941","targetHints":{"allow":["GET"]}}],"collection":[{"href":"https:\/\/www.europesays.com\/no\/wp-json\/wp\/v2\/posts"}],"about":[{"href":"https:\/\/www.europesays.com\/no\/wp-json\/wp\/v2\/types\/post"}],"author":[{"embeddable":true,"href":"https:\/\/www.europesays.com\/no\/wp-json\/wp\/v2\/users\/2"}],"replies":[{"embeddable":true,"href":"https:\/\/www.europesays.com\/no\/wp-json\/wp\/v2\/comments?post=105941"}],"version-history":[{"count":0,"href":"https:\/\/www.europesays.com\/no\/wp-json\/wp\/v2\/posts\/105941\/revisions"}],"wp:featuredmedia":[{"embeddable":true,"href":"https:\/\/www.europesays.com\/no\/wp-json\/wp\/v2\/media\/105942"}],"wp:attachment":[{"href":"https:\/\/www.europesays.com\/no\/wp-json\/wp\/v2\/media?parent=105941"}],"wp:term":[{"taxonomy":"category","embeddable":true,"href":"https:\/\/www.europesays.com\/no\/wp-json\/wp\/v2\/categories?post=105941"},{"taxonomy":"post_tag","embeddable":true,"href":"https:\/\/www.europesays.com\/no\/wp-json\/wp\/v2\/tags?post=105941"}],"curies":[{"name":"wp","href":"https:\/\/api.w.org\/{rel}","templated":true}]}}