{"id":105943,"date":"2025-12-06T17:06:12","date_gmt":"2025-12-06T17:06:12","guid":{"rendered":"https:\/\/www.europesays.com\/no\/105943\/"},"modified":"2025-12-06T17:06:12","modified_gmt":"2025-12-06T17:06:12","slug":"folg-cupfinalen-her-aftenposten","status":"publish","type":"post","link":"https:\/\/www.europesays.com\/no\/105943\/","title":{"rendered":"F\u00f8lg cupfinalen her &#8211; Aftenposten"},"content":{"rendered":"<ol>\n<li><a href=\"https:\/\/news.google.com\/rss\/articles\/CBMiekFVX3lxTFBqazVmSy11YmZRamxQV2c5c0lrRHVNRk83WFo0cl9GSzRMUTJIZU1VbFVNU210dFp3Z0IwdUtPSnN2V1FTbHNxVVpYeVo0ekFPSzUwQTlvLWY4dG1xaXdGVnE1bGRpcVA5QW5xaFlhYWdFZm5hNzFkb2hR?oc=5\" target=\"_blank\" rel=\"nofollow noopener\">F\u00f8lg cupfinalen her<\/a>&nbsp;&nbsp;Aftenposten<\/li>\n<li><a href=\"https:\/\/news.google.com\/rss\/articles\/CBMitAFBVV95cUxPSzkwZ18yNGp3WU15d0dWTDNtT1d3Q0lONXFqZ2ZlN2UtTjAwOUllbFhvTWxsZFIxUzNqZjBQU3VmOU5qRmw2czhGVkRNa2FlODVCVUFNVkowV3RBTWw5N2E2NWlMN1R1ZkpfUlNiNHRWZFotUW5IcXp1SkpRQ2dOdzFhWC1xVEdlSU5TT2VYcnlwa0YyQXlnOFBiVWFudHM2bF9oQzRvVXZfTER2eG8yME8tYms?oc=5\" target=\"_blank\" rel=\"nofollow noopener\">Sarpsborg 08-supportere grillet \u00abkanarifugler\u00bb f\u00f8r cupfinalen mot Lillestr\u00f8m<\/a>&nbsp;&nbsp;NRK<\/li>\n<li><a href=\"https:\/\/news.google.com\/rss\/articles\/CBMijAFBVV95cUxPSnRkaTlQNTJuZXpnclNMM015Y1RvaElYanVicVo3S1NNdl9hOTkyVkNvUWw1NGJxR0NNRFVtWU1TcDdBdk1nSlBWMkhvVVBUZkZBVEtGSzdkUWp2YVhKbk03dEFoc2Y0Q2VpT1dTckk4dGlLaldkZ1FvY0lTUkF2Z0hrRklUZnc1S3BzWg?oc=5\" target=\"_blank\" rel=\"nofollow noopener\">Vi f\u00f8lger cupfinalen: Jakten p\u00e5 cuptittel nummer sju<\/a>&nbsp;&nbsp;Romerikes Blad<\/li>\n<li><a href=\"https:\/\/news.google.com\/rss\/articles\/CBMimgFBVV95cUxON1VxWkYwQzlGOXlzQk1KdmhuUXRNY2toeFhIYUNseXZSZFl1MzVoMWhDbGdxQU1yVGt2dzZ0WDc1QVF6UEF4NlJkZWU5QkNGcHpmN0NaN0NlS1NIUlFWVFkteU5IZW9zNW85cEJVNmJJcnpjWVdvVlhBWVk0cFQ5NFpTVktES1V5OEJqa0Y4RUtzcG5xWjN2MEhR?oc=5\" target=\"_blank\" rel=\"nofollow noopener\">Hallingane f\u00f8lgjer Garn\u00e5s: \u2013 Han har betydd mykje for oss<\/a>&nbsp;&nbsp;hallingdolen.no<\/li>\n<li><a href=\"https:\/\/news.google.com\/rss\/articles\/CBMijwFBVV95cUxQUTR1MnJ3dmJhdVV5bmx6Sy1nbXVkRGpHSWY0a2xGZEUzQXRGbkhwX2dyN3g5RUVoMFdrR3NsWTlRemNvZjFyYldDV3AxQmFxSlVqaU1CMVRsai1Icy1wV3hiTTVia0w0aXBTWW1FZmxmQ1A1LTFtUkRic2x1TWw5Q21rMi1yaC1PMnlnd2Y0QQ?oc=5\" target=\"_blank\" rel=\"nofollow noopener\">Sport, Cupfinalen 2025 | 250 samlet p\u00e5 Pappen, men med seier kommer det 700 til<\/a>&nbsp;&nbsp;Sarpsborg Arbeiderblad<\/li>\n<\/ol>\n","protected":false},"excerpt":{"rendered":"F\u00f8lg cupfinalen her&nbsp;&nbsp;Aftenposten Sarpsborg 08-supportere grillet \u00abkanarifugler\u00bb f\u00f8r cupfinalen mot Lillestr\u00f8m&nbsp;&nbsp;NRK Vi f\u00f8lger cupfinalen: Jakten p\u00e5 cuptittel nummer&hellip;\n","protected":false},"author":2,"featured_media":914,"comment_status":"","ping_status":"","sticky":false,"template":"","format":"standard","meta":{"footnotes":""},"categories":[59],"tags":[30,28,29,83,82],"class_list":{"0":"post-105943","1":"post","2":"type-post","3":"status-publish","4":"format-standard","5":"has-post-thumbnail","7":"category-sport","8":"tag-no","9":"tag-norge","10":"tag-norway","11":"tag-sport","12":"tag-sports"},"share_on_mastodon":{"url":"https:\/\/pubeurope.com\/@no\/115673719299095809","error":""},"_links":{"self":[{"href":"https:\/\/www.europesays.com\/no\/wp-json\/wp\/v2\/posts\/105943","targetHints":{"allow":["GET"]}}],"collection":[{"href":"https:\/\/www.europesays.com\/no\/wp-json\/wp\/v2\/posts"}],"about":[{"href":"https:\/\/www.europesays.com\/no\/wp-json\/wp\/v2\/types\/post"}],"author":[{"embeddable":true,"href":"https:\/\/www.europesays.com\/no\/wp-json\/wp\/v2\/users\/2"}],"replies":[{"embeddable":true,"href":"https:\/\/www.europesays.com\/no\/wp-json\/wp\/v2\/comments?post=105943"}],"version-history":[{"count":0,"href":"https:\/\/www.europesays.com\/no\/wp-json\/wp\/v2\/posts\/105943\/revisions"}],"wp:featuredmedia":[{"embeddable":true,"href":"https:\/\/www.europesays.com\/no\/wp-json\/wp\/v2\/media\/914"}],"wp:attachment":[{"href":"https:\/\/www.europesays.com\/no\/wp-json\/wp\/v2\/media?parent=105943"}],"wp:term":[{"taxonomy":"category","embeddable":true,"href":"https:\/\/www.europesays.com\/no\/wp-json\/wp\/v2\/categories?post=105943"},{"taxonomy":"post_tag","embeddable":true,"href":"https:\/\/www.europesays.com\/no\/wp-json\/wp\/v2\/tags?post=105943"}],"curies":[{"name":"wp","href":"https:\/\/api.w.org\/{rel}","templated":true}]}}