{"id":105944,"date":"2025-12-06T17:13:20","date_gmt":"2025-12-06T17:13:20","guid":{"rendered":"https:\/\/www.europesays.com\/no\/105944\/"},"modified":"2025-12-06T17:13:20","modified_gmt":"2025-12-06T17:13:20","slug":"dronning-maximas-usynlige-triks-for-a-unnga-mote-katastrofe","status":"publish","type":"post","link":"https:\/\/www.europesays.com\/no\/105944\/","title":{"rendered":"Dronning Maximas usynlige triks for \u00e5 unng\u00e5 mote-katastrofe"},"content":{"rendered":"<p class=\"kicker \" style=\"\">Dronning\u00a0M\u00e1xima<\/p>\n<p>  Usynlig detalj reddet dronningen fra katastrofe.<\/p>\n<p>\n    KUNNE G\u00c5TT GALT: Flere bet seg merke i kjolen dronning M\u00e1xima var if\u00f8rt under banketten i Surinam tidligere denne uken. Foto: Ranu Abhelakh \/ Reuters \/ NTB\n  <\/p>\n<p>Dronning M\u00e1xima av Nederland (54) benytter seg av et noks\u00e5 diskr\u00e9 triks for \u00e5 forhindre at hun ufrivillig blotter seg i utringede kjoler.<\/p>\n<p>    <a itemprop=\"url\" href=\"https:\/\/www.seher.no\/kjendis\/ikke-skjedd-pa-20-ar-wow\/83935783\" rel=\"nofollow noopener\" target=\"_blank\"><\/p>\n<p>      <img loading=\"lazy\" decoding=\"async\" src=\"https:\/\/www.europesays.com\/no\/wp-content\/uploads\/2025\/12\/1765041192_706_83935828.webp\" width=\"980\" height=\"441\" title=\"Ikke skjedd p\u00e5 20 \u00e5r: - Wow\" alt=\"\" class=\"lazyload\" style=\"--aspect-ratio-image: 2.22; \"\/><\/p>\n<p>        Ikke skjedd p\u00e5 20 \u00e5r: &#8211; Wow<\/p>\n<p>    <\/a><\/p>\n<p>Det nederlandske kongeparet har de siste dagene v\u00e6rt p\u00e5 statsbes\u00f8k i det sydamerikanske landet Surinam, som tidligere har v\u00e6rt en del av den nederlandske koloni.<\/p>\n<p>          <img loading=\"lazy\" decoding=\"async\" src=\"https:\/\/www.europesays.com\/no\/wp-content\/uploads\/2025\/12\/82849396.webp\" width=\"686\" height=\"1029\" title=\"GODT GIFT: Kongeparet har v\u00e6rt gift siden 2002. De har d\u00f8trene Catharina-Amalia, Alexia og Ariane sammen. Foto: NTB\" alt=\"\" class=\"\" style=\"--aspect-ratio-image: 0.67; \"\/><\/p>\n<p>\n          GODT GIFT: Kongeparet har v\u00e6rt gift siden 2002. De har d\u00f8trene Catharina-Amalia, Alexia og Ariane sammen. Foto: NTB\n      <\/p>\n<p>Tradisjonen tro ble det avholdt en statsbankett, hvor kongeparet var \u00e6resgjester &#8211; og under den h\u00f8ytidelige statsbanketten var dronningen if\u00f8rt en en lekker kjole og et glitrende diadem, skriver danske <a href=\"https:\/\/www.billedbladet.dk\/kongelige\/holland\/dronning-maxima-til-statsbanket-i-nedringet-kjole-denne-usynlige-detalje-redder?utm_medium=Social&amp;utm_source=Facebook&amp;fbclid=IwZnRzaAOdikxleHRuA2FlbQIxMQBzcnRjBmFwcF9pZAo2NjI4NTY4Mzc5AAEeo1NGzjwHsFb8RWZApAi9Z7JzeF6K0smav_49CmR5K46eF-7WuRwPuHkL3yk_aem_LHWtADR_V1JcDVT7lQY4zQ#Echobox=1764793719\" rel=\"nofollow noopener\" target=\"_blank\">Billed-Bladet.<\/a><\/p>\n<p>          <img loading=\"lazy\" decoding=\"async\" src=\"https:\/\/www.europesays.com\/no\/wp-content\/uploads\/2025\/12\/83937311.webp\" width=\"686\" height=\"1043\" title=\"FLOTT PAR: Kong Willem-Alexander og dronning M\u00e1xima p\u00e5 plass i Surinam tidligere denne uken. Foto: REUTERS\/Ranu Abhelakh\" alt=\"\" class=\"\" style=\"--aspect-ratio-image: 0.66; \"\/><\/p>\n<p>\n          FLOTT PAR: Kong Willem-Alexander og dronning M\u00e1xima p\u00e5 plass i Surinam tidligere denne uken. Foto: REUTERS\/Ranu Abhelakh\n      <\/p>\n<p class=\"font-weight-bold m-font-weight-bold\" data-lab-font_weight=\"font-weight-bold\">Kjolen hadde ogs\u00e5 en sv\u00e6rt i\u00f8yefallende og dyp utrigning &#8211; en noe dristig beslutning, ettersom et \u00f8rlite vindpust kunne f\u00f8rt til at dronningen viste litt mer enn det hun trolig hadde planer om.<\/p>\n<p>          <img loading=\"lazy\" decoding=\"async\" src=\"https:\/\/www.europesays.com\/no\/wp-content\/uploads\/2025\/12\/83937305.webp\" width=\"686\" height=\"961\" title=\"HEISANN: Flere la merke til den sv\u00e6rt v\u00e5gale kjolel\u00f8sningen dronning M\u00e1xima hadde valgt \u00e5 g\u00e5 for. Foto: Ranu Abhelakh \/ Reuters \/ NTB\" alt=\"\" class=\"\" style=\"--aspect-ratio-image: 0.71; \"\/><\/p>\n<p>\n          HEISANN: Flere la merke til den sv\u00e6rt v\u00e5gale kjolel\u00f8sningen dronning M\u00e1xima hadde valgt \u00e5 g\u00e5 for. Foto: Ranu Abhelakh \/ Reuters \/ NTB\n      <\/p>\n<p class=\"font-weight-bold m-font-weight-bold\" data-lab-font_weight=\"font-weight-bold\">Det gjorde hun heldigvis ikke, og if\u00f8lge bloggen <a href=\"https:\/\/www.billedbladet.dk\/kongelige\/holland\/dronning-maxima-til-statsbanket-i-nedringet-kjole-denne-usynlige-detalje-redder?utm_medium=Social&amp;utm_source=Facebook&amp;fbclid=IwZnRzaAOdikxleHRuA2FlbQIxMQBzcnRjBmFwcF9pZAo2NjI4NTY4Mzc5AAEeo1NGzjwHsFb8RWZApAi9Z7JzeF6K0smav_49CmR5K46eF-7WuRwPuHkL3yk_aem_LHWtADR_V1JcDVT7lQY4zQ#Echobox=1764793719\" rel=\"nofollow noopener\" target=\"_blank\">Modekoningin Maxima<\/a> har dronningen beskyttet seg mot et slikt katastrofescenario med en helt spesiell &#8211; og nesten usynlig &#8211; detalj.<\/p>\n<p class=\"font-weight-light m-font-weight-light\" data-lab-font_weight=\"font-weight-light\">If\u00f8lge motebloggen er det nemlig et innlagt stykke med gjennomsiktig, stoff som matcher dronningens hudtone, som holder dronningens kjole og alt under p\u00e5 plass der det skal v\u00e6re.<\/p>\n","protected":false},"excerpt":{"rendered":"Dronning\u00a0M\u00e1xima Usynlig detalj reddet dronningen fra katastrofe. KUNNE G\u00c5TT GALT: Flere bet seg merke i kjolen dronning M\u00e1xima&hellip;\n","protected":false},"author":2,"featured_media":105945,"comment_status":"","ping_status":"","sticky":false,"template":"","format":"standard","meta":{"footnotes":""},"categories":[12],"tags":[20,21,7291,4104,24,25,15,7293,76,22,23,13,30,28,29,14,16,26,27,42,43,44,45],"class_list":{"0":"post-105944","1":"post","2":"type-post","3":"status-publish","4":"format-standard","5":"has-post-thumbnail","7":"category-verden","8":"tag-breaking-news","9":"tag-breakingnews","10":"tag-dronning-maxima","11":"tag-eksklusivt","12":"tag-featured-news","13":"tag-featurednews","14":"tag-headlines","15":"tag-kong-willem-alexander","16":"tag-kongelig","17":"tag-latest-news","18":"tag-latestnews","19":"tag-news","20":"tag-no","21":"tag-norge","22":"tag-norway","23":"tag-nyheter","24":"tag-overskrifter","25":"tag-top-stories","26":"tag-topstories","27":"tag-verden","28":"tag-world","29":"tag-world-news","30":"tag-worldnews"},"share_on_mastodon":{"url":"https:\/\/pubeurope.com\/@no\/115673747400283624","error":""},"_links":{"self":[{"href":"https:\/\/www.europesays.com\/no\/wp-json\/wp\/v2\/posts\/105944","targetHints":{"allow":["GET"]}}],"collection":[{"href":"https:\/\/www.europesays.com\/no\/wp-json\/wp\/v2\/posts"}],"about":[{"href":"https:\/\/www.europesays.com\/no\/wp-json\/wp\/v2\/types\/post"}],"author":[{"embeddable":true,"href":"https:\/\/www.europesays.com\/no\/wp-json\/wp\/v2\/users\/2"}],"replies":[{"embeddable":true,"href":"https:\/\/www.europesays.com\/no\/wp-json\/wp\/v2\/comments?post=105944"}],"version-history":[{"count":0,"href":"https:\/\/www.europesays.com\/no\/wp-json\/wp\/v2\/posts\/105944\/revisions"}],"wp:featuredmedia":[{"embeddable":true,"href":"https:\/\/www.europesays.com\/no\/wp-json\/wp\/v2\/media\/105945"}],"wp:attachment":[{"href":"https:\/\/www.europesays.com\/no\/wp-json\/wp\/v2\/media?parent=105944"}],"wp:term":[{"taxonomy":"category","embeddable":true,"href":"https:\/\/www.europesays.com\/no\/wp-json\/wp\/v2\/categories?post=105944"},{"taxonomy":"post_tag","embeddable":true,"href":"https:\/\/www.europesays.com\/no\/wp-json\/wp\/v2\/tags?post=105944"}],"curies":[{"name":"wp","href":"https:\/\/api.w.org\/{rel}","templated":true}]}}