{"id":105948,"date":"2025-12-06T17:16:14","date_gmt":"2025-12-06T17:16:14","guid":{"rendered":"https:\/\/www.europesays.com\/no\/105948\/"},"modified":"2025-12-06T17:16:14","modified_gmt":"2025-12-06T17:16:14","slug":"lillestrom-kronet-drommesesongen-med-seier-i-cupfinalen-mot-sarpsborg-08","status":"publish","type":"post","link":"https:\/\/www.europesays.com\/no\/105948\/","title":{"rendered":"Lillestr\u00f8m kronet dr\u00f8mmesesongen med seier i cupfinalen mot Sarpsborg 08"},"content":{"rendered":"\n<p class=\"_lead_o9xde_2 _lead_xtcu6_50 layout-component text-serif-m layout-normal text-serif-l layout-component layout-wide layout-padded _wide_17hqh_1 layout-padded\">Det s\u00e5 lenge ut til at Lillestr\u00f8ms perfekte statistikk skulle ryke i sesongens viktigste kamp. Men p\u00e5 fire minutter snudde alt. <\/p>\n<p><img alt=\"Thomas Lehne Olsen startet snuoperasjonen for Lillestr\u00f8m.  Foto: Bj\u00f8rn S. Delebekk \/ VG\" class=\"_image_qp4xg_65 layout-component layout-wide\" data-fullscreen- data-track-element-type=\"Article image fullscreen\" data-track-name=\"ImageFullscreen\" fetchpriority=\"high\" decoding=\"sync\" loading=\"eager\" height=\"3592\" itemprop=\"image\"  src=\"https:\/\/www.europesays.com\/no\/wp-content\/uploads\/2025\/12\/69ecab13-210f-4ef6-8a8c-c21b0cb315ed\"  style=\"object-position:0% 0%\" width=\"5392\"\/>Thomas Lehne Olsen startet snuoperasjonen for Lillestr\u00f8m.  Foto: Bj\u00f8rn S. Delebekk \/ VGRapporterer fra Ullevaal stadion Oppdatert l\u00f8rdag 6. desember kl. 18:11     <\/p>\n<p class=\"_paragraph_o9xde_4 _paragraph_xtcu6_10 layout-component text-serif-m layout-normal text-serif-m layout-padded\">\u2013 Det er fantastisk hvordan en fotballkamp kan skifte momentum fra frustrasjon til enorm glede, ropte NRKs kommentator Christian Nilssen da snuoperasjonen var et faktum. <\/p>\n<p class=\"_paragraph_o9xde_4 _paragraph_xtcu6_10 layout-component text-serif-m layout-normal text-serif-m layout-padded\">For p\u00e5 f\u00e5 minutter endret alt seg for Lillestr\u00f8m, som lenge slet med \u00e5 score m\u00e5l i cupfinalen mot Sarpsborg 08. <\/p>\n<p class=\"_paragraph_o9xde_4 _paragraph_xtcu6_10 layout-component text-serif-m layout-normal text-serif-m layout-padded\">\u2013 Jeg har ikke skj\u00f8nt det helt enn\u00e5, det er en dr\u00f8m jeg har hatt lenge, men jeg er ikke ber\u00f8rt forel\u00f8pig. Jeg vet hva som kommer til \u00e5 skje i kveld. Da begynner jeg \u00e5 hylgrine. Dette har jeg dr\u00f8mt om helt siden jeg var liten gutt, sier LSK-kaptein Ruben Gabrielsen til NRK etter kampslutt. <\/p>\n<p><img alt=\"Foto: Bj\u00f8rn S. Delebekk \/ VG\" class=\"_image_qp4xg_65 layout-component layout-normal\" data-fullscreen- data-track-element-type=\"Article image fullscreen\" data-track-name=\"ImageFullscreen\" decoding=\"async\" loading=\"lazy\" height=\"2560\" itemprop=\"image\"  src=\"https:\/\/www.europesays.com\/no\/wp-content\/uploads\/2025\/12\/f4e0a2de-9ce8-4ab8-abfd-1d847b28eb4a\"  style=\"object-position:0% 0%\" width=\"3840\"\/>Foto: Bj\u00f8rn S. Delebekk \/ VG<\/p>\n<p class=\"_paragraph_o9xde_4 _paragraph_xtcu6_10 layout-component text-serif-m layout-normal text-serif-m layout-padded\">Til tross for divisjonsforskjellen var det mange som p\u00e5 forh\u00e5nd holdt Lillestr\u00f8m som favoritt f\u00f8r cupfinalen mot Sarpsborg, som ble nummer ni i \u00e5rets Eliteserie-sesong. <\/p>\n<p class=\"_paragraph_o9xde_4 _paragraph_xtcu6_10 layout-component text-serif-m layout-normal text-serif-m layout-padded\">Med 39 kamper uten tap i Obos-ligaen og to cupturneringer skulle Hans Erik \u00d8degaard &amp; co f\u00e5 en perfekt avslutning p\u00e5 en knallsterk sesong. <\/p>\n<p class=\"_paragraph_o9xde_4 _paragraph_xtcu6_10 layout-component text-serif-m layout-normal text-serif-m layout-padded\">Det var tut og kj\u00f8r fra f\u00f8rste stund p\u00e5 Ullevaal stadion \u2013 ogs\u00e5 p\u00e5 tribunen. Begge lags supportere lagde en fantastisk ramme rundt kampen, som startet like forrykende.<\/p>\n<p class=\"_paragraph_o9xde_4 _paragraph_xtcu6_10 layout-component text-serif-m layout-normal text-serif-m layout-padded\">\u2013 Herlig, denne gjengen har v\u00e6rt med oss i tykt og tynt hele sesongen. De er v\u00e5r viktigste mann \u2013  fantastisk \u00e5 ha dem i ryggen, sier Thomas Lehne Olsen til NRK. <\/p>\n<p><img alt=\"Foto: Bj\u00f8rn S. Delebekk \/ VG\" class=\"_image_qp4xg_65 layout-component layout-normal\" data-fullscreen- data-track-element-type=\"Article image fullscreen\" data-track-name=\"ImageFullscreen\" decoding=\"async\" loading=\"lazy\" height=\"5504\" itemprop=\"image\"  src=\"https:\/\/www.europesays.com\/no\/wp-content\/uploads\/2025\/12\/d2cda31c-dfc5-4586-8c88-dc59ebde8cc9\"  style=\"object-position:0% 0%\" width=\"8256\"\/>Foto: Bj\u00f8rn S. Delebekk \/ VG<\/p>\n<p class=\"_paragraph_o9xde_4 _paragraph_xtcu6_10 layout-component text-serif-m layout-normal text-serif-m layout-padded\">Med h\u00f8yt tempo, kontring p\u00e5 kontring og saftige dueller kom ogs\u00e5 sjansene i f\u00f8rste halvdel av omgangen. Den st\u00f8rste var det Lehne Ohlsen som fikk. Men Obos-ligaens toppscorer, som startet sin f\u00f8rste kamp siden 17. oktober p\u00e5 grunn av skade, sleivet ballen til side for m\u00e5l. <\/p>\n<p><img alt=\"Foto: Bj\u00f8rn S. Delebekk \/ VG\" class=\"_image_qp4xg_65 layout-component layout-normal\" data-fullscreen- data-track-element-type=\"Article image fullscreen\" data-track-name=\"ImageFullscreen\" decoding=\"async\" loading=\"lazy\" height=\"2560\" itemprop=\"image\"  src=\"https:\/\/www.europesays.com\/no\/wp-content\/uploads\/2025\/12\/cb488ce2-0482-4600-94e5-c1a59e15d5d6\"  style=\"object-position:0% 0%\" width=\"3840\"\/>Foto: Bj\u00f8rn S. Delebekk \/ VG<\/p>\n<p class=\"_paragraph_o9xde_4 _paragraph_xtcu6_10 layout-component text-serif-m layout-normal text-serif-m layout-padded\">LSK tok etter hvert mer og mer over, men ved halvtimen spilt smalt det fra sarpingene. <\/p>\n<p class=\"_paragraph_o9xde_4 _paragraph_xtcu6_10 layout-component text-serif-m layout-normal text-serif-m layout-padded\">En nydelig klarering fra midtstopper Menno Koch ble ogs\u00e5 en str\u00e5lende pasning til Peter Reinhardsen, som spilte gjennom til Daniel Karlsbakk som timet l\u00f8pet sitt perfekt. Alene mot LSKs keeper endte den f\u00f8lsomme chippen fra Eliteseriens toppscorer i stolpen, men p\u00e5 returen var ringreven Jo Inge Berget v\u00e5ken. <\/p>\n<p class=\"_paragraph_o9xde_4 _paragraph_xtcu6_10 layout-component text-serif-m layout-normal text-serif-m layout-padded\">35-\u00e5ringen, som ogs\u00e5 scoret mot Rosenborg da Molde vant cupfinalen i 2013, kriget inn 1\u20130 for \u00f8stfoldingene.<\/p>\n<p><img alt=\"Foto: Bj\u00f8rn S. Delebekk \/ VG\" class=\"_image_qp4xg_65 layout-component layout-normal\" data-fullscreen- data-track-element-type=\"Article image fullscreen\" data-track-name=\"ImageFullscreen\" decoding=\"async\" loading=\"lazy\" height=\"2984\" itemprop=\"image\"  src=\"https:\/\/www.europesays.com\/no\/wp-content\/uploads\/2025\/12\/7eed76aa-7f41-48ad-8835-29f6b7b94d5a\"  style=\"object-position:0% 0%\" width=\"4480\"\/>Foto: Bj\u00f8rn S. Delebekk \/ VG<\/p>\n<p class=\"_paragraph_o9xde_4 _paragraph_xtcu6_10 layout-component text-serif-m layout-normal text-serif-m layout-padded\">Tre minutter p\u00e5 overtid fikk Ruben Gabrielsen en eventyrlig mulighet til \u00e5 utligne for LSK f\u00f8r pause. Etter en duell havnet andreballen rett i beina til LSK-kapteinen, men avslutningen fra kort hold gikk rett p\u00e5 keeper Mamour Ndiaye. <\/p>\n<p><img alt=\"Foto: Bj\u00f8rn S. Delebekk \/ VG\" class=\"_image_qp4xg_65 layout-component layout-normal\" data-fullscreen- data-track-element-type=\"Article image fullscreen\" data-track-name=\"ImageFullscreen\" decoding=\"async\" loading=\"lazy\" height=\"2240\" itemprop=\"image\"  src=\"https:\/\/www.europesays.com\/no\/wp-content\/uploads\/2025\/12\/46390d5b-0f02-4526-85ae-0e8908a9fff2\"  style=\"object-position:0% 0%\" width=\"3360\"\/>Foto: Bj\u00f8rn S. Delebekk \/ VG<\/p>\n<p class=\"_paragraph_o9xde_4 _paragraph_xtcu6_10 layout-component text-serif-m layout-normal text-serif-m layout-padded\">\u2013 Vi skal bare fortsette med det vi holder p\u00e5 med. Hvis vi fortsetter s\u00e5nn, kommer vi til \u00e5 score, sa Gabrielsen til NRK p\u00e5 vei inn til pause.<\/p>\n<p class=\"_paragraph_o9xde_4 _paragraph_xtcu6_10 layout-component text-serif-m layout-normal text-serif-m layout-padded\">Ogs\u00e5 Kanarifansen var offensive. Spillerne var knapt i gang med andre omgang f\u00f8r blussing fra Kanarifansen f\u00f8rte til stopp i spillet. <\/p>\n<p><img alt=\"Foto: Bj\u00f8rn S. Delebekk \/ VG\" class=\"_image_qp4xg_65 layout-component layout-normal\" data-fullscreen- data-track-element-type=\"Article image fullscreen\" data-track-name=\"ImageFullscreen\" decoding=\"async\" loading=\"lazy\" height=\"3592\" itemprop=\"image\"  src=\"https:\/\/www.europesays.com\/no\/wp-content\/uploads\/2025\/12\/57be7add-6a9a-4d05-867e-8a027977e0ec\"  style=\"object-position:0% 0%\" width=\"5392\"\/>Foto: Bj\u00f8rn S. Delebekk \/ VG<\/p>\n<p class=\"_paragraph_o9xde_4 _paragraph_xtcu6_10 layout-component text-serif-m layout-normal text-serif-m layout-padded\">Det meste dreide seg om LSK ogs\u00e5 utover i omgangen. Men mens klokken tikket, uteble scoringen. <\/p>\n<p class=\"_paragraph_o9xde_4 _paragraph_xtcu6_10 layout-component text-serif-m layout-normal text-serif-m layout-padded\">Men p\u00e5 fire minutter endret alt seg.<\/p>\n<p class=\"_paragraph_o9xde_4 _paragraph_xtcu6_10 layout-component text-serif-m layout-normal text-serif-m layout-padded\">68 minutter: Pluselig stemte alt for Lillestr\u00f8m, og da gikk det fort. Lars Ranger fant Markus Karlsbakk bak Sarpsborg 08s forsvarsrekke \u2013 og Lehne Olsen fikk ballen, satt den endelig for den returnerte storscoreren som s\u00f8rget for 1\u20131. <\/p>\n<p><img alt=\"Foto: Bj\u00f8rn S. Delebekk \/ VG\" class=\"_image_qp4xg_65 layout-component layout-normal\" data-fullscreen- data-track-element-type=\"Article image fullscreen\" data-track-name=\"ImageFullscreen\" decoding=\"async\" loading=\"lazy\" height=\"3592\" itemprop=\"image\"  src=\"https:\/\/www.europesays.com\/no\/wp-content\/uploads\/2025\/12\/159ae745-04ea-4f79-a1cd-6f9c8cadb62f\"  style=\"object-position:0% 0%\" width=\"5392\"\/>Foto: Bj\u00f8rn S. Delebekk \/ VG<\/p>\n<p class=\"_paragraph_o9xde_4 _paragraph_xtcu6_10 layout-component text-serif-m layout-normal text-serif-m layout-padded\">72 minutter: Drammeh vartet opp med et nydelig forarbeid og danset forbi Reinhardsen. I boksen ventet Karlsbakk, som denne gangen avsluttet selv via Koch og i det lengste hj\u00f8rnet \u2013 foran den gule veggen av Kanarifans eksploderte av glede nok en gang. <\/p>\n<p class=\"_paragraph_o9xde_4 _paragraph_xtcu6_10 layout-component text-serif-m layout-normal text-serif-m layout-padded\">Vipps, s\u00e5 var kampen snudd. <\/p>\n<ul class=\"_gallery_1qa3s_23\" tabindex=\"0\">\n<li class=\"_item_1qa3s_37\" data-index=\"0\"><img decoding=\"async\" class=\"_image_foru8_23 _articleGallery_foru8_39\" data-fullscreen- width=\"3840\" height=\"2560\" itemprop=\"image\" loading=\"lazy\"  src=\"https:\/\/www.europesays.com\/no\/wp-content\/uploads\/2025\/12\/97bf3213-227e-4928-be3d-fb0663e62d09\"  style=\"object-position:50% 50%;aspect-ratio:var(--gallery-aspect-ratio, 16 \/ 9)\"\/>Foto: Bj\u00f8rn S. Delebekk \/ VG<\/li>\n<li class=\"_item_1qa3s_37\" data-index=\"1\"><img decoding=\"async\" class=\"_image_foru8_23 _articleGallery_foru8_39\" data-fullscreen- width=\"5392\" height=\"3592\" itemprop=\"image\" loading=\"lazy\"  src=\"https:\/\/www.europesays.com\/no\/wp-content\/uploads\/2025\/12\/489c8396-fbb1-4b34-98e7-010127ef9bcb\"  style=\"object-position:50% 50%;aspect-ratio:var(--gallery-aspect-ratio, 16 \/ 9)\"\/>Foto: Bj\u00f8rn S. Delebekk \/ VG<\/li>\n<\/ul>\n<p>Foto: Bj\u00f8rn S. Delebekk \/ VG<\/p>\n<p class=\"_paragraph_o9xde_4 _paragraph_xtcu6_10 layout-component text-serif-m layout-normal text-serif-m layout-padded\">Bare seks minutter senere smalt det igjen. <\/p>\n<p class=\"_paragraph_o9xde_4 _paragraph_xtcu6_10 layout-component text-serif-m layout-normal text-serif-m layout-padded\">Sarpingene slet med \u00e5 klarere etter en corner, og fra kort hold hadde Espen Garn\u00e5s f\u00e5 problemer med \u00e5 sette 3\u20131. <\/p>\n<p><img alt=\"Foto: Bj\u00f8rn S. Delebekk \/ VG\" class=\"_image_qp4xg_65 layout-component layout-normal\" data-fullscreen- data-track-element-type=\"Article image fullscreen\" data-track-name=\"ImageFullscreen\" decoding=\"async\" loading=\"lazy\" height=\"2560\" itemprop=\"image\"  src=\"https:\/\/www.europesays.com\/no\/wp-content\/uploads\/2025\/12\/3bd55ba6-7ee3-4e0b-b1dc-1a7fdb6f2e4f\"  style=\"object-position:0% 0%\" width=\"3840\"\/>Foto: Bj\u00f8rn S. Delebekk \/ VG<\/p>\n<p class=\"_paragraph_o9xde_4 _paragraph_xtcu6_10 layout-component text-serif-m layout-normal text-serif-m layout-padded\">Sarpsborg 08 m\u00e5tte, som i 2017, se seg sl\u00e5tt av Lillestr\u00f8m. Det er f\u00f8rste gang siden H\u00f8dd i 2012 et lag fra niv\u00e5 to vinner cupen. <\/p>\n<p class=\"_paragraph_o9xde_4 _paragraph_xtcu6_10 layout-component text-serif-m layout-normal text-serif-m layout-padded\">Vinneren av \u00e5rets og neste \u00e5rs cupfinale (spilles i maiI m\u00f8tes til supercup-kamp for \u00e5 avgj\u00f8re hvem av dem som f\u00e5r europacup-plassen. <\/p>\n","protected":false},"excerpt":{"rendered":"Det s\u00e5 lenge ut til at Lillestr\u00f8ms perfekte statistikk skulle ryke i sesongens viktigste kamp. Men p\u00e5 fire&hellip;\n","protected":false},"author":2,"featured_media":105949,"comment_status":"","ping_status":"","sticky":false,"template":"","format":"standard","meta":{"footnotes":""},"categories":[59],"tags":[1395,92,1073,2976,30,28,29,133,83,82],"class_list":{"0":"post-105948","1":"post","2":"type-post","3":"status-publish","4":"format-standard","5":"has-post-thumbnail","7":"category-sport","8":"tag-cupfinale","9":"tag-fotball","10":"tag-lillestrom-sk","11":"tag-nm","12":"tag-no","13":"tag-norge","14":"tag-norway","15":"tag-sarpsborg-08","16":"tag-sport","17":"tag-sports"},"share_on_mastodon":{"url":"https:\/\/pubeurope.com\/@no\/115673758951377468","error":""},"_links":{"self":[{"href":"https:\/\/www.europesays.com\/no\/wp-json\/wp\/v2\/posts\/105948","targetHints":{"allow":["GET"]}}],"collection":[{"href":"https:\/\/www.europesays.com\/no\/wp-json\/wp\/v2\/posts"}],"about":[{"href":"https:\/\/www.europesays.com\/no\/wp-json\/wp\/v2\/types\/post"}],"author":[{"embeddable":true,"href":"https:\/\/www.europesays.com\/no\/wp-json\/wp\/v2\/users\/2"}],"replies":[{"embeddable":true,"href":"https:\/\/www.europesays.com\/no\/wp-json\/wp\/v2\/comments?post=105948"}],"version-history":[{"count":0,"href":"https:\/\/www.europesays.com\/no\/wp-json\/wp\/v2\/posts\/105948\/revisions"}],"wp:featuredmedia":[{"embeddable":true,"href":"https:\/\/www.europesays.com\/no\/wp-json\/wp\/v2\/media\/105949"}],"wp:attachment":[{"href":"https:\/\/www.europesays.com\/no\/wp-json\/wp\/v2\/media?parent=105948"}],"wp:term":[{"taxonomy":"category","embeddable":true,"href":"https:\/\/www.europesays.com\/no\/wp-json\/wp\/v2\/categories?post=105948"},{"taxonomy":"post_tag","embeddable":true,"href":"https:\/\/www.europesays.com\/no\/wp-json\/wp\/v2\/tags?post=105948"}],"curies":[{"name":"wp","href":"https:\/\/api.w.org\/{rel}","templated":true}]}}