{"id":105952,"date":"2025-12-06T17:22:09","date_gmt":"2025-12-06T17:22:09","guid":{"rendered":"https:\/\/www.europesays.com\/no\/105952\/"},"modified":"2025-12-06T17:22:09","modified_gmt":"2025-12-06T17:22:09","slug":"tyveri-politi-politiet-advarer-pakketyver-gar-rundt-og-sjekker-postkasser","status":"publish","type":"post","link":"https:\/\/www.europesays.com\/no\/105952\/","title":{"rendered":"Tyveri, Politi | Politiet advarer: \u2013 Pakketyver g\u00e5r rundt og sjekker postkasser"},"content":{"rendered":"\n<p>Politiet p\u00e5 Stord fikk l\u00f8rdag morgen melding fra en person p\u00e5 Bremnes om funn av flere pakker som var \u00e5pnet, og post som l\u00e5 langs veien, skriver <a rel=\"noopener nofollow\" href=\"https:\/\/www.bomlo-nytt.no\/nyhende\/n\/OknoVb\/nye-funn-av-opna-pakkar-paa-bremnes-politiet-ber-folk-sjekka-om-dei-manglar-noko\" target=\"_blank\">B\u00f8mlo-nytt<\/a>.<\/p>\n<p>\u2013 Flere av pakkene er \u00abHelt hjem\u00bb pakker som enten er levert i posten eller p\u00e5 d\u00f8ren, skriver operasjonsleder Roger Litlatun i S\u00f8rvest politidistrikt p\u00e5 <a rel=\"noopener nofollow\" href=\"https:\/\/www.politiet.no\/politiloggen\/hendelse\/25r9ng\/sor-vest-politidistrikt-tyveri-bomlo\" target=\"_blank\">politiloggen<\/a>.<\/p>\n<p><b>Les ogs\u00e5: <a href=\"https:\/\/www.nettavisen.no\/okonomi\/rema-1000-halverer-stotten-til-frelsesarmeen\/s\/5-95-2764695\" rel=\"Follow nofollow noopener\" target=\"_blank\">Rema 1000 halverer st\u00f8tte: \u2013 Pinlig<\/a><\/b><\/p>\n<p>Politiet g\u00e5r n\u00e5 igjennom pakkene og kontakter de som de finner navn p\u00e5. Politiet p\u00e5 Stord kan kontaktes dersom noen mistenker de har f\u00e5tt frastj\u00e5let pakker.<\/p>\n<p>Senere l\u00f8rdag ettermiddag kom det melding om at flere pakker ved et postmottak var revet opp. Operasjonsleder Helene Strand i S\u00f8rvest politidistrikt opplyser at det s\u00e5 ut som det gjaldt en pakke som var i privat postkasse p\u00e5 postkassestativ som var blitt \u00e5pnet. Per n\u00e5 er det ingen mistenkte.<\/p>\n<p>Politiet er kjent med at det ogs\u00e5 tidligere har v\u00e6rt lignende hendelser p\u00e5 B\u00f8mlo. For bare \u00e9n uke siden fikk politiet meldinger om lignende tilfeller i flere omr\u00e5der.<\/p>\n<p>\u2013 Tydelig at tyver g\u00e5r rundt og sjekker folks postkasser og inngangspartier i jakten p\u00e5 pakker. Folk b\u00f8r v\u00e6re p\u00e5 hugget n\u00e5r de venter pakker og f\u00e5 dem i hus, samt f\u00f8lge med i nabolaget, om der er uvedkommende som snoker i postkasser, skrev Strand p\u00e5 <a rel=\"noopener nofollow\" href=\"https:\/\/www.politiet.no\/politiloggen\/hendelse\/25kccg\/sor-vest-politidistrikt-skadeverk-bomlo-folderhoyhamn\" target=\"_blank\">politiloggen<\/a>.<\/p>\n<p>    Vil du se neste video?<\/p>\n<p>    <a href=\"https:\/\/www.nettavisen.no\/nyheter\/ukrainske-spesialstyrker-skal-ha-tatt-ut-russiske-mal-pa-krim-halvoya\/v\/5-95-2764466\" class=\"recommend-poster\" data-adp-clicklabel=\"video-recommend\" data-adp-clickvalue=\"poster\" rel=\"nofollow noopener\" target=\"_blank\"><br \/>\n      <img decoding=\"async\" width=\"200\" height=\"200\" loading=\"lazy\" src=\"https:\/\/www.europesays.com\/no\/wp-content\/uploads\/2025\/12\/KAMPFLY+BREDDE.jpg\" alt=\"\" class=\"brick-c-cFOWSL\" style=\"--brick-image-ratio: 200 \/ 200;\"\/><\/p>\n<p>Tar ut russisk kampfly p\u00e5 Krim0:24<\/p>\n<p>    <\/a><\/p>\n<p>        Malin (32) er drittlei \u00absykt barn\u00bb-juks &#8211; og sier det rett ut.<\/p>\n<p><b>Les ogs\u00e5: <a href=\"https:\/\/www.nettavisen.no\/okonomi\/grot-triks-helt-like-15-kroner-prisforskjell\/s\/5-95-2765030\" rel=\"Follow nofollow noopener\" target=\"_blank\">Gr\u00f8t-sjokk p\u00e5 Kiwi: \u2013 Triks og lureri<\/a><\/b><\/p>\n","protected":false},"excerpt":{"rendered":"Politiet p\u00e5 Stord fikk l\u00f8rdag morgen melding fra en person p\u00e5 Bremnes om funn av flere pakker som&hellip;\n","protected":false},"author":2,"featured_media":105953,"comment_status":"","ping_status":"","sticky":false,"template":"","format":"standard","meta":{"footnotes":""},"categories":[5],"tags":[20,21,24,25,15,19,22,23,17,18,13,30,28,29,14,16,26,27],"class_list":{"0":"post-105952","1":"post","2":"type-post","3":"status-publish","4":"format-standard","5":"has-post-thumbnail","7":"category-overskrifter","8":"tag-breaking-news","9":"tag-breakingnews","10":"tag-featured-news","11":"tag-featurednews","12":"tag-headlines","13":"tag-hovedoppslag","14":"tag-latest-news","15":"tag-latestnews","16":"tag-main-news","17":"tag-mainnews","18":"tag-news","19":"tag-no","20":"tag-norge","21":"tag-norway","22":"tag-nyheter","23":"tag-overskrifter","24":"tag-top-stories","25":"tag-topstories"},"share_on_mastodon":{"url":"https:\/\/pubeurope.com\/@no\/115673782566231171","error":""},"_links":{"self":[{"href":"https:\/\/www.europesays.com\/no\/wp-json\/wp\/v2\/posts\/105952","targetHints":{"allow":["GET"]}}],"collection":[{"href":"https:\/\/www.europesays.com\/no\/wp-json\/wp\/v2\/posts"}],"about":[{"href":"https:\/\/www.europesays.com\/no\/wp-json\/wp\/v2\/types\/post"}],"author":[{"embeddable":true,"href":"https:\/\/www.europesays.com\/no\/wp-json\/wp\/v2\/users\/2"}],"replies":[{"embeddable":true,"href":"https:\/\/www.europesays.com\/no\/wp-json\/wp\/v2\/comments?post=105952"}],"version-history":[{"count":0,"href":"https:\/\/www.europesays.com\/no\/wp-json\/wp\/v2\/posts\/105952\/revisions"}],"wp:featuredmedia":[{"embeddable":true,"href":"https:\/\/www.europesays.com\/no\/wp-json\/wp\/v2\/media\/105953"}],"wp:attachment":[{"href":"https:\/\/www.europesays.com\/no\/wp-json\/wp\/v2\/media?parent=105952"}],"wp:term":[{"taxonomy":"category","embeddable":true,"href":"https:\/\/www.europesays.com\/no\/wp-json\/wp\/v2\/categories?post=105952"},{"taxonomy":"post_tag","embeddable":true,"href":"https:\/\/www.europesays.com\/no\/wp-json\/wp\/v2\/tags?post=105952"}],"curies":[{"name":"wp","href":"https:\/\/api.w.org\/{rel}","templated":true}]}}