{"id":105966,"date":"2025-12-06T17:41:08","date_gmt":"2025-12-06T17:41:08","guid":{"rendered":"https:\/\/www.europesays.com\/no\/105966\/"},"modified":"2025-12-06T17:41:08","modified_gmt":"2025-12-06T17:41:08","slug":"israel-tyskland-kjoligere-forhold-merz-til-israel-for-forste-gang","status":"publish","type":"post","link":"https:\/\/www.europesays.com\/no\/105966\/","title":{"rendered":"Israel, Tyskland | Kj\u00f8ligere forhold: Merz til Israel for f\u00f8rste gang"},"content":{"rendered":"\n<p>Tysklands forhold til Israel er ikke som det engang var. Landet har kritisert Israels krigf\u00f8ring i Gaza og stoppet ogs\u00e5 p\u00e5 et tidspunkt v\u00e5peneksporten til landet.<\/p>\n<p>L\u00f8rdag reiser Tysklands forbundskansler Friedrich Merz p\u00e5 sitt f\u00f8rste bes\u00f8k til landet siden han tiltr\u00e5dte. Merz er en leder som israel lytter til. Da han tidligere i \u00e5r uttrykte bekymring over Israels handlinger i Gaza, sa israelske ambassad\u00f8ren i Tyskland, Ron Prosor, at \u00abN\u00e5r Friedrich Merz ytrer denne kritikken av Israel, lytter vi veldig n\u00f8ye fordi han er en venn\u00bb.<\/p>\n<p>M\u00f8tet blir utfordrende for Merz, skriver <a rel=\"Follow nofollow noopener\" href=\"https:\/\/www.dw.com\/en\/german-chancellor-merz-faces-difficult-mission-to-israel\/a-75038147\" target=\"_blank\">Deutsche Welle<\/a>. P\u00e5 grunn av den m\u00f8rke historien til Nazi-Tyskland under andre verdenskrig har tyske ledere lenge sett p\u00e5 urokkelig st\u00f8tte til Israel som en grunnpilar i landets utenrikspolitikk. Samtidig \u00f8nsker landet en endring i Israels politikk i palestinasp\u00f8rsm\u00e5let.<\/p>\n<p><b>Les ogs\u00e5: <a class=\"simple-relation related-teaser article--c-eRUmMG article--c-eRUmMG-fZoQSp-design-nettavisen article--c-eRUmMG-gwthdJ-cv\" href=\"https:\/\/www.nettavisen.no\/massiv-klagestorm-mot-nrk-etter-israels-eurovision-deltakelse\/s\/5-95-2764397\" rel=\"nofollow noopener\" target=\"_blank\">Massiv klagestorm mot NRK etter Israels Eurovision-deltakelse<\/a><\/b><\/p>\n<p>M\u00f8te i Jordan og Israel<\/p>\n<p>Merz har flere ganger kritisert Israel. I august innf\u00f8rte han en delvis stans i v\u00e5peneksporten til Israel. Tyskland er den nest st\u00f8rste leverand\u00f8ren av v\u00e5pen til Israel, bare sl\u00e5tt av USA. Eksporten ble imidlertid gjenopptatt i november som f\u00f8lge av v\u00e5penhvileavtalen mellom Israel og Hamas. En v\u00e5penhvile som er sv\u00e6rt skj\u00f8r.<\/p>\n<p>Merz skal f\u00f8rste innom Jordan for samtaler med kong Abdullah II, f\u00f8r han flyr videre til Israel p\u00e5 kvelden. Kong Abdullah II er en sv\u00e6rt velartikulert kritiker av Israels krigf\u00f8ring. Han har blant annet uttalt om Israels krigf\u00f8ring og verdens manglende evne til \u00e5 stoppe den: \u00abI dag er verden i moralsk forfall. En skammelig versjon av v\u00e5r menneskelighet utfolder seg foran \u00f8ynene v\u00e5re i sanntid\u00bb (<a rel=\"Follow nofollow noopener\" href=\"https:\/\/www.youtube.com\/watch?v=abr-h-BHhgQ\" target=\"_blank\">se talen her fra 4:47 minutter<\/a>).<\/p>\n<p><b>Les ogs\u00e5: <a class=\"simple-relation related-teaser article--c-eRUmMG article--c-eRUmMG-fZoQSp-design-nettavisen article--c-eRUmMG-gwthdJ-cv\" href=\"https:\/\/www.nettavisen.no\/over-500-kulturpersoner-oppfordrer-til-israel-boikott\/s\/5-95-2761349\" rel=\"nofollow noopener\" target=\"_blank\">Over 500 kulturpersoner oppfordrer til Israel-boikott<\/a><\/b><\/p>\n<p>S\u00f8ndag skal Merz m\u00f8te Israels statsminister Benjamin Netanyahu. Det er liten tvil om at utviklingen p\u00e5 Gazastripen blir et sv\u00e6rt viktig tema. Den tyske lederen ventes ogs\u00e5 \u00e5 bes\u00f8ke holocaust-minnemerket Yad Vashem.<\/p>\n<p>Sterkere fred eller mer krig<\/p>\n<p>Norges utenriksminister Espen Barth Eide (Ap) advarte denne helgen om at den midlertidige v\u00e5penhvilen i Gaza trolig ikke holder mye lengre i den n\u00e5v\u00e6rende fasen. Han sa at det haster med \u00e5 f\u00e5 en stabiliseringsstyrke p\u00e5 plass i Gaza, og at det blir etablert et s\u00e5kalt fredsstyre.<\/p>\n<p>\u2013 Det haster, for vi er i en veldig skj\u00f8r v\u00e5penhvile, sa Eide under en paneldebatt p\u00e5 Doha Forum.<\/p>\n<p>\u2013 Vi kan enten g\u00e5 fremover eller bakover. Jeg tror ikke vi kan bli v\u00e6rende her i mange uker. Alternativet er \u00e5 g\u00e5 tilbake til krig, la han til.<\/p>\n<p>Eide etterlyste ogs\u00e5 en tydeligere rekkef\u00f8lge i den amerikanske 20-punktsplanen.<\/p>\n<p>\u2013 Planen sier mye av de riktige tingene, men det er ikke tydelig hva som skal skje n\u00e5r, sa Eide.<\/p>\n<p>\u2013 Det er viktig \u00e5 f\u00e5 p\u00e5 plass en klar rekkef\u00f8lge, for ellers kan partene si: Jeg skal gj\u00f8re dette, men bare etter at de har gjort dette.<\/p>\n<p>V\u00e5penhvilen<\/p>\n<p>V\u00e5penhvilen som USA meklet fram mellom Israel og Hamas med st\u00f8tte fra Egypt, Tyrkia og Qatar, tr\u00e5dte i kraft 10. oktober. Da trakk israelske milit\u00e6re seg tilbake til den s\u00e5kalte gule linjen p\u00e5 Gazastripen.<\/p>\n<p>I henhold til avtalen har ogs\u00e5 Hamas utlevert de 20 levende gislene de hadde ved starten av v\u00e5penhvilen, og nesten alle de d\u00f8de gislene ogs\u00e5.<\/p>\n<p>Fase to av 20-punktsplanen inneb\u00e6rer at Israel trekker seg ytterligere ut. En ny internasjonal styrke kalt ISF skal g\u00e5 inn i stedet.<\/p>\n<p>I tillegg skal strukturen for Gazas politiske styre opprettes. Det skal angivelig ledes av Trump selv, som ordf\u00f8rer for en \u00abfredsledelse\u00bb, og under denne skal det v\u00e6re en \u00abinternasjonal ledelse\u00bb med blant andre britiske Tony Blair, og under der igjen en teknokratisk palestinsk regjering.<\/p>\n<p>Nylig meldte Axios at USAs president Donald Trump vil sette i gang med fase to f\u00f8r jul.<\/p>\n<p>Til tross for v\u00e5penhvilen, har flere hundre palestinere blitt drept i israelske angrep mot Gazastripen. I tillegg er et f\u00e5tall israelske styrker blitt drept i kamper.<\/p>\n","protected":false},"excerpt":{"rendered":"Tysklands forhold til Israel er ikke som det engang var. Landet har kritisert Israels krigf\u00f8ring i Gaza og&hellip;\n","protected":false},"author":2,"featured_media":105967,"comment_status":"","ping_status":"","sticky":false,"template":"","format":"standard","meta":{"footnotes":""},"categories":[12],"tags":[20,21,24,25,15,22,23,13,30,28,29,14,16,26,27,42,43,44,45],"class_list":{"0":"post-105966","1":"post","2":"type-post","3":"status-publish","4":"format-standard","5":"has-post-thumbnail","7":"category-verden","8":"tag-breaking-news","9":"tag-breakingnews","10":"tag-featured-news","11":"tag-featurednews","12":"tag-headlines","13":"tag-latest-news","14":"tag-latestnews","15":"tag-news","16":"tag-no","17":"tag-norge","18":"tag-norway","19":"tag-nyheter","20":"tag-overskrifter","21":"tag-top-stories","22":"tag-topstories","23":"tag-verden","24":"tag-world","25":"tag-world-news","26":"tag-worldnews"},"share_on_mastodon":{"url":"https:\/\/pubeurope.com\/@no\/115673856975913544","error":""},"_links":{"self":[{"href":"https:\/\/www.europesays.com\/no\/wp-json\/wp\/v2\/posts\/105966","targetHints":{"allow":["GET"]}}],"collection":[{"href":"https:\/\/www.europesays.com\/no\/wp-json\/wp\/v2\/posts"}],"about":[{"href":"https:\/\/www.europesays.com\/no\/wp-json\/wp\/v2\/types\/post"}],"author":[{"embeddable":true,"href":"https:\/\/www.europesays.com\/no\/wp-json\/wp\/v2\/users\/2"}],"replies":[{"embeddable":true,"href":"https:\/\/www.europesays.com\/no\/wp-json\/wp\/v2\/comments?post=105966"}],"version-history":[{"count":0,"href":"https:\/\/www.europesays.com\/no\/wp-json\/wp\/v2\/posts\/105966\/revisions"}],"wp:featuredmedia":[{"embeddable":true,"href":"https:\/\/www.europesays.com\/no\/wp-json\/wp\/v2\/media\/105967"}],"wp:attachment":[{"href":"https:\/\/www.europesays.com\/no\/wp-json\/wp\/v2\/media?parent=105966"}],"wp:term":[{"taxonomy":"category","embeddable":true,"href":"https:\/\/www.europesays.com\/no\/wp-json\/wp\/v2\/categories?post=105966"},{"taxonomy":"post_tag","embeddable":true,"href":"https:\/\/www.europesays.com\/no\/wp-json\/wp\/v2\/tags?post=105966"}],"curies":[{"name":"wp","href":"https:\/\/api.w.org\/{rel}","templated":true}]}}