{"id":105970,"date":"2025-12-06T17:44:38","date_gmt":"2025-12-06T17:44:38","guid":{"rendered":"https:\/\/www.europesays.com\/no\/105970\/"},"modified":"2025-12-06T17:44:38","modified_gmt":"2025-12-06T17:44:38","slug":"forste-gang-pa-nesten-fem-ar-dagbladet","status":"publish","type":"post","link":"https:\/\/www.europesays.com\/no\/105970\/","title":{"rendered":"F\u00f8rste gang p\u00e5 nesten fem \u00e5r &#8211; Dagbladet"},"content":{"rendered":"<ol>\n<li><a href=\"https:\/\/news.google.com\/rss\/articles\/CBMid0FVX3lxTE1OX3dlaGZGbDFUZFZYN0pJd18xVmZmd2tkZ3k1VEYxbXN1ejg2bFA0Yy1rSzRNX1VJNEt2MEM2WlhVSHB3aHBoTURUREQwV0xmVjY2ZUdBZEYtTkhBeHFEX1p1SUFJV19qdDN6WFpTLTRoaEh5NXZZ?oc=5\" target=\"_blank\" rel=\"nofollow noopener\">F\u00f8rste gang p\u00e5 nesten fem \u00e5r<\/a>&nbsp;&nbsp;Dagbladet<\/li>\n<li><a href=\"https:\/\/news.google.com\/rss\/articles\/CBMijwFBVV95cUxNLVdTaUFpcU04NFg5VWs0UDl3bXRrcThNT29PUF9LdGR0SDhFNzNJMHRWZ0JSa1duNE1BVTRYSWQxYm8tRDRkVmNZSFVXSnR1T1cwMzhCVzVDNVVvaEZES1J0QjJkMG5YZVVBN1dUOVcwZUdXTW9vR013bmlpM0tpWTFnLUt5ajRNeVRpT1Aybw?oc=5\" target=\"_blank\" rel=\"nofollow noopener\">Iversen svarer p\u00e5 stikk etter elleville scener: \u2013\u2060 Selvf\u00f8lgelig er det irriterende<\/a>&nbsp;&nbsp;VG<\/li>\n<li><a href=\"https:\/\/news.google.com\/rss\/articles\/CBMickFVX3lxTFBST1duWDdxOEJhLW84SjNVRkluc25YVVBySzdpVEhUMTdhbEN3eXRmenNjRkMxSVRKbjNRMzFXS1RvR0U0SE9KTkw5Q1N6WHYzS1pUeEt3dEs4TF8yMVdVTnFYSmlMXzU5WGhIV2gxOXBTdw?oc=5\" target=\"_blank\" rel=\"nofollow noopener\">\u00abOfrer\u00bb seg for kj\u00e6resten: &#8211; Har et veldig fint liv<\/a>&nbsp;&nbsp;adressa.no<\/li>\n<li><a href=\"https:\/\/news.google.com\/rss\/articles\/CBMizwFBVV95cUxORkRPNHJORVo4UFVaeFQ1WElaTFdHeWlvdjJhRGJFaUIzS3JpdjJ2bnF4bjdWS0h5R00zUkM0bU5WUHJMSVR3UTY4a2RRQ3hLSkxsQTNHMlRUSTNRMDB0RkFDV1J0TDNpcGdaQ3dRUG43QUNmYjd4TVEyeUhOaUxweVV3YndFZzhPWkxLb3NraFczS2MwY1hpcWVsZjlpQWhIRjNBcXhzRWhfVG1rM1VKTU8tM3F5RVJvRmY3Nm1DbHYzZ3pPUVdCMkJxRlNfUVk?oc=5\" target=\"_blank\" rel=\"nofollow noopener\">LANGRENN: Emil Iversen tok ein imponerande tredjeplass under fellesstarten med skibyte i Trondheim<\/a>&nbsp;&nbsp;NRK<\/li>\n<li><a href=\"https:\/\/news.google.com\/rss\/articles\/CBMibkFVX3lxTE9jMTgtUk5BcXFzd0dSa1pXak9ZVlkyTTI4SThhMHNHRUZSZU9qbVppcEoxYU9pS29rS01JNFFZQmJNSUduMHdYY1JIWVJZeXZUMVM0cVJLOGp6c2ZoOHNSak4tR0FDYW90dk1xRmd3?oc=5\" target=\"_blank\" rel=\"nofollow noopener\">Feiret med forloveden<\/a>&nbsp;&nbsp;Dagbladet<\/li>\n<\/ol>\n","protected":false},"excerpt":{"rendered":"F\u00f8rste gang p\u00e5 nesten fem \u00e5r&nbsp;&nbsp;Dagbladet Iversen svarer p\u00e5 stikk etter elleville scener: \u2013\u2060 Selvf\u00f8lgelig er det irriterende&nbsp;&nbsp;VG&hellip;\n","protected":false},"author":2,"featured_media":105764,"comment_status":"","ping_status":"","sticky":false,"template":"","format":"standard","meta":{"footnotes":""},"categories":[59],"tags":[3647,711,398,30,28,29,83,82,12533],"class_list":{"0":"post-105970","1":"post","2":"type-post","3":"status-publish","4":"format-standard","5":"has-post-thumbnail","7":"category-sport","8":"tag-emil-iversen","9":"tag-johannes-hosflot-klaebo","10":"tag-langrenn","11":"tag-no","12":"tag-norge","13":"tag-norway","14":"tag-sport","15":"tag-sports","16":"tag-verdenscup"},"share_on_mastodon":{"url":"https:\/\/pubeurope.com\/@no\/115673868947026074","error":""},"_links":{"self":[{"href":"https:\/\/www.europesays.com\/no\/wp-json\/wp\/v2\/posts\/105970","targetHints":{"allow":["GET"]}}],"collection":[{"href":"https:\/\/www.europesays.com\/no\/wp-json\/wp\/v2\/posts"}],"about":[{"href":"https:\/\/www.europesays.com\/no\/wp-json\/wp\/v2\/types\/post"}],"author":[{"embeddable":true,"href":"https:\/\/www.europesays.com\/no\/wp-json\/wp\/v2\/users\/2"}],"replies":[{"embeddable":true,"href":"https:\/\/www.europesays.com\/no\/wp-json\/wp\/v2\/comments?post=105970"}],"version-history":[{"count":0,"href":"https:\/\/www.europesays.com\/no\/wp-json\/wp\/v2\/posts\/105970\/revisions"}],"wp:featuredmedia":[{"embeddable":true,"href":"https:\/\/www.europesays.com\/no\/wp-json\/wp\/v2\/media\/105764"}],"wp:attachment":[{"href":"https:\/\/www.europesays.com\/no\/wp-json\/wp\/v2\/media?parent=105970"}],"wp:term":[{"taxonomy":"category","embeddable":true,"href":"https:\/\/www.europesays.com\/no\/wp-json\/wp\/v2\/categories?post=105970"},{"taxonomy":"post_tag","embeddable":true,"href":"https:\/\/www.europesays.com\/no\/wp-json\/wp\/v2\/tags?post=105970"}],"curies":[{"name":"wp","href":"https:\/\/api.w.org\/{rel}","templated":true}]}}