{"id":105975,"date":"2025-12-06T17:49:18","date_gmt":"2025-12-06T17:49:18","guid":{"rendered":"https:\/\/www.europesays.com\/no\/105975\/"},"modified":"2025-12-06T17:49:18","modified_gmt":"2025-12-06T17:49:18","slug":"roykutvikling-om-bord-i-ferja-suloy-pa-hareid-nrk-more-og-romsdal-lokale-nyheter-tv-og-radio","status":"publish","type":"post","link":"https:\/\/www.europesays.com\/no\/105975\/","title":{"rendered":"R\u00f8ykutvikling om bord i ferja \u00abSul\u00f8y\u00bb p\u00e5 Hareid \u2013 NRK M\u00f8re og Romsdal \u2013 Lokale nyheter, TV og radio"},"content":{"rendered":"<p>Brannvesenet meldte om r\u00f8ykutviklinga om bord i ferja \u00abSul\u00f8y\u00bb klokka 13.46.<\/p>\n<p>Like etter klokka 16 laurdag melder politiet at dei opprettar ei formell politisak.<\/p>\n<p><strong>\u2013 Vi fekk melding om r\u00f8ykutvikling og at brannalarmen hadde g\u00e5tt inne i maskinrommet p\u00e5 eit h\u00f8gspentrom, seier Paul Ola Vestre, ved 110-sentralen i M\u00f8re og Romsdal.<\/strong><\/p>\n<p>\u2013 Vi fekk fort avklart at et ikkje var batterirommet det var snakk om, legg han til.<\/p>\n<p>Ferja og dei som var om bord m\u00e5tte bli evakuert som f\u00f8lge av dette, fortel Vestre<\/p>\n<p>Politiet opplyser at det ikkje skal ha vore opne flammar p\u00e5 staden, men r\u00f8ykutvikling i eit traforom i ferja.<\/p>\n<p>Ferja g\u00e5r normalt p\u00e5 straum fr\u00e5 batteri, men har biodiesel som reservel\u00f8ysing. Den blei bygd i 2019.<\/p>\n<p>Ferja er innstilt<\/p>\n<p>Mannskap fr\u00e5 brannvesenet er om bord i ferja. Ogs\u00e5 politiet er p\u00e5 staden.<\/p>\n<p><strong>\u2013 Det blir jobba med \u00e5 f\u00e5 h\u00f8gspentrommet straumlaust slik at vi kan g\u00e5 inn og f\u00e5r kontrollert kva som skjer der, seier Vestre.<\/strong><\/p>\n<p>Klokka 14.40 opplyser politiet at ein elektrikar skal vere p\u00e5 veg til staden for \u00e5 hjelpe til med \u00e5 kutte straumen.<\/p>\n<p>Brannvesenet opplyser at det ikkje er meldt om personskadar.<\/p>\n<p>Ferja g\u00e5r til vanleg i sambandet mellom Hareid og Sulesund.<\/p>\n<p><strong>A-ferja i sambandet er innstilt som f\u00f8lge av dette, melder Fjord1.<\/strong><\/p>\n<p>Christiane Marl\u00e9n Brevik var ein av dei som var om bord i ferja. Ho uttalte seg f\u00f8rst til <a href=\"https:\/\/www.smp.no\/nyheter\/i\/L404lP\/evakulerer-ferje\" ec-id=\"https:\/\/www.smp.no\/nyheter\/i\/L404lP\/evakulerer-ferje\" ec-name=\"Sunnm\u00f8rsposten.\" rel=\"nofollow noopener\" target=\"_blank\">Sunnm\u00f8rsposten.<\/a><\/p>\n<p>Til NRK fortel ho at ferja skulle til \u00e5 g\u00e5 fr\u00e5 Hareid til Sulesund d\u00e5 dei blei evakuerte.<\/p>\n<p><strong>\u2013 Eg skulle berre ein kjapp tur over med ferja for \u00e5 hente ein katt d\u00e5 vi fekk beskjed om r\u00f8ykutviklinga. Det var ikkje noko s\u00e6rleg dramatikk, seier Breivik. <\/strong><\/p>\n<p>Dei kom seg s\u00e5 av ferja og s\u00e5g ingen teikn til r\u00f8yk p\u00e5 staden.<\/p>\n<p>Etter kvart kom ho seg vidare med B-ferja i sambandet.<\/p>\n<p>Publisert<\/p>\n<p>06.12.2025, kl. 14.02<\/p>\n<p>Oppdatert<\/p>\n<p>06.12.2025, kl. 16.38<\/p>\n","protected":false},"excerpt":{"rendered":"Brannvesenet meldte om r\u00f8ykutviklinga om bord i ferja \u00abSul\u00f8y\u00bb klokka 13.46. Like etter klokka 16 laurdag melder politiet&hellip;\n","protected":false},"author":2,"featured_media":105976,"comment_status":"","ping_status":"","sticky":false,"template":"","format":"standard","meta":{"footnotes":""},"categories":[10],"tags":[20,21,24,25,15,22,23,13,30,28,29,14,16,26,27],"class_list":{"0":"post-105975","1":"post","2":"type-post","3":"status-publish","4":"format-standard","5":"has-post-thumbnail","7":"category-norge","8":"tag-breaking-news","9":"tag-breakingnews","10":"tag-featured-news","11":"tag-featurednews","12":"tag-headlines","13":"tag-latest-news","14":"tag-latestnews","15":"tag-news","16":"tag-no","17":"tag-norge","18":"tag-norway","19":"tag-nyheter","20":"tag-overskrifter","21":"tag-top-stories","22":"tag-topstories"},"share_on_mastodon":{"url":"https:\/\/pubeurope.com\/@no\/115673888553369901","error":""},"_links":{"self":[{"href":"https:\/\/www.europesays.com\/no\/wp-json\/wp\/v2\/posts\/105975","targetHints":{"allow":["GET"]}}],"collection":[{"href":"https:\/\/www.europesays.com\/no\/wp-json\/wp\/v2\/posts"}],"about":[{"href":"https:\/\/www.europesays.com\/no\/wp-json\/wp\/v2\/types\/post"}],"author":[{"embeddable":true,"href":"https:\/\/www.europesays.com\/no\/wp-json\/wp\/v2\/users\/2"}],"replies":[{"embeddable":true,"href":"https:\/\/www.europesays.com\/no\/wp-json\/wp\/v2\/comments?post=105975"}],"version-history":[{"count":0,"href":"https:\/\/www.europesays.com\/no\/wp-json\/wp\/v2\/posts\/105975\/revisions"}],"wp:featuredmedia":[{"embeddable":true,"href":"https:\/\/www.europesays.com\/no\/wp-json\/wp\/v2\/media\/105976"}],"wp:attachment":[{"href":"https:\/\/www.europesays.com\/no\/wp-json\/wp\/v2\/media?parent=105975"}],"wp:term":[{"taxonomy":"category","embeddable":true,"href":"https:\/\/www.europesays.com\/no\/wp-json\/wp\/v2\/categories?post=105975"},{"taxonomy":"post_tag","embeddable":true,"href":"https:\/\/www.europesays.com\/no\/wp-json\/wp\/v2\/tags?post=105975"}],"curies":[{"name":"wp","href":"https:\/\/api.w.org\/{rel}","templated":true}]}}