{"id":105981,"date":"2025-12-06T17:52:20","date_gmt":"2025-12-06T17:52:20","guid":{"rendered":"https:\/\/www.europesays.com\/no\/105981\/"},"modified":"2025-12-06T17:52:20","modified_gmt":"2025-12-06T17:52:20","slug":"justin-baldoni-delte-intim-detalj-med-blake-lively","status":"publish","type":"post","link":"https:\/\/www.europesays.com\/no\/105981\/","title":{"rendered":"Justin Baldoni delte intim detalj med Blake Lively"},"content":{"rendered":"<p>        Saken oppsummert<\/p>\n<ul lang=\"nb-NO\">\n<li>Blake Lively og Justin Baldoni er involvert i en rettsstrid som startet i desember 2024.<\/li>\n<li>Nye dokumenter avsl\u00f8rer en privat samtale mellom dem fra 2022, der omskj\u00e6ring ble diskutert.<\/li>\n<li>Lively har saks\u00f8kt Baldoni for seksuell trakassering og et fiendtlig arbeidsmilj\u00f8, mens Baldoni har benektet anklagene.<\/li>\n<li>Rettssaken er planlagt til mars 2026, og Baldoni har bedt om at saken forkastes.<\/li>\n<\/ul>\n<p class=\"italic ai-disclaimer\" data-lab-italic=\"italic\">Oppsummeringen er laget med kunstig intelligens (KI) fra OpenAI. Innholdet er kvalitetssikret av TV 2s journalister. <a target=\"_blank\" href=\"https:\/\/hjelp.tv2.no\/info\/artikkel\/slik-jobber-vi-med-ki-i-tv-2\" title=\"Les om hvordan vi jobber med KI\" rel=\"nofollow noopener\">Les om hvordan vi jobber med KI<\/a><\/p>\n<p>Skuespiller Blake Lively (37) og regiss\u00f8r Justin Baldoni (41) har siden desember st\u00e5tt i en sv\u00e6rt betent rettsstrid.<\/p>\n<p>Nye rettsdokumenter kaster n\u00e5 lys over en privat samtale mellom de to i 2022.<\/p>\n<p>If\u00f8lge dokumenter <a href=\"https:\/\/people.com\/justin-baldoni-confirms-he-told-pregnant-blake-lively-he-is-circumcised-despite-her-not-directly-asking-11862810\" rel=\"nofollow noopener\" target=\"_blank\">People <\/a>har f\u00e5tt innsyn i, bes\u00f8kte Baldoni Livelys leilighet i New York i desember 2022. P\u00e5 det tidspunktet var hun gravid med parets fjerde barn.\u00a0<\/p>\n<p>Under bes\u00f8ket skal temaet omskj\u00e6ring ha kommet opp, skriver magasinet.<\/p>\n<p>        <img class=\"image__img lazyload\" itemprop=\"image\" title=\"Foto: Evan Agostini \/ AP \/ NTB\" alt=\"NYE OPPLYSNINGER: \u00abIt Ends with Us\u00bb er basert p\u00e5 Colleen Hoovers roman med samme navn, og handler om vold i n\u00e6re relasjoner. Lively og Baldoni spilte hovedrollene i filmen. Foto: Evan Agostini \/ AP \/ NTB\" width=\"978\" height=\"551\" bad-src=\"https:\/\/www.europesays.com\/no\/wp-content\/uploads\/2025\/12\/18130882.webp\" fetchpriority=\"auto\" \/><\/p>\n<p>      NYE OPPLYSNINGER: \u00abIt Ends with Us\u00bb er basert p\u00e5 Colleen Hoovers roman med samme navn, og handler om vold i n\u00e6re relasjoner. Lively og Baldoni spilte hovedrollene i filmen.<br \/>\n         Foto: Evan Agostini \/ AP \/ NTB<\/p>\n<p>Spurte aldri direkte\u00a0<\/p>\n<p> I en avh\u00f8rsforklaring fra oktober ble Baldoni spurt av Livelys advokat, Michael J. Gottlieb, om han p\u00e5 noe tidspunkt fortalte Lively at han selv er omsk\u00e5ret. <\/p>\n<p>\u2013 Ja, svarte Baldoni.<\/p>\n<p>Han innr\u00f8mmet samtidig at Lively aldri hadde spurt direkte om dette.<\/p>\n<p>Baldoni forklarte at kommentaren ble sagt i et travelt rom.<\/p>\n<p>Ryan Reynolds, Livelys ektemann, gikk \u00abinn og ut\u00bb, og flere ansatte \u2013 blant annet to barnevakter, en hushjelp og assistenter \u2013 beveget seg rundt mens han og Lively satt i sofaen og snakket.<\/p>\n<p>        <img class=\"image__img lazyload\" itemprop=\"image\" title=\"Foto: Evan Agostini \/ AP \/ NTB\" alt=\"AVH\u00d8RSFORKLARING: Baldoni p\u00e5 premieren av filmen i New York i august 2024 sammen med sin svenske kone, Emily Baldoni. Foto: Evan Agostini \/ AP \/ NTB\" width=\"675\" height=\"379\" bad-src=\"https:\/\/www.europesays.com\/no\/wp-content\/uploads\/2025\/12\/18358429.webp\" fetchpriority=\"auto\" \/><\/p>\n<p>      AVH\u00d8RSFORKLARING: Baldoni p\u00e5 premieren av filmen i New York i august 2024 sammen med sin svenske kone, Emily Baldoni.<br \/>\n         Foto: Evan Agostini \/ AP \/ NTB<\/p>\n<p> Deretter ble han spurt om han tidligere har delt informasjon om sitt underliv med kolleger.\u00a0<\/p>\n<p>\u00a0\u2013 Jeg snakker ikke om kj\u00f8nnsorganene mine, s\u00e5 nei.<\/p>\n<p>Avviste alle anklager<\/p>\n<p>Rettssaken mellom Lively og Baldoni startet i desember 2024.\u00a0<\/p>\n<p>I et s\u00f8ksm\u00e5l mot Baldoni og produksjonsselskapet hans, Wayfarer Studios, hevdet Lively at hun ble utsatt for seksuell trakassering. Hun anklaget ogs\u00e5 Baldoni for \u00e5 ha skapt et \u00abfiendtlig milj\u00f8\u00bb p\u00e5 filmsettet og for \u00e5 ha st\u00e5tt bak en svertekampanje mot henne i sosiale medier.<\/p>\n<p>Baldoni har benektet anklagene og saks\u00f8kte Lively og Reynolds\u00a0for 400 millioner dollar for p\u00e5st\u00e5tt \u00e6rekrenkelse og utpressing.<\/p>\n<p>        <img class=\"image__img lazyload\" itemprop=\"image\" title=\"Foto: Steven Bergman\/AFF-USA.COM \/ Pa Photos \/ NTB\" alt=\"ANKLAGER: Lively er gift med skuespiller Ryan Reynolds, som ogs\u00e5 har uttalt seg om saken. Baldoni har anklaget Reynolds for \u00e5 ha stemplet han som en seksuell overgriper. Foto: Steven Bergman\/AFF-USA.COM \/ Pa Photos \/ NTB\" width=\"675\" height=\"379\" bad-src=\"https:\/\/www.europesays.com\/no\/wp-content\/uploads\/2025\/12\/18358427.webp\" fetchpriority=\"auto\" \/><\/p>\n<p>      ANKLAGER: Lively er gift med skuespiller Ryan Reynolds, som ogs\u00e5 har uttalt seg om saken. Baldoni har anklaget Reynolds for \u00e5 ha stemplet han som en seksuell overgriper.<br \/>\n         Foto: Steven Bergman\/AFF-USA.COM \/ Pa Photos \/ NTB<\/p>\n<p>Dette s\u00f8ksm\u00e5let ble avvist av dommeren i juni. Dommer Lewis Liman slo fast at Livelys uttalelser var rettslig beskyttet og derfor ikke kunne v\u00e6re grunnlag for et s\u00f8ksm\u00e5l. Han avviste ogs\u00e5 Baldonis s\u00f8ksm\u00e5l mot New York Times, som handlet om avisens dekning av saken.<\/p>\n<p>Baldoni fikk kun mulighet til \u00e5 levere en sterkt begrenset revidert versjon av s\u00f8ksm\u00e5let, knyttet til \u00abinnblanding i kontrakter\u00bb.<\/p>\n<p>I det avviste s\u00f8ksm\u00e5let hevdet Baldoni ogs\u00e5 at Ryan Reynolds \u00e6rekrenket ham ved \u00e5 omtale ham som en \u00abseksuell overgriper\u00bb. Dommeren fant derimot at Reynolds ikke hadde noen grunn til \u00e5 tvile p\u00e5 konas versjon av hendelsene.<\/p>\n<p>Rettssak i 2026\u00a0<\/p>\n<p>Filmen \u00abIt Ends With Us\u00bb, basert p\u00e5 Colleen Hoovers bestselger, hadde premiere i 2024. Konfliktene rundt innspillingen og de p\u00e5g\u00e5ende s\u00f8ksm\u00e5lene har i etterkant overskygget b\u00e5de filmen og forfatterens egen opplevelse av prosjektet.<\/p>\n<p>Hoover har tidligere sagt at dramaet rundt saken har \u00abstj\u00e5let oppmerksomheten\u00bb og gjort at hun sliter med \u00e5 anbefale sin egen bok.<\/p>\n<p>Livelys s\u00f8ksm\u00e5l er berammet til 9. mars 2026.\u00a0Baldoni har bedt om at ogs\u00e5 denne saken forkastes, men domstolen har forel\u00f8pig ikke tatt stilling til det. <\/p>\n<p>Hennes advokater leverte 4. desember sitt tilsvar, der de ber retten avvise Baldonis begj\u00e6ring og la saken g\u00e5 videre.<\/p>\n<p>        <img class=\"image__img lazyload\" itemprop=\"image\" title=\"Foto: Caitlin Ochs \/ Reuters \/ NTB\" alt=\"FORFATTER: Colleen Hoover har skrevet flere b\u00f8ker, blant annet \u00abIt Ends With Us\u00bb, \u00abVerity\u00bb og \u00abUgly Love\u00bb. Foto: Caitlin Ochs \/ Reuters \/ NTB\" width=\"675\" height=\"379\" bad-src=\"https:\/\/www.europesays.com\/no\/wp-content\/uploads\/2025\/12\/18358431.webp\" fetchpriority=\"auto\" \/><\/p>\n<p>      FORFATTER: Colleen Hoover har skrevet flere b\u00f8ker, blant annet \u00abIt Ends With Us\u00bb, \u00abVerity\u00bb og \u00abUgly Love\u00bb.<br \/>\n         Foto: Caitlin Ochs \/ Reuters \/ NTB<\/p>\n","protected":false},"excerpt":{"rendered":"Saken oppsummert Blake Lively og Justin Baldoni er involvert i en rettsstrid som startet i desember 2024. Nye&hellip;\n","protected":false},"author":2,"featured_media":105982,"comment_status":"","ping_status":"","sticky":false,"template":"","format":"standard","meta":{"footnotes":""},"categories":[58],"tags":[71,30,28,29,72],"class_list":{"0":"post-105981","1":"post","2":"type-post","3":"status-publish","4":"format-standard","5":"has-post-thumbnail","7":"category-underholdning","8":"tag-entertainment","9":"tag-no","10":"tag-norge","11":"tag-norway","12":"tag-underholdning"},"share_on_mastodon":{"url":"https:\/\/pubeurope.com\/@no\/115673900182878609","error":""},"_links":{"self":[{"href":"https:\/\/www.europesays.com\/no\/wp-json\/wp\/v2\/posts\/105981","targetHints":{"allow":["GET"]}}],"collection":[{"href":"https:\/\/www.europesays.com\/no\/wp-json\/wp\/v2\/posts"}],"about":[{"href":"https:\/\/www.europesays.com\/no\/wp-json\/wp\/v2\/types\/post"}],"author":[{"embeddable":true,"href":"https:\/\/www.europesays.com\/no\/wp-json\/wp\/v2\/users\/2"}],"replies":[{"embeddable":true,"href":"https:\/\/www.europesays.com\/no\/wp-json\/wp\/v2\/comments?post=105981"}],"version-history":[{"count":0,"href":"https:\/\/www.europesays.com\/no\/wp-json\/wp\/v2\/posts\/105981\/revisions"}],"wp:featuredmedia":[{"embeddable":true,"href":"https:\/\/www.europesays.com\/no\/wp-json\/wp\/v2\/media\/105982"}],"wp:attachment":[{"href":"https:\/\/www.europesays.com\/no\/wp-json\/wp\/v2\/media?parent=105981"}],"wp:term":[{"taxonomy":"category","embeddable":true,"href":"https:\/\/www.europesays.com\/no\/wp-json\/wp\/v2\/categories?post=105981"},{"taxonomy":"post_tag","embeddable":true,"href":"https:\/\/www.europesays.com\/no\/wp-json\/wp\/v2\/tags?post=105981"}],"curies":[{"name":"wp","href":"https:\/\/api.w.org\/{rel}","templated":true}]}}