{"id":105994,"date":"2025-12-06T18:11:44","date_gmt":"2025-12-06T18:11:44","guid":{"rendered":"https:\/\/www.europesays.com\/no\/105994\/"},"modified":"2025-12-06T18:11:44","modified_gmt":"2025-12-06T18:11:44","slug":"prins-sverre-magnus-feiret-20-arsdag-med-stil-pa-skaugum","status":"publish","type":"post","link":"https:\/\/www.europesays.com\/no\/105994\/","title":{"rendered":"Prins Sverre Magnus feiret 20-\u00e5rsdag med stil p\u00e5 Skaugum"},"content":{"rendered":"<p class=\"kicker \" style=\"\">Prins Sverre Magnus&#8217; bursdagsfeiring:<\/p>\n<p>  Da kronprinsparets yngste s\u00f8nn fylte rundt tall, ble det feiret p\u00e5 skikkelig vis.<\/p>\n<p>\n    LIMOUSINE: Kronprins Haakon (52) og kronprinsesse Mette-Marit (52) dukket opp i limousine, etter \u00e5 ha v\u00e6rt p\u00e5 offisielt oppdrag.\n  <\/p>\n<p>Onsdag 3. desember markerte en viktig dag. <a href=\"https:\/\/www.seher.no\/kongelig\/etter-bruddet-flyttet-ut\/83927016\" rel=\"nofollow noopener\" target=\"_blank\">Prins Sverre Magnus <\/a>fylte 20 \u00e5r, og den slags g\u00e5r selvsagt ikke up\u00e5aktet hen.\u00a0<\/p>\n<p>I kronprinsfamilien er det tradisjon for \u00e5 gj\u00f8re stas p\u00e5 hverandre p\u00e5 bursdagen, s\u00e5 prinsen ble trolig vekket p\u00e5 sengen med kake og sang. Hvem vet, kanskje prinsesse Ingrid Alexandra (21) ogs\u00e5 var til stede?<\/p>\n<p>    <a itemprop=\"url\" href=\"https:\/\/www.seher.no\/kongelig\/har-amputert-beinet\/83942276\" rel=\"nofollow noopener\" target=\"_blank\"><\/p>\n<p>      <img loading=\"lazy\" decoding=\"async\" src=\"https:\/\/www.europesays.com\/no\/wp-content\/uploads\/2025\/12\/83942285.webp\" width=\"147\" height=\"98\" title=\"Har amputert beinet\" alt=\"\" class=\"lazyload\" style=\"--aspect-ratio-image: 1.50; \"\/><\/p>\n<p>        Har amputert beinet<\/p>\n<p>    <\/a><\/p>\n<p>Om ikke de fikk gjennomf\u00f8rt det ritualet de pleier, s\u00e5 var det i det minste duket for feiring p\u00e5 kvelden. Kronprinsparet \u00e5pnet nemlig hjemmet sitt p\u00e5 Skaugum, og inviterte familiens n\u00e6re og kj\u00e6re til feiring av yngstegutten.<\/p>\n<p>          <img loading=\"lazy\" decoding=\"async\" src=\"https:\/\/www.europesays.com\/no\/wp-content\/uploads\/2025\/12\/83943870.webp\" width=\"686\" height=\"700\" title=\"BURSDAGSGUTT: Prins Sverre Magnus fylte 20 \u00e5r i forrige uke, og ble feiret hjemme hos mamma og pappa p\u00e5 Skaugum. Dette bildet er fra en annen anledning.\" alt=\"\" class=\"\" style=\"--aspect-ratio-image: 0.98; \"\/><\/p>\n<p>\n          BURSDAGSGUTT: Prins Sverre Magnus fylte 20 \u00e5r i forrige uke, og ble feiret hjemme hos mamma og pappa p\u00e5 Skaugum. Dette bildet er fra en annen anledning.\n      <\/p>\n<p>Se og H\u00f8rs kongehusekspert Caroline Vagle sier at dette ogs\u00e5 er helt i tr\u00e5d med familiens tradisjon.<\/p>\n<p>        TRUMP-VITS: Da prins Harry gjestet \u00abThe Late Show with Stephen Colbert\u201d fikk en vits publikummet til \u00e5 bue. Video: The Late Show With Stephen Colbert \/ Danny Son To \/ R\u00f8d L\u00f8per<\/p>\n<p>&#8211; Som alltid n\u00e5r noen i kronprinsfamilien har bursdag, ble venner og familie invitert til selskap p\u00e5 selve dagen da prinsen fylte 20 \u00e5r. Og som Se og H\u00f8rs bilder viser kom b\u00e5de kongeparet, H\u00f8iby-onklene og familievenner, samt Berit Tversland &#8211; som var kronprinsens nanny i barndommen, og er sv\u00e6rt n\u00e6re alle i familien.<\/p>\n<p>          <img loading=\"lazy\" decoding=\"async\" src=\"https:\/\/www.europesays.com\/no\/wp-content\/uploads\/2025\/12\/83943896.webp\" width=\"686\" height=\"542\" title=\"BESTEMOR: Dronning Sonja (88) var en selvskreven gjest \u2013 og kamerarullen til den fotoglade dronningen er trolig full av bilder fra feiringen.\" alt=\"\" class=\"\" style=\"--aspect-ratio-image: 1.27; \"\/><\/p>\n<p>\n          BESTEMOR: Dronning Sonja (88) var en selvskreven gjest \u2013 og kamerarullen til den fotoglade dronningen er trolig full av bilder fra feiringen.\n      <\/p>\n<p>Kronprins Haakon (52) og kronprinsesse Mette-Marit (52) ankom festen &#8211; og sin bolig &#8211; p\u00e5 ekstra fasjonabelt vis.<\/p>\n<p>Ankom i stil\t<\/p>\n<p>&#8211; Det mest oppsiktsvekkende er at vertskapet selv kom i limousine til festen i eget hjem. Kronprinsparet hadde nemlig v\u00e6rt p\u00e5 et offisielt oppdrag i byen, og ble kj\u00f8rt hjem derfra, forklarer Vagle.<\/p>\n<p>    <a itemprop=\"url\" href=\"https:\/\/www.seher.no\/kongelig\/baerer-sorgemedaljong\/83938732\" rel=\"nofollow noopener\" target=\"_blank\"><\/p>\n<p>      <img loading=\"lazy\" decoding=\"async\" src=\"https:\/\/www.europesays.com\/no\/wp-content\/uploads\/2025\/12\/1765044696_575_83938746.webp\" width=\"147\" height=\"98\" title=\"B\u00e6rer s\u00f8rgemedaljong\" alt=\"\" class=\"lazyload\" style=\"--aspect-ratio-image: 1.50; \"\/><\/p>\n<p>        B\u00e6rer s\u00f8rgemedaljong<\/p>\n<p>    <\/a><\/p>\n<p>Kronprinsparet hadde v\u00e6rt p\u00e5 lanseringen av biografien\u00a0\u00abNorges dyreste mann &#8211; Historien om legen Tore Godal\u00bb p\u00e5 Nasjonalbiblioteket.<\/p>\n<p>De rakk heldigvis gjestene med god margin &#8211; kronprinsparet kom til festen 17:30, mens de andre gjestene dukket opp rundt 19:00. <\/p>\n<p>          <img loading=\"lazy\" decoding=\"async\" src=\"https:\/\/www.europesays.com\/no\/wp-content\/uploads\/2025\/12\/83943943.webp\" width=\"980\" height=\"559\" title=\"ONKEL P\u00c5 BES\u00d8K: Kronprinsesse Mette-Marits br\u00f8dre kom ogs\u00e5 for \u00e5 feire nev\u00f8en sin. Her er Per H\u00f8iby (63) og kona Louise Kathrine Dedichen (61).\" alt=\"\" class=\"\" style=\"--aspect-ratio-image: 1.75; \"\/><\/p>\n<p>\n          ONKEL P\u00c5 BES\u00d8K: Kronprinsesse Mette-Marits br\u00f8dre kom ogs\u00e5 for \u00e5 feire nev\u00f8en sin. Her er Per H\u00f8iby (63) og kona Louise Kathrine Dedichen (61).\n      <\/p>\n<p>Heldigvis for kronprinsparet har de mennesker som jobber p\u00e5 Skaugum som stelte i stand til selskapet, s\u00e5 det ikke ble for hektisk for dem.<\/p>\n<p>          <img loading=\"lazy\" decoding=\"async\" src=\"https:\/\/www.europesays.com\/no\/wp-content\/uploads\/2025\/12\/83943897.webp\" width=\"686\" height=\"549\" title=\"METTES BROR: Jubilantens onkel Espen H\u00f8iby (66) var ogs\u00e5 blant de inviterte.\" alt=\"\" class=\"\" style=\"--aspect-ratio-image: 1.25; \"\/><\/p>\n<p>\n          METTES BROR: Jubilantens onkel Espen H\u00f8iby (66) var ogs\u00e5 blant de inviterte.\n      <\/p>\n<p>&#8211; Har savnet dem\t<\/p>\n<p>Kongehuseksperten til Se og H\u00f8r tror feiringen av Sverre Magnus bet\u00f8d ekstra mye.\u00a0<\/p>\n<p>&#8211; Jeg tipper det var ekstra stor stas i heimen denne kvelden \u2013\u00a0mer enn vanlig p\u00e5 disse tradisjonsrike bursdagsfeiringene.\u00a0<\/p>\n<p>        ENDRING: Flere av kongehusets \u00f8vrige medlemmer er ikke \u00e5 finne i skattelistene, men det vil de v\u00e6re til neste \u00e5r. Video: Silja Furset\/ Thea Hope\/ R\u00f8d L\u00f8per<\/p>\n<p>Og hvorfor tror hun det?\u00a0<\/p>\n<p>&#8211; Huset er jo endelig fylt med ungdom igjen! B\u00e5de bursdagsbarnet Magnus og stores\u00f8ster Ingrid er begge nylig kommet hjem fra henholdsvis Italia og Australia, og det er ingen tvil om at foreldre har savnet dem.<\/p>\n<p>          <img loading=\"lazy\" decoding=\"async\" src=\"https:\/\/www.europesays.com\/no\/wp-content\/uploads\/2025\/12\/83943905.webp\" width=\"686\" height=\"392\" title=\"KOM HVER FOR SEG: Kong Harald (88) kom til festen i en annen bil enn dronningen.\" alt=\"\" class=\"\" style=\"--aspect-ratio-image: 1.75; \"\/><\/p>\n<p>\n          KOM HVER FOR SEG: Kong Harald (88) kom til festen i en annen bil enn dronningen.\n      <\/p>\n<p>Vagle peker p\u00e5 at b\u00e5de kronprinsen og kronprinsessen har snakket \u00e5pent om at de gruet seg til de to yngste i familien skulle flytte, ettersom det kom til \u00e5 bli tomt.<\/p>\n<p>          <img loading=\"lazy\" decoding=\"async\" src=\"https:\/\/www.europesays.com\/no\/wp-content\/uploads\/2025\/12\/83943906.webp\" width=\"686\" height=\"385\" title=\"NANNY: Berit Tversland (75) var nanny for kronprinsen, og er blitt en n\u00e6r familievenn.\" alt=\"\" class=\"\" style=\"--aspect-ratio-image: 1.78; \"\/><\/p>\n<p>\n          NANNY: Berit Tversland (75) var nanny for kronprinsen, og er blitt en n\u00e6r familievenn.\n      <\/p>\n<p>Og det var ikke bare kjernefamilien som var samlet &#8211; flere fra storfamilien dukket opp til feiring.\u00a0<\/p>\n<p>Kongeparet, onkler og annen familie &#8211; det er liten tvil om at prinsen fikk en feiring som er verdig ham.<\/p>\n<p>N\u00e5 kan familien se frem til en hyggelig f\u00f8rjulstid, f\u00f8r julen br\u00e5tt kommer.<\/p>\n","protected":false},"excerpt":{"rendered":"Prins Sverre Magnus&#8217; bursdagsfeiring: Da kronprinsparets yngste s\u00f8nn fylte rundt tall, ble det feiret p\u00e5 skikkelig vis. LIMOUSINE:&hellip;\n","protected":false},"author":2,"featured_media":105995,"comment_status":"","ping_status":"","sticky":false,"template":"","format":"standard","meta":{"footnotes":""},"categories":[10],"tags":[13255,20,21,530,1560,4104,24,25,5760,15,2590,76,1764,2293,22,23,13,30,28,29,14,16,402,2594,26,27],"class_list":{"0":"post-105994","1":"post","2":"type-post","3":"status-publish","4":"format-standard","5":"has-post-thumbnail","7":"category-norge","8":"tag-berit-tversland","9":"tag-breaking-news","10":"tag-breakingnews","11":"tag-bursdag","12":"tag-dronning-sonja","13":"tag-eksklusivt","14":"tag-featured-news","15":"tag-featurednews","16":"tag-feiring","17":"tag-headlines","18":"tag-kong-harald","19":"tag-kongelig","20":"tag-kronprins-haakon","21":"tag-kronprinsesse-mette-marit","22":"tag-latest-news","23":"tag-latestnews","24":"tag-news","25":"tag-no","26":"tag-norge","27":"tag-norway","28":"tag-nyheter","29":"tag-overskrifter","30":"tag-prins-sverre-magnus","31":"tag-skaugum","32":"tag-top-stories","33":"tag-topstories"},"share_on_mastodon":{"url":"https:\/\/pubeurope.com\/@no\/115673975185289504","error":""},"_links":{"self":[{"href":"https:\/\/www.europesays.com\/no\/wp-json\/wp\/v2\/posts\/105994","targetHints":{"allow":["GET"]}}],"collection":[{"href":"https:\/\/www.europesays.com\/no\/wp-json\/wp\/v2\/posts"}],"about":[{"href":"https:\/\/www.europesays.com\/no\/wp-json\/wp\/v2\/types\/post"}],"author":[{"embeddable":true,"href":"https:\/\/www.europesays.com\/no\/wp-json\/wp\/v2\/users\/2"}],"replies":[{"embeddable":true,"href":"https:\/\/www.europesays.com\/no\/wp-json\/wp\/v2\/comments?post=105994"}],"version-history":[{"count":0,"href":"https:\/\/www.europesays.com\/no\/wp-json\/wp\/v2\/posts\/105994\/revisions"}],"wp:featuredmedia":[{"embeddable":true,"href":"https:\/\/www.europesays.com\/no\/wp-json\/wp\/v2\/media\/105995"}],"wp:attachment":[{"href":"https:\/\/www.europesays.com\/no\/wp-json\/wp\/v2\/media?parent=105994"}],"wp:term":[{"taxonomy":"category","embeddable":true,"href":"https:\/\/www.europesays.com\/no\/wp-json\/wp\/v2\/categories?post=105994"},{"taxonomy":"post_tag","embeddable":true,"href":"https:\/\/www.europesays.com\/no\/wp-json\/wp\/v2\/tags?post=105994"}],"curies":[{"name":"wp","href":"https:\/\/api.w.org\/{rel}","templated":true}]}}