{"id":105998,"date":"2025-12-06T18:14:11","date_gmt":"2025-12-06T18:14:11","guid":{"rendered":"https:\/\/www.europesays.com\/no\/105998\/"},"modified":"2025-12-06T18:14:11","modified_gmt":"2025-12-06T18:14:11","slug":"katy-perry-og-justin-trudeau-bekrefter-forholdet-med-bilder-fra-japan-2","status":"publish","type":"post","link":"https:\/\/www.europesays.com\/no\/105998\/","title":{"rendered":"Katy Perry og Justin Trudeau bekrefter forholdet med bilder fra Japan"},"content":{"rendered":"<p class=\"kicker \" style=\"\">Katy Perry og Justin Trudeau<\/p>\n<p>  Sangeren deler private bilder sammen med den tidligere kanadiske statsministeren.<\/p>\n<p>\n    STJERNEPAR: Katy Perry og Justin Trudeau gj\u00f8r sin debut med en rekke bilder og videoer delt p\u00e5 Instagram. Foto: Skjermbilde fra Instagram\/@katyperry\n  <\/p>\n<p>Den siste tiden har romanseryktene svirret rundt Katy Perry (41), en av ti\u00e5rets mest profilerte popstjerner, og Justin Trudeau (53), Canadas tidligere statsminister, etter at de ble observert sammen p\u00e5 en eksklusiv restaurant i Montreal i juli.<\/p>\n<p>    <a itemprop=\"url\" href=\"https:\/\/www.seher.no\/kjendis\/hun-har-tatt-kontakt\/83946685\" rel=\"nofollow noopener\" target=\"_blank\"><\/p>\n<p>      <img loading=\"lazy\" decoding=\"async\" src=\"https:\/\/www.europesays.com\/no\/wp-content\/uploads\/2025\/12\/83946689.webp\" width=\"980\" height=\"441\" title=\"- Hun har tatt kontakt\" alt=\"\" class=\"lazyload\" style=\"--aspect-ratio-image: 2.22; \"\/><\/p>\n<p>        &#8211; Hun har tatt kontakt<\/p>\n<p>    <\/a><\/p>\n<p> I juni ble det slutt mellom Perry og forloveden Orlando Bloom, og Trudeau skilte seg fra kona Sophie Gr\u00e9goire etter 18 \u00e5rs ekteskap i 2023. <\/p>\n<p>N\u00e5 har duoen tilsynelatende bekreftet forholdet offentlig, etter at 41-\u00e5ringen delte bilder og videoer fra et bes\u00f8k i Japan sammen med Trudeau.<\/p>\n<p>P\u00e5 ett av bildene poserer Perry og Trudeau kinn mot kinn for en utend\u00f8rs selfie. En annen video viser paret som spiser sammen, der de ser kj\u00e6rlig p\u00e5 hverandre.<\/p>\n<p>\u00abTokyo-tider p\u00e5 turn\u00e9 og mer\u00bb, skrev Perry i bildeteksten.<\/p>\n<p>        \u00abSKAL VI DANSE\u00bb: Tale Torjussen har tatt med dansepartner Antonio Careri hjem til familien. Video: Tiktok\/@antonio_careri<\/p>\n<p>Under Perrys bes\u00f8k i Japan, som var en del av hennes p\u00e5g\u00e5ende Lifetimes Tour, ble hun med Trudeau da han bes\u00f8kte Japans tidligere statsminister Fumio Kishida og hans kone Yuko.<\/p>\n<p>Kishida delte et bilde av gruppen foran et juletre p\u00e5 X, der han omtalte Perry som Trudeaus \u00abpartner\u00bb.<\/p>\n<p>    <a itemprop=\"url\" href=\"https:\/\/www.seher.no\/kjendis\/aldri-skjedd-for\/83934789\" rel=\"nofollow noopener\" target=\"_blank\"><\/p>\n<p>      <img loading=\"lazy\" decoding=\"async\" src=\"https:\/\/www.europesays.com\/no\/wp-content\/uploads\/2025\/12\/1765044851_776_83934153.webp\" width=\"980\" height=\"441\" title=\"Aldri skjedd f\u00f8r\" alt=\"\" class=\"lazyload\" style=\"--aspect-ratio-image: 2.22; \"\/><\/p>\n<p>        Aldri skjedd f\u00f8r<\/p>\n<p>    <\/a><\/p>\n<p>\u00abTidligere kanadiske statsminister Justin Trudeau bes\u00f8kte Japan med sin partner og ble med min kone og meg p\u00e5 lunsj\u00bb, skrev han.<\/p>\n<p>Trudeau delte senere meldingen og takket for vennskapet deres.<\/p>\n","protected":false},"excerpt":{"rendered":"Katy Perry og Justin Trudeau Sangeren deler private bilder sammen med den tidligere kanadiske statsministeren. STJERNEPAR: Katy Perry&hellip;\n","protected":false},"author":2,"featured_media":105999,"comment_status":"","ping_status":"","sticky":false,"template":"","format":"standard","meta":{"footnotes":""},"categories":[58],"tags":[4999,71,5429,8706,3007,479,2543,30,28,29,72],"class_list":{"0":"post-105998","1":"post","2":"type-post","3":"status-publish","4":"format-standard","5":"has-post-thumbnail","7":"category-underholdning","8":"tag-bekrefter-forholdet","9":"tag-entertainment","10":"tag-gladnyhet","11":"tag-justin-trudeau","12":"tag-katy-perry","13":"tag-kjendis","14":"tag-kjendisdesken","15":"tag-no","16":"tag-norge","17":"tag-norway","18":"tag-underholdning"},"share_on_mastodon":{"url":"https:\/\/pubeurope.com\/@no\/115673986958232459","error":""},"_links":{"self":[{"href":"https:\/\/www.europesays.com\/no\/wp-json\/wp\/v2\/posts\/105998","targetHints":{"allow":["GET"]}}],"collection":[{"href":"https:\/\/www.europesays.com\/no\/wp-json\/wp\/v2\/posts"}],"about":[{"href":"https:\/\/www.europesays.com\/no\/wp-json\/wp\/v2\/types\/post"}],"author":[{"embeddable":true,"href":"https:\/\/www.europesays.com\/no\/wp-json\/wp\/v2\/users\/2"}],"replies":[{"embeddable":true,"href":"https:\/\/www.europesays.com\/no\/wp-json\/wp\/v2\/comments?post=105998"}],"version-history":[{"count":0,"href":"https:\/\/www.europesays.com\/no\/wp-json\/wp\/v2\/posts\/105998\/revisions"}],"wp:featuredmedia":[{"embeddable":true,"href":"https:\/\/www.europesays.com\/no\/wp-json\/wp\/v2\/media\/105999"}],"wp:attachment":[{"href":"https:\/\/www.europesays.com\/no\/wp-json\/wp\/v2\/media?parent=105998"}],"wp:term":[{"taxonomy":"category","embeddable":true,"href":"https:\/\/www.europesays.com\/no\/wp-json\/wp\/v2\/categories?post=105998"},{"taxonomy":"post_tag","embeddable":true,"href":"https:\/\/www.europesays.com\/no\/wp-json\/wp\/v2\/tags?post=105998"}],"curies":[{"name":"wp","href":"https:\/\/api.w.org\/{rel}","templated":true}]}}