{"id":106000,"date":"2025-12-06T18:18:34","date_gmt":"2025-12-06T18:18:34","guid":{"rendered":"https:\/\/www.europesays.com\/no\/106000\/"},"modified":"2025-12-06T18:18:34","modified_gmt":"2025-12-06T18:18:34","slug":"julebrus-i-butikkene","status":"publish","type":"post","link":"https:\/\/www.europesays.com\/no\/106000\/","title":{"rendered":"Julebrus i butikkene"},"content":{"rendered":"<p class=\"kicker bg-cyan color_mobile_bg-cyan text-black hasTextPadding mobile-hasTextPadding\" style=\"\">Julevarer:<\/p>\n<p>  Lageret er t\u00f8mt for julebrusfavoritten. Slik st\u00e5r det til i butikkene.<\/p>\n<p>\n    G\u00c5R UNNA: Julebrus f\u00e5r bein \u00e5 g\u00e5 p\u00e5 n\u00e5 fram mot jul. Deriblant hos Kiwi. Foto: NTB\n  <\/p>\n<p>Tidligere denne uka bekreftet Ringnes &#8211; som lager flere av de mest popul\u00e6re julebrusvariantene- <a href=\"https:\/\/dinside.dagbladet.no\/fritid\/da-er-det-tomt\/83933101\" rel=\"nofollow noopener\" target=\"_blank\">at alt n\u00e5 var produsert og kj\u00f8rt ut i butikkene<\/a>.\u00a0<\/p>\n<p>Kort og greit betyr dette at n\u00e5r det er tomt i butikkene, s\u00e5 er det tomt.<\/p>\n<p>DinSide har derfor tatt en runde hos kjedene for \u00e5 h\u00f8re hvordan beholdningen ligger an n\u00e5 som det enda er to og en halv uker igjen til julaften.\u00a0<\/p>\n<p>        R\u00d8D ELLER BRUN: Bli med til Ringnes Bryggeri for \u00e5 se hvordan julebrusen tappes!<\/p>\n<p>Store mengder\t<\/p>\n<p>&#8211; Vi har solgt enormt mye av Hamar julebrus, og det er ingen tvil om at denne er en favoritt hos mange, rapporterer kommunikasjonssjef i Kiwi, Nora Mille Helgesen.<\/p>\n<p class=\"font-weight-bold m-font-weight-bold\" data-lab-font_weight=\"font-weight-bold\">If\u00f8lge henne skal det fortsatt v\u00e6re en del igjen i deres butikker.\u00a0<\/p>\n<p>&#8211; Av variantene p\u00e5 glassflaske har vi totalt solgt over 1,7 millioner flasker. Vi har solgt nesten 730 000 bokser med varianten uten sokker p\u00e5 boks. Dette er i tillegg til totalt 350 000 flasker med 1,5 liter Hamar julebrus. I tillegg har vi mange andre julebrus, inkludert flere lokale varianter, legger hun til.\u00a0<\/p>\n<p>          <img loading=\"lazy\" decoding=\"async\" src=\"https:\/\/www.europesays.com\/no\/wp-content\/uploads\/2025\/12\/83944876.webp\" width=\"686\" height=\"392\" title=\"FINNES: P\u00e5 en Kiwi-butikk i Oslo sentrum var det fremdeles mye igjen av favoritten torsdag kveld. Foto: Elisabeth Dalseg\" alt=\"\" class=\"\" style=\"--aspect-ratio-image: 1.75; \"\/><\/p>\n<p>\n          FINNES: P\u00e5 en Kiwi-butikk i Oslo sentrum var det fremdeles mye igjen av favoritten torsdag kveld. Foto: Elisabeth Dalseg\n      <\/p>\n<p>Flere utsolgt\t<\/p>\n<p class=\"font-weight-bold m-font-weight-bold\" data-lab-font_weight=\"font-weight-bold\">Hos nettbutikken Oda meldes det om at Lillehammer Julebrus n\u00e5 er utsolgt. Det er ogs\u00e5 tomt for glassflaskevariantene av b\u00e5de Hamar og Dahls, g\u00e5r det fram p\u00e5 nettsiden fredag ettermiddag.\u00a0<\/p>\n<p>&#8211; Hos Oda har det v\u00e6rt stor ettersp\u00f8rsel fra kundene etter at vi startet \u00e5rets julepriskrig. Vi har fortsatt godt med julebrus igjen fra b\u00e5de Dahls og Hamar. Vi har for eksempel fortsatt 1,5 Hamar Lett julebrus, b\u00e5de sukkerfri og med sukker, og julebrus p\u00e5 boks fra Aas og Grans, sier Robert Ekrem, kommersiell direkt\u00f8r i Oda. <\/p>\n<p>Rema 1000 rapporterer f\u00f8lgende:\u00a0<\/p>\n<p class=\"font-weight-bold m-font-weight-bold\" data-lab-font_weight=\"font-weight-bold\">&#8211; De to siste ukene har vi sett en vekst p\u00e5 60 prosent mot de to foreg\u00e5ende ukene p\u00e5 Hamar julebrus, men vi skal fortsatt ha god beholdning i de aller fleste butikker, sier Hege Rognlien, som er\u00a0leder for kommunikasjon.<\/p>\n","protected":false},"excerpt":{"rendered":"Julevarer: Lageret er t\u00f8mt for julebrusfavoritten. Slik st\u00e5r det til i butikkene. G\u00c5R UNNA: Julebrus f\u00e5r bein \u00e5&hellip;\n","protected":false},"author":2,"featured_media":106001,"comment_status":"","ping_status":"","sticky":false,"template":"","format":"standard","meta":{"footnotes":""},"categories":[10],"tags":[20,21,824,24,25,728,15,6725,22,23,737,3998,13,30,28,29,14,16,26,27],"class_list":{"0":"post-106000","1":"post","2":"type-post","3":"status-publish","4":"format-standard","5":"has-post-thumbnail","7":"category-norge","8":"tag-breaking-news","9":"tag-breakingnews","10":"tag-dagligvare","11":"tag-featured-news","12":"tag-featurednews","13":"tag-fritid","14":"tag-headlines","15":"tag-julebrus","16":"tag-latest-news","17":"tag-latestnews","18":"tag-mat","19":"tag-metadz","20":"tag-news","21":"tag-no","22":"tag-norge","23":"tag-norway","24":"tag-nyheter","25":"tag-overskrifter","26":"tag-top-stories","27":"tag-topstories"},"share_on_mastodon":{"url":"https:\/\/pubeurope.com\/@no\/115674002582819998","error":""},"_links":{"self":[{"href":"https:\/\/www.europesays.com\/no\/wp-json\/wp\/v2\/posts\/106000","targetHints":{"allow":["GET"]}}],"collection":[{"href":"https:\/\/www.europesays.com\/no\/wp-json\/wp\/v2\/posts"}],"about":[{"href":"https:\/\/www.europesays.com\/no\/wp-json\/wp\/v2\/types\/post"}],"author":[{"embeddable":true,"href":"https:\/\/www.europesays.com\/no\/wp-json\/wp\/v2\/users\/2"}],"replies":[{"embeddable":true,"href":"https:\/\/www.europesays.com\/no\/wp-json\/wp\/v2\/comments?post=106000"}],"version-history":[{"count":0,"href":"https:\/\/www.europesays.com\/no\/wp-json\/wp\/v2\/posts\/106000\/revisions"}],"wp:featuredmedia":[{"embeddable":true,"href":"https:\/\/www.europesays.com\/no\/wp-json\/wp\/v2\/media\/106001"}],"wp:attachment":[{"href":"https:\/\/www.europesays.com\/no\/wp-json\/wp\/v2\/media?parent=106000"}],"wp:term":[{"taxonomy":"category","embeddable":true,"href":"https:\/\/www.europesays.com\/no\/wp-json\/wp\/v2\/categories?post=106000"},{"taxonomy":"post_tag","embeddable":true,"href":"https:\/\/www.europesays.com\/no\/wp-json\/wp\/v2\/tags?post=106000"}],"curies":[{"name":"wp","href":"https:\/\/api.w.org\/{rel}","templated":true}]}}