{"id":106009,"date":"2025-12-06T18:39:08","date_gmt":"2025-12-06T18:39:08","guid":{"rendered":"https:\/\/www.europesays.com\/no\/106009\/"},"modified":"2025-12-06T18:39:08","modified_gmt":"2025-12-06T18:39:08","slug":"ulykker-og-hendelser-steinkjer-bulket-bil-pa-parkeringsplass-luktet-alkohol","status":"publish","type":"post","link":"https:\/\/www.europesays.com\/no\/106009\/","title":{"rendered":"Ulykker og hendelser, Steinkjer | Bulket bil p\u00e5 parkeringsplass: \u2013 Luktet alkohol"},"content":{"rendered":"\n<p><b>STEINKJER:<\/b> Politiet ble l\u00f8rdag ettermiddag varslet, etter en hendelse p\u00e5 Rema 1000 i Bogavegen i Steinkjer.<\/p>\n<p>Der hadde et vitne meldt fra til politiet om at en bil hadde blitt p\u00e5kj\u00f8rt p\u00e5 parkeringsplassen.<\/p>\n<p>\u2013 Da de pratet sammen, ble melder oppmerksom p\u00e5 at det luktet alkohol. Et vitne varslet politiet, og en patrulje ble sendt mot stedet, opplyser operasjonsleder Bj\u00f8rn Rune Sellgren ved politiet i Tr\u00f8ndelag.<\/p>\n<p>Hendelsen fant stede like f\u00f8r klokka 17.30 l\u00f8rdag.<\/p>\n<p>\u2013 Mistenkte forlot stedet, men patruljen klarte \u00e5 finne igjen vedkommende, sier Sellgren. <\/p>\n<p>Politiet opps\u00f8kte mannen p\u00e5 hans bopel.<\/p>\n<p>\u2013 Han bl\u00e5ste i alkometeret, og den viste over lovlig verdi, sier Sellgren.<\/p>\n<p>En dr\u00f8y time etter at hendelsen f\u00f8rst ble meldt, opplyser operasjonslederen at det er gjort sporsikring og avh\u00f8r av den mistenkte mannen.<\/p>\n<p>\u2013 F\u00f8rerkortet blir beslaglagt og bilen blir avskiltet p\u00e5 grunn av bruksforbud. Politiet oppretter sak, sier Sellgren.<\/p>\n","protected":false},"excerpt":{"rendered":"STEINKJER: Politiet ble l\u00f8rdag ettermiddag varslet, etter en hendelse p\u00e5 Rema 1000 i Bogavegen i Steinkjer. Der hadde&hellip;\n","protected":false},"author":2,"featured_media":3842,"comment_status":"","ping_status":"","sticky":false,"template":"","format":"standard","meta":{"footnotes":""},"categories":[10],"tags":[36,20,21,24,25,15,22,23,13,30,28,29,14,16,11631,984,1510,26,27,941],"class_list":{"0":"post-106009","1":"post","2":"type-post","3":"status-publish","4":"format-standard","5":"has-post-thumbnail","7":"category-norge","8":"tag-art","9":"tag-breaking-news","10":"tag-breakingnews","11":"tag-featured-news","12":"tag-featurednews","13":"tag-headlines","14":"tag-latest-news","15":"tag-latestnews","16":"tag-news","17":"tag-no","18":"tag-norge","19":"tag-norway","20":"tag-nyheter","21":"tag-overskrifter","22":"tag-promillekjoring","23":"tag-steinkjer","24":"tag-story","25":"tag-top-stories","26":"tag-topstories","27":"tag-ulykker-og-hendelser"},"share_on_mastodon":{"url":"https:\/\/pubeurope.com\/@no\/115674085027974063","error":""},"_links":{"self":[{"href":"https:\/\/www.europesays.com\/no\/wp-json\/wp\/v2\/posts\/106009","targetHints":{"allow":["GET"]}}],"collection":[{"href":"https:\/\/www.europesays.com\/no\/wp-json\/wp\/v2\/posts"}],"about":[{"href":"https:\/\/www.europesays.com\/no\/wp-json\/wp\/v2\/types\/post"}],"author":[{"embeddable":true,"href":"https:\/\/www.europesays.com\/no\/wp-json\/wp\/v2\/users\/2"}],"replies":[{"embeddable":true,"href":"https:\/\/www.europesays.com\/no\/wp-json\/wp\/v2\/comments?post=106009"}],"version-history":[{"count":0,"href":"https:\/\/www.europesays.com\/no\/wp-json\/wp\/v2\/posts\/106009\/revisions"}],"wp:featuredmedia":[{"embeddable":true,"href":"https:\/\/www.europesays.com\/no\/wp-json\/wp\/v2\/media\/3842"}],"wp:attachment":[{"href":"https:\/\/www.europesays.com\/no\/wp-json\/wp\/v2\/media?parent=106009"}],"wp:term":[{"taxonomy":"category","embeddable":true,"href":"https:\/\/www.europesays.com\/no\/wp-json\/wp\/v2\/categories?post=106009"},{"taxonomy":"post_tag","embeddable":true,"href":"https:\/\/www.europesays.com\/no\/wp-json\/wp\/v2\/tags?post=106009"}],"curies":[{"name":"wp","href":"https:\/\/api.w.org\/{rel}","templated":true}]}}