{"id":106017,"date":"2025-12-06T18:50:16","date_gmt":"2025-12-06T18:50:16","guid":{"rendered":"https:\/\/www.europesays.com\/no\/106017\/"},"modified":"2025-12-06T18:50:16","modified_gmt":"2025-12-06T18:50:16","slug":"kyle-richards-avslorer-sannheten-bak-syrlig-stikk-mot-eksen-mauricio-umansky","status":"publish","type":"post","link":"https:\/\/www.europesays.com\/no\/106017\/","title":{"rendered":"Kyle Richards avsl\u00f8rer sannheten bak syrlig stikk mot eksen Mauricio Umansky"},"content":{"rendered":"<p class=\"kicker \" style=\"\">Kyle Richards:<\/p>\n<p>  Husfruen\u00a0gj\u00f8r narr av eksmannens angivelige forkj\u00e6rlighet for unge kvinner.<\/p>\n<p>\n    GJ\u00d8R NARR: Kyle Richards er tilsynelatende ikke imponert over eksmannens datingliv. Foto: NTB\n  <\/p>\n<p>For et par \u00e5r siden slo nyheten ned som en bombe &#8211; det en gang s\u00e5 st\u00f8dige ekteparet <a href=\"https:\/\/www.seher.no\/kjendis\/gjenforent-etter-bruddet\/81574417\" rel=\"nofollow noopener\" target=\"_blank\">Kyle Richards (56) og Mauricio Umansky (55)<\/a> annonserte sin separasjon.<\/p>\n<p>    <a itemprop=\"url\" href=\"https:\/\/www.seher.no\/kjendis\/setter-fyr-pa-spekulasjonene\/83874359\" rel=\"nofollow noopener\" target=\"_blank\"><\/p>\n<p>      <img loading=\"lazy\" decoding=\"async\" src=\"https:\/\/www.europesays.com\/no\/wp-content\/uploads\/2025\/12\/80966149.webp\" width=\"980\" height=\"441\" title=\"Setter fyr p\u00e5 spekulasjonene\" alt=\"\" class=\"lazyload\" style=\"--aspect-ratio-image: 2.22; \"\/><\/p>\n<p>        Setter fyr p\u00e5 spekulasjonene<\/p>\n<p>    <\/a><\/p>\n<p>Duoen hadde da v\u00e6rt gift i hele 27 \u00e5r, og fikk d\u00f8trene Alexia (29), Sophia (25) og Portia (17) sammen. Kyle hadde datteren Farrah (37) fra et tidligere ekteskap, og Mauricio har fungert som en far nummer to for henne.<\/p>\n<p>          <img loading=\"lazy\" decoding=\"async\" src=\"https:\/\/www.europesays.com\/no\/wp-content\/uploads\/2025\/12\/83948491.webp\" width=\"686\" height=\"577\" title=\"STORFAMILIEN: Mange trodde at denne familieenheten var urokkelig. Fra venstre: Alexia, Portia, Mauricio, Kyle, Sophia og Farrah. Foto: NTB\" alt=\"\" class=\"\" style=\"--aspect-ratio-image: 1.19; \"\/><\/p>\n<p>\n          STORFAMILIEN: Mange trodde at denne familieenheten var urokkelig. Fra venstre: Alexia, Portia, Mauricio, Kyle, Sophia og Farrah. Foto: NTB\n      <\/p>\n<p>Kyle har i hele 15 sesonger v\u00e6rt en kvinnene i \u00abThe Real Housewives of Beverly Hills\u00bb. Det betyr med andre ord at TV-seerne har f\u00e5tt et langvarig og detaljert innblikk i livet hennes.<\/p>\n<p>Nesten p\u00e5 date\t<\/p>\n<p>Interessen rundt forholdet mellom Kyle og Mauricio er fremdeles sv\u00e6rt h\u00f8y, trolig fordi de etter to \u00e5r som separerte enda ikke har tatt ut skilsmisse. Sp\u00f8rsm\u00e5lene hagler, ikke bare fra fansen, men ogs\u00e5 de andre kvinnene i serien.<\/p>\n<p>        \u00abDRA-TIL\u00bb-TRYNET: Emil Gukild blir flau da han f\u00e5r vite hvilket inntrykk skuespillerkollega Jakob Oftebro hadde av TV-profilen f\u00f8r de m\u00f8ttes. Reporter: Sanne Holt\/ Celine N\u00e6ss Andreassen. Video: \u00abFlukten fra Bolivia\u00bb\/ TV 2\/ R\u00f8d L\u00f8per<\/p>\n<p>N\u00e5 har den nyeste sesongen hatt premiere i USA, og en av de nye tilskuddene i gjengen hevder \u00e5 nesten ha v\u00e6rt p\u00e5 date med Kyles eks.<\/p>\n<p>Det er moteprofil Rachel Zoe (54) som i den f\u00f8rste episoden forteller at noen fors\u00f8kte \u00e5 arrangere en date mellom henne og Mauricio.\u00a0<\/p>\n<p>          <img loading=\"lazy\" decoding=\"async\" src=\"https:\/\/www.europesays.com\/no\/wp-content\/uploads\/2025\/12\/83948495.webp\" width=\"686\" height=\"460\" title=\"MISFORST\u00c5ELSE: Flere trodde at Kyles stikk var myntet p\u00e5 Rachel Zoe. Foto: NTB\" alt=\"\" class=\"\" style=\"--aspect-ratio-image: 1.49; \"\/><\/p>\n<p>\n          MISFORST\u00c5ELSE: Flere trodde at Kyles stikk var myntet p\u00e5 Rachel Zoe. Foto: NTB\n      <\/p>\n<p>Kyle kom da med et stikk;<\/p>\n<p>&#8211; Hun er for gammel til \u00e5 date han.<\/p>\n<p>21 \u00e5r yngre\t<\/p>\n<p>Det var flere som tok kommentaren som et stikk mot Rachel &#8211; men Kyle har n\u00e5 ryddet opp i misforst\u00e5elsen, skriver <a href=\"https:\/\/pagesix.com\/2025\/12\/05\/celebrity-news\/kyle-richards-thinks-rachel-zoe-54-too-old-to-date-ex-mauricio-umansky-55\/\" rel=\"nofollow noopener\" target=\"_blank\">Page Six<\/a>.<\/p>\n<p>    <a itemprop=\"url\" href=\"https:\/\/www.seher.no\/kjendis\/roper-intimt-uhell\/83629941\" rel=\"nofollow noopener\" target=\"_blank\"><\/p>\n<p>      <img loading=\"lazy\" decoding=\"async\" src=\"https:\/\/www.europesays.com\/no\/wp-content\/uploads\/2025\/12\/83630396.webp\" width=\"980\" height=\"441\" title=\"R\u00f8per intimt uhell\" alt=\"\" class=\"lazyload\" style=\"--aspect-ratio-image: 2.22; \"\/><\/p>\n<p>        R\u00f8per intimt uhell<\/p>\n<p>    <\/a><\/p>\n<p>I en episode av \u00abWatch What Happens Live\u00bb forklarte hun nemlig at kommentaren var rettet mot noen andre.<\/p>\n<p>&#8211; Det var ikke et stikk mot henne. Det var et stikk mot Mauricio. For \u00e5 v\u00e6re helt tydelig, sier hun.<\/p>\n<p>          <img loading=\"lazy\" decoding=\"async\" src=\"https:\/\/www.europesays.com\/no\/wp-content\/uploads\/2025\/12\/81697779.webp\" width=\"686\" height=\"700\" title=\"TATT P\u00c5 FERSKEN: Mauricio og Nikita klinte til p\u00e5 flyplassen i Mykonos. Romansen var kortlevd, og de er ikke lenger et par. Foto: Coleman-Rayner\" alt=\"\" class=\"\" style=\"--aspect-ratio-image: 0.98; \"\/><\/p>\n<p>\n          TATT P\u00c5 FERSKEN: Mauricio og Nikita klinte til p\u00e5 flyplassen i Mykonos. Romansen var kortlevd, og de er ikke lenger et par. Foto: Coleman-Rayner\n      <\/p>\n<p>Kyles utspill kommer i kj\u00f8lvannet av at Mauricio er blitt koblet opp til flere unge kvinner. Blant annet var hans f\u00f8rste kj\u00e6reste etter bruddet, Nikita Khan, hele 21 \u00e5r yngre enn ham &#8211; det var ogs\u00e5 hans andre kj\u00e6reste.<\/p>\n<p>        TAR TIL T\u00c5RENE: 13 kjendiser skal f\u00e5 pushet grensene sine gjennom en ekstrem milit\u00e6rsimulering i \u00abHelvetesuka\u00bb. Video: \u00abHelvetesuka\u00bb\/Viaplay<\/p>\n<p>Den siste tiden er han blitt observert med 35 \u00e5r gamle Celisa Franco.<\/p>\n<p>Det tyder alts\u00e5 p\u00e5 at Kyles stikk handlet mer om Mauricios smak enn det gjorde Rachel Zoes alder.<\/p>\n","protected":false},"excerpt":{"rendered":"Kyle Richards: Husfruen\u00a0gj\u00f8r narr av eksmannens angivelige forkj\u00e6rlighet for unge kvinner. GJ\u00d8R NARR: Kyle Richards er tilsynelatende ikke&hellip;\n","protected":false},"author":2,"featured_media":106018,"comment_status":"","ping_status":"","sticky":false,"template":"","format":"standard","meta":{"footnotes":""},"categories":[58],"tags":[4104,71,479,7123,7122,30,28,29,12887,6240,72],"class_list":{"0":"post-106017","1":"post","2":"type-post","3":"status-publish","4":"format-standard","5":"has-post-thumbnail","7":"category-underholdning","8":"tag-eksklusivt","9":"tag-entertainment","10":"tag-kjendis","11":"tag-kyle-richards","12":"tag-mauricio-umansky","13":"tag-no","14":"tag-norge","15":"tag-norway","16":"tag-rachel-zoe","17":"tag-real-housewives-of-beverly-hills","18":"tag-underholdning"},"share_on_mastodon":{"url":"https:\/\/pubeurope.com\/@no\/115674128449548540","error":""},"_links":{"self":[{"href":"https:\/\/www.europesays.com\/no\/wp-json\/wp\/v2\/posts\/106017","targetHints":{"allow":["GET"]}}],"collection":[{"href":"https:\/\/www.europesays.com\/no\/wp-json\/wp\/v2\/posts"}],"about":[{"href":"https:\/\/www.europesays.com\/no\/wp-json\/wp\/v2\/types\/post"}],"author":[{"embeddable":true,"href":"https:\/\/www.europesays.com\/no\/wp-json\/wp\/v2\/users\/2"}],"replies":[{"embeddable":true,"href":"https:\/\/www.europesays.com\/no\/wp-json\/wp\/v2\/comments?post=106017"}],"version-history":[{"count":0,"href":"https:\/\/www.europesays.com\/no\/wp-json\/wp\/v2\/posts\/106017\/revisions"}],"wp:featuredmedia":[{"embeddable":true,"href":"https:\/\/www.europesays.com\/no\/wp-json\/wp\/v2\/media\/106018"}],"wp:attachment":[{"href":"https:\/\/www.europesays.com\/no\/wp-json\/wp\/v2\/media?parent=106017"}],"wp:term":[{"taxonomy":"category","embeddable":true,"href":"https:\/\/www.europesays.com\/no\/wp-json\/wp\/v2\/categories?post=106017"},{"taxonomy":"post_tag","embeddable":true,"href":"https:\/\/www.europesays.com\/no\/wp-json\/wp\/v2\/tags?post=106017"}],"curies":[{"name":"wp","href":"https:\/\/api.w.org\/{rel}","templated":true}]}}