{"id":106021,"date":"2025-12-06T18:55:13","date_gmt":"2025-12-06T18:55:13","guid":{"rendered":"https:\/\/www.europesays.com\/no\/106021\/"},"modified":"2025-12-06T18:55:13","modified_gmt":"2025-12-06T18:55:13","slug":"mennesker-i-en-ekstremt-sarbar-situasjon-mister-sitt-viktigste-tilbud","status":"publish","type":"post","link":"https:\/\/www.europesays.com\/no\/106021\/","title":{"rendered":"Mennesker i en ekstremt s\u00e5rbar situasjon mister sitt viktigste tilbud"},"content":{"rendered":"\n<p>Anne Grethe Solbakken  Tidligere kreftpasient<\/p>\n<p>Publisert:<br \/>\n  6. desember 2025 kl. 15:27<br \/>\n  Oppdatert:<br \/>\n  6. desember 2025 kl. 15:27\n <\/p>\n<p>Dette er et debattinnlegg. Det gir uttrykk for debattantens egen holdning.<\/p>\n<p><strong>Det er med sjokk<\/strong> jeg leser at rehabiliteringstilbudet for kreftpasienter ved Unicare R\u00f8ros skal legges ned i 2026. For meg og tusenvis av andre betyr det at regionens viktigste tilbud til mennesker i en ekstremt s\u00e5rbar situasjon, forsvinner.<\/p>\n<p>I fjor fikk 38 811 mennesker kreft i Norge. Over 300 000 nordmenn har eller har hatt kreft. Tre av fire overlever n\u00e5 sin kreftsykdom. Men \u00e5 overleve er bare begynnelsen p\u00e5 historien.<\/p>\n<p><strong>Vi som overlever,<\/strong> blir b\u00e5de flere og yngre. Siden 2000 har antallet kvinner mellom 20 og 49 \u00e5r som f\u00e5r kreft, \u00f8kt med 25 prosent. Halvparten av alle som f\u00e5r kreft, er i yrkesaktiv alder. Samtidig har mellom 40 og 60 prosent av oss behov for rehabilitering. Dette er mennesker som m\u00e5 bygge livet sitt opp igjen.<\/p>\n<p>I mars 2020, som 28 \u00e5r gammel student, entret jeg den statistikken: Kuler p\u00e5 halsen. Utredning. Covid-utsettelser. Biopsi p\u00e5 biopsi. I mai kom diagnosen, og et dusin doser cellegift fulgte. P\u00e5 andre siden av behandlingen forventet jeg \u00e5 g\u00e5 p\u00e5 skyer, men realiteten var en helt annen.<\/p>\n<p><strong>Som ferdig<\/strong> behandlet kreftpasient st\u00e5r du der med et hode som ikke funker og en kropp som ikke henger med. Du, og kanskje de rundt deg, forventer at du skal v\u00e6re lykkelig for \u00e5 ha overlevd. I stedet opplever du kaos og engstelse. Den ytre strukturen behandlingene ga, er borte. Og det er ikke plass til alle de nye traumene i det livet du \u00f8nsker deg tilbake til. Det kan f\u00f8les veldig ensomt og m\u00f8rkt.<\/p>\n<p><a href=\"https:\/\/www.adressa.no\/debatt\/i\/oELj2a\/flere-kreftpasienter-gis-tilbud-om-rehabilitering\" rel=\"nofollow noopener\" target=\"_blank\"> <img decoding=\"async\" src=\"data:image\/gif;base64,R0lGODlhEAAJAIAAAP\/\/\/wAAACH5BAEAAAAALAAAAAAQAAkAAAIKhI+py+0Po5yUFQA7\" alt=\"\"\/>   Flere kreft\u00adpasi\u00adenter gis tilbud om reha\u00adbili\u00adtering   <\/a> <a href=\"https:\/\/www.adressa.no\/debatt\/i\/zO5pVb\/kreftpasientene-rammes\" rel=\"nofollow noopener\" target=\"_blank\"> <img decoding=\"async\" src=\"data:image\/gif;base64,R0lGODlhEAAJAIAAAP\/\/\/wAAACH5BAEAAAAALAAAAAAQAAkAAAIKhI+py+0Po5yUFQA7\" alt=\"\"\/>   Kreftpasientene rammes  <\/a> <a href=\"https:\/\/www.adressa.no\/debatt\/i\/j094En\/vondt-og-provoserende\" rel=\"nofollow noopener\" target=\"_blank\"> <img decoding=\"async\" src=\"data:image\/gif;base64,R0lGODlhEAAJAIAAAP\/\/\/wAAACH5BAEAAAAALAAAAAAQAAkAAAIKhI+py+0Po5yUFQA7\" alt=\"\"\/>   Vondt og provoserende  <\/a> <\/p>\n<p><strong>Mitt f\u00f8rste opphold<\/strong> p\u00e5 Unicare R\u00f8ros i 2021 ble en trygg havn der lettelsen kom med det samme. Jeg kunne, for f\u00f8rste gang p\u00e5 halvannet \u00e5r, sitte i en sofa og bli kjent med nye mennesker. Mennesker som forsto situasjonen min p\u00e5 en m\u00e5te ikke engang mine n\u00e6rmeste kunne. Hos dem s\u00e5 jeg samme sorg som min, om enn i andre nyanser. Vi hadde kjempet samme krig p\u00e5 hver v\u00e5r front.<\/p>\n<p>Gjennom behandling og aktiviteter kunne jeg begynne \u00e5 bli kjent med meg selv igjen, innenfor trygge rammer. Jeg gikk min f\u00f8rste langtur, godt st\u00f8ttet av en fantastisk fysioterapeut. Jeg brukte tre ganger s\u00e5 lang tid som de andre, men fy for en mestring. Det at hun tillot meg \u00e5 bruke den tiden var s\u00e5 viktig.<\/p>\n<p><strong>Dette er<\/strong> et godt bilde p\u00e5 hva Unicare R\u00f8ros tilbyr. De g\u00e5r sammen med deg en stund, og gir tid, tillit, st\u00f8tte og trygghet. De m\u00f8ter deg der du er, og st\u00f8tter deg p\u00e5 vei mot m\u00e5let ditt. Den enorme kompetansen som m\u00f8tte meg, gj\u00f8r at jeg som kreftoverlever kan si: Det finnes ingen erstatning for Unicare R\u00f8ros.<\/p>\n<p>Det er lett \u00e5 si at \u00f8konomi styrer, men dette m\u00e5 i s\u00e5 fall v\u00e6re tidenes feilstyring. Prisen for \u00e5 spare denne kostnaden vil risikere \u00e5 gi st\u00f8rre tap p\u00e5 lang sikt. Mennesker som kunne bidratt til verdiskapning i regionen, som ender opp utenfor arbeidslivet.<\/p>\n<p><strong>Forskning viser <\/strong>at risikoen for \u00e5 bli arbeidsledig er 37 prosent h\u00f8yere for de som har hatt kreft. Tverrfaglige rehabiliteringstilbud som dette er dokumentert \u00e5 bedre sjansen for retur til arbeidslivet.<\/p>\n<p><strong>Jeg sitter i dag<\/strong> p\u00e5 skolebenken. St\u00f8tten fra Unicare R\u00f8ros var grunnleggende for at jeg kunne ha t\u00e5lmodighet med prosessen for \u00e5 komme hit.<\/p>\n<p>Min erfaring er ikke unik. Engasjementet denne saken har vekket, viser det tydelig: La Unicare R\u00f8ros fortsette \u00e5 v\u00e6re den trygge havnen det var for meg, ogs\u00e5 for fremtidens kreftpasienter.<\/p>\n<p><strong>Hva mener du? Send inn din tekst til <a href=\"https:\/\/www.adressa.no\/debatt\/i\/Pd39g6\/mailto:debatt@adresseavisen.no\" rel=\"noopener nofollow\" target=\"_blank\">debatt@adresseavisen.no<\/a> eller delta i debatten i kommentarfeltet nederst \u2013 og husk fullt navn!<\/strong><\/p>\n","protected":false},"excerpt":{"rendered":"Anne Grethe Solbakken Tidligere kreftpasient Publisert: 6. desember 2025 kl. 15:27 Oppdatert: 6. desember 2025 kl. 15:27 Dette&hellip;\n","protected":false},"author":2,"featured_media":106022,"comment_status":"","ping_status":"","sticky":false,"template":"","format":"standard","meta":{"footnotes":""},"categories":[10],"tags":[20,21,37,24,25,15,1401,22,23,13,30,28,29,14,16,1673,3847,13256,4673,26,27,12379],"class_list":{"0":"post-106021","1":"post","2":"type-post","3":"status-publish","4":"format-standard","5":"has-post-thumbnail","7":"category-norge","8":"tag-breaking-news","9":"tag-breakingnews","10":"tag-debatt","11":"tag-featured-news","12":"tag-featurednews","13":"tag-headlines","14":"tag-kreft","15":"tag-latest-news","16":"tag-latestnews","17":"tag-news","18":"tag-no","19":"tag-norge","20":"tag-norway","21":"tag-nyheter","22":"tag-overskrifter","23":"tag-rehabilitering","24":"tag-roros","25":"tag-st-olavs","26":"tag-st-olavs-hospital","27":"tag-top-stories","28":"tag-topstories","29":"tag-unicare"},"share_on_mastodon":{"url":"https:\/\/pubeurope.com\/@no\/115674147853573610","error":""},"_links":{"self":[{"href":"https:\/\/www.europesays.com\/no\/wp-json\/wp\/v2\/posts\/106021","targetHints":{"allow":["GET"]}}],"collection":[{"href":"https:\/\/www.europesays.com\/no\/wp-json\/wp\/v2\/posts"}],"about":[{"href":"https:\/\/www.europesays.com\/no\/wp-json\/wp\/v2\/types\/post"}],"author":[{"embeddable":true,"href":"https:\/\/www.europesays.com\/no\/wp-json\/wp\/v2\/users\/2"}],"replies":[{"embeddable":true,"href":"https:\/\/www.europesays.com\/no\/wp-json\/wp\/v2\/comments?post=106021"}],"version-history":[{"count":0,"href":"https:\/\/www.europesays.com\/no\/wp-json\/wp\/v2\/posts\/106021\/revisions"}],"wp:featuredmedia":[{"embeddable":true,"href":"https:\/\/www.europesays.com\/no\/wp-json\/wp\/v2\/media\/106022"}],"wp:attachment":[{"href":"https:\/\/www.europesays.com\/no\/wp-json\/wp\/v2\/media?parent=106021"}],"wp:term":[{"taxonomy":"category","embeddable":true,"href":"https:\/\/www.europesays.com\/no\/wp-json\/wp\/v2\/categories?post=106021"},{"taxonomy":"post_tag","embeddable":true,"href":"https:\/\/www.europesays.com\/no\/wp-json\/wp\/v2\/tags?post=106021"}],"curies":[{"name":"wp","href":"https:\/\/api.w.org\/{rel}","templated":true}]}}