{"id":106027,"date":"2025-12-06T19:06:26","date_gmt":"2025-12-06T19:06:26","guid":{"rendered":"https:\/\/www.europesays.com\/no\/106027\/"},"modified":"2025-12-06T19:06:26","modified_gmt":"2025-12-06T19:06:26","slug":"skal-vi-danse-kritiseres-for-feilaktig-fremstilling-av-hiphop-og-streetdance","status":"publish","type":"post","link":"https:\/\/www.europesays.com\/no\/106027\/","title":{"rendered":"Skal vi danse kritiseres for feilaktig fremstilling av hiphop og streetdance"},"content":{"rendered":"<p>S\u00f8ndag 30. november delte danserne Jasmin Lindstr\u00f8m og Naomi Fadlabi et innlegg p\u00e5 Instagram hvor de gikk hardt ut mot TV 2s\u00a0\u00abSkal vi danse\u00bb. Kritikken gikk ut p\u00e5 hvordan hiphop og streetdance ble fremstilt.<\/p>\n<p>    <a itemprop=\"url\" href=\"https:\/\/www.seher.no\/kjendis\/trodde-hun-dyttet-meg-unna\/83945505\" rel=\"nofollow noopener\" target=\"_blank\"><\/p>\n<p>      <img loading=\"lazy\" decoding=\"async\" src=\"https:\/\/www.europesays.com\/no\/wp-content\/uploads\/2025\/12\/1765047975_493_83944389.webp\" width=\"980\" height=\"441\" title=\"- Trodde hun dyttet meg unna\" alt=\"\" class=\"lazyload\" style=\"--aspect-ratio-image: 2.22; \"\/><\/p>\n<p>        &#8211; Trodde hun dyttet meg unna<\/p>\n<p>    <\/a><\/p>\n<p class=\"\">\u00ab&#8217;Skal vi danse&#8217; fremstiller hiphop og streetdance p\u00e5 en m\u00e5te som skaper ubehag og provokasjon, fordi representasjonen er s\u00e5 ukorrekt at den bagatelliserer en levende kultur og et helt fagfelt\u00bb, skrev de innledningsvis.<\/p>\n<p><a href=\"https:\/\/www.vg.no\/rampelys\/i\/q6plWO\/dansere-reagerer-paa-skal-vi-danse-fremstiller-hiphop-paa-en-maate-som-skaper-ubehag\" rel=\"nofollow noopener\" target=\"_blank\">VG<\/a> omtalte kritikken f\u00f8rst.\u00a0<\/p>\n<p>Se og H\u00f8r har v\u00e6rt i kontakt med\u00a0\u00abSkal vi danse\u00bb-dommer Merete M\u00f8rk Lingj\u00e6rde, som b\u00e5de er pedagog og tidligere koreograf. Hun er i tillegg initiativtaker og leder av\u00a0Oslo Danse Ensemble,\u00a0og leder for bachelorstudiet i jazzdans ved Kunsth\u00f8gskolen i Oslo.<\/p>\n<p>        \u00abSKAL VI DANSE\u00bb: Tale Torjussen har med seg tre ekstra dansere til l\u00f8rdagens sending. Video: R\u00f8d L\u00f8per\/Nora Skavhaug<\/p>\n<p>Hun har f\u00e5tt med seg kritikken, og forst\u00e5r noe av den. Samtidig p\u00e5peker hun hvorfor\u00a0\u00abSkal vi danse\u00bb opererer som de gj\u00f8r.<\/p>\n<p class=\"italic m-italic\" data-lab-italic=\"italic\"> Se og H\u00f8r har v\u00e6rt i kontakt med Jasmin Lindstr\u00f8m, som er gjort kjent med at vi omtaler Instagram-innlegget. <\/p>\n<p>&#8211; Snillere og mer seervennlig\t<\/p>\n<p>&#8211; Jeg forst\u00e5r at akt\u00f8rene fra streetdance-milj\u00f8et har behov for \u00e5 kommentere det de mener er feil. Vi har et kompetent og allsidig streetdance-milj\u00f8 i Norge som jeg har stor respekt for, og de har selvsagt en stolthet til egen sjanger, som vi andre ogs\u00e5 har i v\u00e5re sjangere. Engasjementet rundt dette er bra.<\/p>\n<p>          <img loading=\"lazy\" decoding=\"async\" src=\"https:\/\/www.europesays.com\/no\/wp-content\/uploads\/2025\/12\/83945582.webp\" width=\"686\" height=\"714\" title=\"SVARER: Merete M\u00f8rk Lingj\u00e6rde tar \u00abSkal vi danse\u00bb i forsvar, etter at programmet mottok kritikk. Foto: Andreas Fadum\/Se og H\u00f8r\" alt=\"\" class=\"\" style=\"--aspect-ratio-image: 0.96; \"\/><\/p>\n<p>\n          SVARER: Merete M\u00f8rk Lingj\u00e6rde tar \u00abSkal vi danse\u00bb i forsvar, etter at programmet mottok kritikk. Foto: Andreas Fadum\/Se og H\u00f8r\n      <\/p>\n<p>Lingj\u00e6rde legger til at det er akt\u00f8rer i ballroom-milj\u00f8et som ogs\u00e5 mener at de ulike ballroomdansene er for mye blandet med andre stilarter.<\/p>\n<p>    <a itemprop=\"url\" href=\"https:\/\/www.seher.no\/kjendis\/ellevill-formue\/83927599\" rel=\"nofollow noopener\" target=\"_blank\"><\/p>\n<p>      <img loading=\"lazy\" decoding=\"async\" src=\"https:\/\/www.europesays.com\/no\/wp-content\/uploads\/2025\/12\/1765047979_444_83928166.webp\" width=\"980\" height=\"441\" title=\"Ellevill formue\" alt=\"\" class=\"lazyload\" style=\"--aspect-ratio-image: 2.22; \"\/><\/p>\n<p>        Ellevill formue<\/p>\n<p>    <\/a><\/p>\n<p>Det hun likevel mener er viktig \u00e5 huske p\u00e5, er at\u00a0\u00abSkal vi danse\u00bb ikke er et talentprogram, slik\u00a0\u00abIdol\u00bb, \u00abThe Voice\u00bb eller \u00abSo You Think You Can Dance\u00bb er.\u00a0\u00abSkal vi danse\u00bb er et underholdningsprogram.\u00a0<\/p>\n<p>&#8211; I \u00abSkal vi danse\u00bb er det kjendiser &#8211; ofte uten noen form for danseerfaring &#8211; som blir spurt om \u00e5 v\u00e6re med, og de legger virkelig hjertet sitt i hver eneste koreografi de gj\u00f8r.<\/p>\n<p>          <img loading=\"lazy\" decoding=\"async\" src=\"https:\/\/www.europesays.com\/no\/wp-content\/uploads\/2025\/12\/83947419.webp\" width=\"686\" height=\"460\" title=\"DANSET: Viggo Venn og dansepartner Rikke Lund danset Commercial Street. Foto: Thomas Andersen\/TV 2\" alt=\"\" class=\"\" style=\"--aspect-ratio-image: 1.49; \"\/><\/p>\n<p>\n          DANSET: Viggo Venn og dansepartner Rikke Lund danset Commercial Street. Foto: Thomas Andersen\/TV 2\n      <\/p>\n<p>&#8211; De m\u00e5 l\u00e6re seg mange sjangere p\u00e5 sv\u00e6rt kort tid. Dette er s\u00e5 mye vanskeligere for dem enn hva man kan forestille seg. P\u00e5 sendingsdagen jobber de opp til 14 timer, og n\u00e5r de st\u00e5r opp p\u00e5 s\u00f8ndager s\u00e5 er det rett p\u00e5 trening for \u00e5 l\u00e6re seg en ny dansesjanger.\u00a0Det er ikke noe lettere om en ballettdanser m\u00e5 l\u00e6re seg hiphop p\u00e5 en uke eller motsatt. Jeg tar av meg hatten for hva de f\u00e5r til!<\/p>\n<p>        SKATTELISTENE: Hvem tjener egentlig mest i GUTTA \u2013 og hvem sjokkerer p\u00e5 skattelistene fra Skal vi danse? Her f\u00e5r du svaret. Reporter: Thea Hope \/ Silja Furset<\/p>\n<p>Lingj\u00e6rde forklarer at det ikke er uvanlig at stilartene blandes.<\/p>\n<p>&#8211; I \u00abSkal vi danse\u00bb blir det litt mer seervennlig og kanskje noe snillere for kjendisen \u00e5 kunne g\u00e5 litt ut av en ganske stram sjanger. Det samme gj\u00f8r de i USA og England ogs\u00e5.<\/p>\n<p>&#8211; Nesten ikke mulig\t<\/p>\n<p>I det nevnte Instagram-innlegget reagerte Lindstr\u00f8m og Fadlabi p\u00e5 at ingen av dommerne, if\u00f8lge dem, har s\u00e6rlig kompetanse innenfor hiphop-feltet. De peker ogs\u00e5 p\u00e5 koreografier de mener var av lav standard.\u00a0<\/p>\n<p>          <img loading=\"lazy\" decoding=\"async\" src=\"https:\/\/www.europesays.com\/no\/wp-content\/uploads\/2025\/12\/83947421.webp\" width=\"686\" height=\"460\" title=\"DANSET: Trygve Bennetsen og dansepartner Ida Amy Sund danset ogs\u00e5 Commercial Street. Foto: Thomas Andersen\/TV 2\" alt=\"\" class=\"\" style=\"--aspect-ratio-image: 1.49; \"\/><\/p>\n<p>\n          DANSET: Trygve Bennetsen og dansepartner Ida Amy Sund danset ogs\u00e5 Commercial Street. Foto: Thomas Andersen\/TV 2\n      <\/p>\n<p>\u00abDet er skuffende \u00e5 se hvor lav standard og lite forst\u00e5else det er rundt v\u00e5re dansestiler, samtidig som jazz, moderne og contemporary blir m\u00f8tt av dommerne og koreografene med en h\u00f8yere standard og forst\u00e5else i det dansetekniske og i stilforst\u00e5elsen\u00bb.<\/p>\n<p>    <a itemprop=\"url\" href=\"https:\/\/www.seher.no\/kjendis\/avslorer-dukker-opp\/83927719\" rel=\"nofollow noopener\" target=\"_blank\"><\/p>\n<p>      <img loading=\"lazy\" decoding=\"async\" src=\"https:\/\/www.europesays.com\/no\/wp-content\/uploads\/2025\/12\/1765047984_976_83927794.webp\" width=\"980\" height=\"441\" title=\"Avsl\u00f8rer: Dukker opp\" alt=\"\" class=\"lazyload\" style=\"--aspect-ratio-image: 2.22; \"\/><\/p>\n<p>        Avsl\u00f8rer: Dukker opp<\/p>\n<p>    <\/a><\/p>\n<p>Det kjenner ikke Lingj\u00e6rde seg helt igjen i.<\/p>\n<p>&#8211; Uansett hvem produksjonen hadde tatt inn som mentor, s\u00e5 er det nesten ikke mulig for kjendisene \u00e5 mestre egenarten i en dans p\u00e5 \u00e9n uke. Det tar mange \u00e5r \u00e5 tilegne seg ulike danseteknikker og egenarten i disse.\u00a0<\/p>\n<p>          <img loading=\"lazy\" decoding=\"async\" src=\"https:\/\/www.europesays.com\/no\/wp-content\/uploads\/2025\/12\/83945592.webp\" width=\"686\" height=\"460\" title=\"\u00c5RETS DOMMERE: Jan Thomas, Nadya Khamitskaya, Merete M\u00f8rk Lingj\u00e6rde og Cengiz Al. Foto: Thomas Andersen\/ TV 2\" alt=\"\" class=\"\" style=\"--aspect-ratio-image: 1.49; \"\/><\/p>\n<p>\n          \u00c5RETS DOMMERE: Jan Thomas, Nadya Khamitskaya, Merete M\u00f8rk Lingj\u00e6rde og Cengiz Al. Foto: Thomas Andersen\/ TV 2\n      <\/p>\n<p>Det hun derimot er enig i er at det er viktig \u00e5 v\u00e6re grundig n\u00e5r man henter inn eksterne krefter fra ulike milj\u00f8er, og kvalitetssikrer hvor de kommer fra.\u00a0\u00a0<\/p>\n<p>        SKAL VI DANSE: Under kveldens sending danset influenser Tale Torhussen for bestevenninnen sin, Leah Behn. Video: TV2 \/ Dagbaldet<\/p>\n<p>Lingj\u00e6rde forklarer at de hentet inn koreograf for \u00e5 bist\u00e5 parene som skulle danse commercial streetdance &#8211; en koreograf hun beskriver som\u00a0\u00abstr\u00e5lende\u00bb. Men med flere danser p\u00e5 hver deltaker, blir det knapt med tid.\u00a0<\/p>\n<p>Hun understreker at hun og de andre dommerne ikkehar noe med valg av koreografier og musikk \u00e5 gj\u00f8re.<\/p>\n<p>    <a itemprop=\"url\" href=\"https:\/\/www.seher.no\/kjendis\/sjekkes-opp-av-menn-fra-16-til-80\/83912518\" rel=\"nofollow noopener\" target=\"_blank\"><\/p>\n<p>      <img loading=\"lazy\" decoding=\"async\" src=\"https:\/\/www.europesays.com\/no\/wp-content\/uploads\/2025\/12\/1765047986_603_83912701.webp\" width=\"147\" height=\"98\" title=\"Sjekkes opp av menn fra 16 til 80\" alt=\"\" class=\"lazyload\" style=\"--aspect-ratio-image: 1.50; \"\/><\/p>\n<p>        Sjekkes opp av menn fra 16 til 80<\/p>\n<p>    <\/a><\/p>\n<p>Selv om ingen av dommerne i panelet er profesjonelle innen streetdance feltet, mener Lingj\u00e6rde likevel at de ikke er helt kunnskapsl\u00f8se.\u00a0<\/p>\n<p>Hun peker blant annet p\u00e5 at Cengiz Al har trent det i mange \u00e5r. Selv har hun ogs\u00e5 trent hiphop i sin tid, i tillegg til at de p\u00e5 studieprogrammet hun leder har ulike sjangere innen streetdance p\u00e5 timeplanen,\u00a0som hun har fulgt tett i mange \u00e5r. <\/p>\n<p>        P3 GULL: Carina Dahl forteller om alkohol-vanene sine under \u00abSkal vi danse\u00bb p\u00e5 den gule l\u00f8peren. Reporter: Victoria L\u00f8vik Video: Danny Son To\/Trond Markus Gravdal<\/p>\n<p>&#8211; Jeg har 40 \u00e5rs erfaring fra et bredt dansefelt, og har nok etter hvert et ganske trent \u00f8ye, p\u00e5peker hun.<\/p>\n","protected":false},"excerpt":{"rendered":"S\u00f8ndag 30. november delte danserne Jasmin Lindstr\u00f8m og Naomi Fadlabi et innlegg p\u00e5 Instagram hvor de gikk hardt&hellip;\n","protected":false},"author":2,"featured_media":106028,"comment_status":"","ping_status":"","sticky":false,"template":"","format":"standard","meta":{"footnotes":""},"categories":[58],"tags":[71,479,2543,8084,30,28,29,2280,72],"class_list":{"0":"post-106027","1":"post","2":"type-post","3":"status-publish","4":"format-standard","5":"has-post-thumbnail","7":"category-underholdning","8":"tag-entertainment","9":"tag-kjendis","10":"tag-kjendisdesken","11":"tag-merete-mork-lingjaerde","12":"tag-no","13":"tag-norge","14":"tag-norway","15":"tag-skal-vi-danse","16":"tag-underholdning"},"share_on_mastodon":{"url":"https:\/\/pubeurope.com\/@no\/115674191483624420","error":""},"_links":{"self":[{"href":"https:\/\/www.europesays.com\/no\/wp-json\/wp\/v2\/posts\/106027","targetHints":{"allow":["GET"]}}],"collection":[{"href":"https:\/\/www.europesays.com\/no\/wp-json\/wp\/v2\/posts"}],"about":[{"href":"https:\/\/www.europesays.com\/no\/wp-json\/wp\/v2\/types\/post"}],"author":[{"embeddable":true,"href":"https:\/\/www.europesays.com\/no\/wp-json\/wp\/v2\/users\/2"}],"replies":[{"embeddable":true,"href":"https:\/\/www.europesays.com\/no\/wp-json\/wp\/v2\/comments?post=106027"}],"version-history":[{"count":0,"href":"https:\/\/www.europesays.com\/no\/wp-json\/wp\/v2\/posts\/106027\/revisions"}],"wp:featuredmedia":[{"embeddable":true,"href":"https:\/\/www.europesays.com\/no\/wp-json\/wp\/v2\/media\/106028"}],"wp:attachment":[{"href":"https:\/\/www.europesays.com\/no\/wp-json\/wp\/v2\/media?parent=106027"}],"wp:term":[{"taxonomy":"category","embeddable":true,"href":"https:\/\/www.europesays.com\/no\/wp-json\/wp\/v2\/categories?post=106027"},{"taxonomy":"post_tag","embeddable":true,"href":"https:\/\/www.europesays.com\/no\/wp-json\/wp\/v2\/tags?post=106027"}],"curies":[{"name":"wp","href":"https:\/\/api.w.org\/{rel}","templated":true}]}}