{"id":106039,"date":"2025-12-06T19:28:44","date_gmt":"2025-12-06T19:28:44","guid":{"rendered":"https:\/\/www.europesays.com\/no\/106039\/"},"modified":"2025-12-06T19:28:44","modified_gmt":"2025-12-06T19:28:44","slug":"espen-eckbo-om-arets-julekalender-suksess-2","status":"publish","type":"post","link":"https:\/\/www.europesays.com\/no\/106039\/","title":{"rendered":"Espen Eckbo om \u00e5rets julekalender-suksess:"},"content":{"rendered":"<p class=\"kicker \" style=\"\">Espen Eckbo:<\/p>\n<p>  Julekalenderkongen Espen Eckbo letter p\u00e5 sl\u00f8ret om \u00e5rets NRK-suksess.<\/p>\n<p>\n    POPUL\u00c6R: I disse dager ruller nye julekalendere over TV-skjermen, og NRKs \u00abNissene i skjul\u00bb har alledere f\u00e5tt stor oppmerksomhet blant seerne. Foto: NRK\n  <\/p>\n<p> Julekalenderkrigen er virkelig i gang mellom NRK og TV 2, og forel\u00f8pig er det f\u00f8rstenevntes\u00a0<a href=\"https:\/\/www.seher.no\/kjendis\/avviser-parodi-ryktene\/83941315\" rel=\"nofollow noopener\" target=\"_blank\">\u00abNissene i skjul\u00bb<\/a> som har lokket til seg flest seere.\u00a0<\/p>\n<p> Nesten \u00e9n million fikk med seg f\u00f8rste episode av NRKs nye julekalender p\u00e5 under et d\u00f8gn, if\u00f8lge <a href=\"https:\/\/www.kampanje.com\/medier\/nrk-knuser-tv-2-i-forste-runde-av-julekalender-kampen\/964726?utm_source=sdrn%3Avg%3Aarticle%3A43jMde\" rel=\"nofollow noopener\" target=\"_blank\">Kampanje<\/a>. TV 2s \u00abRampenissen\u00bb m\u00e5tte derimot ta til takke med noen hundre tusen f\u00e6rre, n\u00e6rmere bestemt 593.000 seere, p\u00e5 sin f\u00f8rste episode. <\/p>\n<p>    <a itemprop=\"url\" href=\"https:\/\/www.seher.no\/kjendis\/avviser-parodi-ryktene\/83941315\" rel=\"nofollow noopener\" target=\"_blank\"><\/p>\n<p>      <img loading=\"lazy\" decoding=\"async\" src=\"https:\/\/www.europesays.com\/no\/wp-content\/uploads\/2025\/12\/1765049315_136_83941295.webp\" width=\"147\" height=\"98\" title=\"Avviser parodi-ryktene\" alt=\"\" class=\"lazyload\" style=\"--aspect-ratio-image: 1.50; \"\/><\/p>\n<p>        Avviser parodi-ryktene<\/p>\n<p>    <\/a><\/p>\n<p>For den oppvakte TV-titter er det mange likheter mellom \u00abNissene i skjul\u00bb og de fiktive julerealityklassikerne \u00abNissene p\u00e5 l\u00e5ven\u00bb, \u00abNissene over skog og hei\u00bb og \u00abNissene i bingen\u00bb.\u00a0<\/p>\n<p>Mye av b\u00e5de innpakningen og innholdet\u00a0er n\u00e6rt beslektet med de tre klassikerne fra Discovery.<\/p>\n<p>        NYLIG SINGEL: P\u00e5l \u00abOnklP\u00bb T\u00f8ien r\u00f8per hvem av \u00abRampenissen\u00bb-kollegaene han vil kysse under mistelteinen. Reporter: Victoria L\u00f8vik\/ Sanne Holt. Video: \u00abBeliggenhet, beliggenhet, beliggenhet\u00bb\/ Discovery\/ Sanne Holt\/ R\u00f8d L\u00f8per<\/p>\n<p>&#8211; Ingen har ringt\t<\/p>\n<p>Det er heller ikke s\u00e5 rart for den ferske serien er produsert av Espen Eckbo (52) og Kristian \u00d8deg\u00e5rds (51) selskap Seefood. Eckbo understreker overfor Se og H\u00f8r at han ikke har v\u00e6rt delaktig\u00a0i det kreative arbeidet.\u00a0<\/p>\n<p>          <img loading=\"lazy\" decoding=\"async\" src=\"https:\/\/www.europesays.com\/no\/wp-content\/uploads\/2025\/12\/1765049318_166_83946022.webp\" width=\"686\" height=\"817\" title=\"JULEKALENDER: I 2001 skapte Eckbo, sammen med Kristian \u00d8deg\u00e5rd, publikumssuksessen \u00abNissene p\u00e5 l\u00e5ven\u00bb. Han spiller ogs\u00e5 to av rollene i serien og videref\u00f8rte dem begge i oppf\u00f8lgerne: \u00abNissene over skog og hei\u00bb (2011) og \u00abNissene i bingen\u00bb (2021). Foto: Kristin Svorte \/ Dagbladet\" alt=\"\" class=\"\" style=\"--aspect-ratio-image: 0.84; \"\/><\/p>\n<p>\n          JULEKALENDER: I 2001 skapte Eckbo, sammen med Kristian \u00d8deg\u00e5rd, publikumssuksessen \u00abNissene p\u00e5 l\u00e5ven\u00bb. Han spiller ogs\u00e5 to av rollene i serien og videref\u00f8rte dem begge i oppf\u00f8lgerne: \u00abNissene over skog og hei\u00bb (2011) og \u00abNissene i bingen\u00bb (2021). Foto: Kristin Svorte \/ Dagbladet\n      <\/p>\n<p>&#8211; Vi laget tilsammen 3 sesonger selv, en hvert tiende \u00e5r. Det ble en 20 \u00e5r lang TV-triologi som fullf\u00f8rer et par lange historier, og det f\u00f8ltes som et verdig punktum. Samtidig inns\u00e5 vi at formatet fortsatt kunne fylles med mye morsomt og oppdatert innhold, hvis vi fikk med oss de riktige kreftene til \u00e5 gj\u00f8re det. Og riktigere krefter enn Kevin, Herman og Mikkel var det ikke mulig \u00e5 se for seg. Det ble en v\u00e5t dr\u00f8m \u00e5 f\u00e5 til, sier han. sier han.<\/p>\n<p>    <a itemprop=\"url\" href=\"https:\/\/www.seher.no\/kjendis\/avslorer-ny-jobb\/83936593\" rel=\"nofollow noopener\" target=\"_blank\"><\/p>\n<p>      <img loading=\"lazy\" decoding=\"async\" src=\"https:\/\/www.europesays.com\/no\/wp-content\/uploads\/2025\/12\/83942828.webp\" width=\"980\" height=\"441\" title=\"Avsl\u00f8rer ny jobb\" alt=\"\" class=\"lazyload\" style=\"--aspect-ratio-image: 2.22; \"\/><\/p>\n<p>        Avsl\u00f8rer ny jobb<\/p>\n<p>    <\/a><\/p>\n<p>Til tross for flere likheter er Eckbo tydelig p\u00e5 at han ikke har v\u00e6rt veldig delaktig i kulissene heller.<\/p>\n<p>&#8211; Jeg skrev en \u00abminibibel\u00bb der jeg delte mine erfaringer og tanker om hva som er n\u00f8kkelen til \u00e5 lykkes med en 24 episoders reality-parodi.\u00a0Jeg aner ikke hvor mye den ble brukt i prosessen, og kanskje jeg skrev den mest for min egen del.\u00a0Min viktigste oppgave har egentlig v\u00e6rt \u00e5 holde meg unna, og la en ny gjeng f\u00e5 gj\u00f8re det p\u00e5 sin m\u00e5te, sier han<\/p>\n<p>        KLINTE TIL: Artist Adrian Sellevoll kliner til i f\u00f8rste episode av \u00abRampenissen\u00bb, og r\u00f8per at han ble singel rett etter innspillingen. Reporter: Sanne Holt. Video: TV 2\/ \u00abRampenissen\u00bb\/ Sanne Holt\/ Vicotoria L\u00f8vik\/ R\u00f8d L\u00f8per<\/p>\n<p>&#8211; Fylt av angst\t<\/p>\n<p>Han misunner\u00a0 ikke de som jobber mer \u00abhands on\u00bb med serien i \u00e5r. Han beskriver prosessen bak disse julekalenderen som et mareritt i tre deler.<\/p>\n<p>          <img loading=\"lazy\" decoding=\"async\" src=\"https:\/\/www.europesays.com\/no\/wp-content\/uploads\/2025\/12\/1765049321_336_83946075.webp\" width=\"686\" height=\"357\" title=\"SERIESKAPER: Kristian \u00d8deg\u00e5rd medvirket som programleder i serien han ogs\u00e5 var med p\u00e5 \u00e5 skape. Her er han avbildet i \u00abNissene p\u00e5 l\u00e5ven\u00bb-kostymet sitt i 2021. Foto:\" alt=\"\" class=\"\" style=\"--aspect-ratio-image: 1.92; \"\/><\/p>\n<p>\n          SERIESKAPER: Kristian \u00d8deg\u00e5rd medvirket som programleder i serien han ogs\u00e5 var med p\u00e5 \u00e5 skape. Her er han avbildet i \u00abNissene p\u00e5 l\u00e5ven\u00bb-kostymet sitt i 2021. Foto:\n      <\/p>\n<p>&#8211; Historien m\u00e5 jo lages tre ganger: F\u00f8rst skrives, s\u00e5 spilles inn og til slutt klippes sammen. N\u00e5r det er snakk om 24 episoder med 24 karakterer, blir det mye \u00e5 holde styr p\u00e5. Plutselig sitter man der og m\u00e5 skrive natt til opptaksdagen, og senere oppdager man at det meste m\u00e5 klippes helt om fordi ingenting ble s\u00e5 morsomt som man trodde da man skrev eller spilte inn.<\/p>\n<p>Strabasi\u00f8se innspillinger har det blitt flere av. Ingen av sesongene Espen lagde, hadde han hele manuset klart til f\u00f8rste opptaksdag. Hvordan serien skulle ende var helt \u00e5pent, og m\u00e5tte falle p\u00e5 plass underveis.<\/p>\n<p>&#8211; Jeg var flau over kaoset jeg stelte i stand og fylt av angst, sier han.\u00a0<\/p>\n<p>&#8211; For det eneste som kan rettferdiggj\u00f8re kaoset, er jo at det blir dritbra.<\/p>\n<p>    <a itemprop=\"url\" href=\"https:\/\/www.seher.no\/kjendis\/aldri-skjedd-for\/83934789\" rel=\"nofollow noopener\" target=\"_blank\"><\/p>\n<p>      <img loading=\"lazy\" decoding=\"async\" src=\"https:\/\/www.europesays.com\/no\/wp-content\/uploads\/2025\/12\/1765049322_573_83934153.webp\" width=\"147\" height=\"98\" title=\"Aldri skjedd f\u00f8r\" alt=\"\" class=\"lazyload\" style=\"--aspect-ratio-image: 1.50; \"\/><\/p>\n<p>        Aldri skjedd f\u00f8r<\/p>\n<p>    <\/a><\/p>\n<p>Det er s\u00e5nn sett deilig \u00e5 kunne v\u00e6re en stille observat\u00f8r denne gangen &#8211; \u00aben personlig oppreising\u00bb kaller han det.<\/p>\n<p>&#8211; N\u00e5r jeg g\u00e5r ned p\u00e5 Seefood\u00a0idag\u00a0og\u00a0folk nok en gang\u00a0klipper og jobber d\u00f8gnet rundt, betyr det kanskje at det ikke bare er meg, men selve konseptet som er forferdelig vanskelig \u00e5 jobbe med.<\/p>\n<p>Helomvending\t<\/p>\n<p>Komikeren forteller at grunnid\u00e9en bak \u00abNissene p\u00e5 l\u00e5ven\u00bb egentlig var en ekte realityserie som liknet p\u00e5 samtidige \u00abBig Brother\u00bb.\u00a0<\/p>\n<p>        T\u00d8YDE STRIKKEN: Oskar Westerlin erkjenner at han og \u00abRampenissen\u00bb-kollegaene hadde d\u00e5rlig innflytelse p\u00e5 hverandre. Reporter: Sanne Holt. Video: Victoria L\u00f8vik\/ TV 2<\/p>\n<p>Der sistnevnte hadde vanlige folk som skulle bo innesperret i 100 dager, skulle deltakerne i \u00abNissene p\u00e5 l\u00e5ven\u00bb ogs\u00e5 v\u00e6re 24 vanlige folk som var sperret inne i en l\u00e5ve i 24 dager.\u00a0<\/p>\n<p>Slik ble det derimot ikke.\u00a0<\/p>\n<p>    <a itemprop=\"url\" href=\"https:\/\/www.seher.no\/kjendis\/skal-utforske-sex-verden\/83937494\" rel=\"nofollow noopener\" target=\"_blank\"><\/p>\n<p>      <img loading=\"lazy\" decoding=\"async\" src=\"https:\/\/www.europesays.com\/no\/wp-content\/uploads\/2025\/12\/83937341.webp\" width=\"980\" height=\"441\" title=\"Skal utforske sex-verden\" alt=\"\" class=\"lazyload\" style=\"--aspect-ratio-image: 2.22; \"\/><\/p>\n<p>        Skal utforske sex-verden<\/p>\n<p>    <\/a><\/p>\n<p>&#8211; Det var bare en trashy id\u00e9. Og det mener jeg p\u00e5 mange m\u00e5ter at det fortsatt er, men samfunnet har blitt enda mer \u00e5pent for trashy ideer.\u00a0<\/p>\n<p>Som Eckbo er inne p\u00e5 har det v\u00e6rt julereality med ekte folk, kjendiser riktignok, b\u00e5de p\u00e5 NRK og TV 2 de siste \u00e5rene. Eksempler p\u00e5 dette er programmene NRKs \u00ab24 stjerners julekalender\u00bb med Markus Neby og \u00e5rets TV 2-kalender \u00abRampenisse\u00bb.<\/p>\n","protected":false},"excerpt":{"rendered":"Espen Eckbo: Julekalenderkongen Espen Eckbo letter p\u00e5 sl\u00f8ret om \u00e5rets NRK-suksess. POPUL\u00c6R: I disse dager ruller nye julekalendere&hellip;\n","protected":false},"author":2,"featured_media":106040,"comment_status":"","ping_status":"","sticky":false,"template":"","format":"standard","meta":{"footnotes":""},"categories":[58],"tags":[71,13199,10125,5721,10124,479,2543,12798,30,28,29,787,72],"class_list":{"0":"post-106039","1":"post","2":"type-post","3":"status-publish","4":"format-standard","5":"has-post-thumbnail","7":"category-underholdning","8":"tag-entertainment","9":"tag-espen-eckbo","10":"tag-herman-flesvig","11":"tag-julekalender","12":"tag-kevin-vagenes","13":"tag-kjendis","14":"tag-kjendisdesken","15":"tag-nissene-i-skjul","16":"tag-no","17":"tag-norge","18":"tag-norway","19":"tag-nrk","20":"tag-underholdning"},"share_on_mastodon":{"url":"https:\/\/pubeurope.com\/@no\/115674278150939476","error":""},"_links":{"self":[{"href":"https:\/\/www.europesays.com\/no\/wp-json\/wp\/v2\/posts\/106039","targetHints":{"allow":["GET"]}}],"collection":[{"href":"https:\/\/www.europesays.com\/no\/wp-json\/wp\/v2\/posts"}],"about":[{"href":"https:\/\/www.europesays.com\/no\/wp-json\/wp\/v2\/types\/post"}],"author":[{"embeddable":true,"href":"https:\/\/www.europesays.com\/no\/wp-json\/wp\/v2\/users\/2"}],"replies":[{"embeddable":true,"href":"https:\/\/www.europesays.com\/no\/wp-json\/wp\/v2\/comments?post=106039"}],"version-history":[{"count":0,"href":"https:\/\/www.europesays.com\/no\/wp-json\/wp\/v2\/posts\/106039\/revisions"}],"wp:featuredmedia":[{"embeddable":true,"href":"https:\/\/www.europesays.com\/no\/wp-json\/wp\/v2\/media\/106040"}],"wp:attachment":[{"href":"https:\/\/www.europesays.com\/no\/wp-json\/wp\/v2\/media?parent=106039"}],"wp:term":[{"taxonomy":"category","embeddable":true,"href":"https:\/\/www.europesays.com\/no\/wp-json\/wp\/v2\/categories?post=106039"},{"taxonomy":"post_tag","embeddable":true,"href":"https:\/\/www.europesays.com\/no\/wp-json\/wp\/v2\/tags?post=106039"}],"curies":[{"name":"wp","href":"https:\/\/api.w.org\/{rel}","templated":true}]}}