{"id":106066,"date":"2025-12-06T19:57:09","date_gmt":"2025-12-06T19:57:09","guid":{"rendered":"https:\/\/www.europesays.com\/no\/106066\/"},"modified":"2025-12-06T19:57:09","modified_gmt":"2025-12-06T19:57:09","slug":"skal-vi-danse-kvartfinalist-har-147-millioner-i-formue","status":"publish","type":"post","link":"https:\/\/www.europesays.com\/no\/106066\/","title":{"rendered":"\u00abSkal vi danse\u00bb-kvartfinalist har 14,7 millioner i formue"},"content":{"rendered":"<p>Hver l\u00f8rdag denne h\u00f8sten har norske kjendiser underholdt nordmenn med sm\u00e5 kjoler, h\u00f8ye h\u00e6ler, farger, glitter og dans.\u00a0<\/p>\n<p><a href=\"https:\/\/www.tv2.no\/underholdning\/dette-tjente-kjendisene\/18344384\/\" rel=\"nofollow noopener\" target=\"_blank\">3. desember ble skattelistene offentliggjort<\/a>, og TV 2 har n\u00e5 laget en liste over alle kjendisene i \u00e5rets sesong.\u00a0<\/p>\n<p>S\u00e5 hvem har r\u00e5d til dansetimer etter at sesongen er over?<\/p>\n<p>Pengepremien hjalp p\u00e5<\/p>\n<p>Viggo Venn (36) har v\u00e6rt \u00e5pen om at han har levd p\u00e5 lusel\u00f8nn i lang tid, i fors\u00f8k p\u00e5 \u00e5 sl\u00e5 gjennom som klovn.\u00a0<\/p>\n<p>Da han vant \u00abBritain&#8217;s Got Talent\u00bb i 2023,\u00a0<a href=\"https:\/\/www.tv2.no\/underholdning\/ble-kurset-for-kongelig-mote-gikk-galt\/18311431\/\" rel=\"nofollow noopener\" target=\"_blank\">f\u00f8rte det med seg en pen pengepremie tilsvarende dr\u00f8ye 3,4 millioner kroner<\/a>.\u00a0<\/p>\n<p>Dette \u00e5pnet ogs\u00e5 for en innbringende turn\u00e9 og en rekke muligheter, og Venn har siden ogs\u00e5 dukket opp i norsk reality som \u00abForr\u00e6der\u00bb og n\u00e5 \u00abSkal vi danse\u00bb.\u00a0<\/p>\n<p>        <img class=\"image__img lazyload\" itemprop=\"image\" title=\"Foto: Aurora Pevik Haugn\u00e6ss \/ TV 2\" alt=\"SLO GJENNOM: \u00abSkal vi danse\u00bb-favoritt Viggo Venn levde etter eget utsagn p\u00e5 lommerusk f\u00f8r han til slutt slo gjennom som klovn og komiker. Foto: Aurora Pevik Haugn\u00e6ss \/ TV 2\" width=\"978\" height=\"551\" bad-src=\"https:\/\/www.europesays.com\/no\/wp-content\/uploads\/2025\/12\/18352616.webp\" fetchpriority=\"auto\" \/><\/p>\n<p>      SLO GJENNOM: \u00abSkal vi danse\u00bb-favoritt Viggo Venn levde etter eget utsagn p\u00e5 lommerusk f\u00f8r han til slutt slo gjennom som klovn og komiker.<br \/>\n         Foto: Aurora Pevik Haugn\u00e6ss \/ TV 2<\/p>\n<p>Han hadde over 2,1 millioner i formue i 2024, som er langt mer enn han hadde \u00e5ret f\u00f8r. Da var han oppf\u00f8rt med 294.000 kroner.\u00a0<\/p>\n<p>P\u00e5 inntektssiden var han oppf\u00f8rt med rundt 96.000 kroner, mot 60.000 \u00e5ret f\u00f8r. Han \u00f8nsker ikke \u00e5 kommentere privat\u00f8konomien sin overfor TV 2.<\/p>\n<p>Skiskytter og interi\u00f8rekspert p\u00e5 topp<\/p>\n<p>Tidligere justisminister Emilie Enger Mehl (32) hadde ministerl\u00f8nn fram til februar i \u00e5r, noe som dermed ogs\u00e5 sl\u00e5r ut i skattelistene for i fjor, hvor hun hadde 1,3 millioner i inntekter.\u00a0<\/p>\n<p>P\u00e5 toppen av inntektslisten er likevel interi\u00f8rekspert Halvor Bakke (55),\u00a0<a href=\"https:\/\/www.tv2.no\/underholdning\/halvor-bakke-trekker-seg-fra-skal-vi-danse\/18196684\/\" rel=\"nofollow noopener\" target=\"_blank\">som m\u00e5tte trekke seg tidlig \u00abSkal vi danse\u00bb-sesongen<\/a>.\u00a0<\/p>\n<p>Han er ogs\u00e5 h\u00f8yt oppe om du velger \u00e5 sortere etter \u00abformue\u00bb i listen du finner over i artikkelen, men han er ikke p\u00e5 topp.\u00a0<\/p>\n<p>Der er nemlig tidligere skiskytter Tiril Eckhoff (35),\u00a0<a href=\"https:\/\/www.tv2.no\/underholdning\/ute-av-skal-vi-danse-utrolig-trist\/18336710\/\" rel=\"nofollow noopener\" target=\"_blank\">som nylig kom videre til kvartfinalen av danseprogrammet<\/a>,\u00a0med svimlende 14,7 millioner i formue.\u00a0<\/p>\n<p>Det er fem deltakere som er oppf\u00f8rt med 0 kroner i formue. Blant disse er Subjekt-redakt\u00f8r Danby Choi. P\u00e5 inntektssiden har han lagt mer, med over 950.000 kroner.\u00a0<\/p>\n","protected":false},"excerpt":{"rendered":"Hver l\u00f8rdag denne h\u00f8sten har norske kjendiser underholdt nordmenn med sm\u00e5 kjoler, h\u00f8ye h\u00e6ler, farger, glitter og dans.\u00a0&hellip;\n","protected":false},"author":2,"featured_media":106067,"comment_status":"","ping_status":"","sticky":false,"template":"","format":"standard","meta":{"footnotes":""},"categories":[58],"tags":[71,30,28,29,72],"class_list":{"0":"post-106066","1":"post","2":"type-post","3":"status-publish","4":"format-standard","5":"has-post-thumbnail","7":"category-underholdning","8":"tag-entertainment","9":"tag-no","10":"tag-norge","11":"tag-norway","12":"tag-underholdning"},"share_on_mastodon":{"url":"https:\/\/pubeurope.com\/@no\/115674391657442457","error":""},"_links":{"self":[{"href":"https:\/\/www.europesays.com\/no\/wp-json\/wp\/v2\/posts\/106066","targetHints":{"allow":["GET"]}}],"collection":[{"href":"https:\/\/www.europesays.com\/no\/wp-json\/wp\/v2\/posts"}],"about":[{"href":"https:\/\/www.europesays.com\/no\/wp-json\/wp\/v2\/types\/post"}],"author":[{"embeddable":true,"href":"https:\/\/www.europesays.com\/no\/wp-json\/wp\/v2\/users\/2"}],"replies":[{"embeddable":true,"href":"https:\/\/www.europesays.com\/no\/wp-json\/wp\/v2\/comments?post=106066"}],"version-history":[{"count":0,"href":"https:\/\/www.europesays.com\/no\/wp-json\/wp\/v2\/posts\/106066\/revisions"}],"wp:featuredmedia":[{"embeddable":true,"href":"https:\/\/www.europesays.com\/no\/wp-json\/wp\/v2\/media\/106067"}],"wp:attachment":[{"href":"https:\/\/www.europesays.com\/no\/wp-json\/wp\/v2\/media?parent=106066"}],"wp:term":[{"taxonomy":"category","embeddable":true,"href":"https:\/\/www.europesays.com\/no\/wp-json\/wp\/v2\/categories?post=106066"},{"taxonomy":"post_tag","embeddable":true,"href":"https:\/\/www.europesays.com\/no\/wp-json\/wp\/v2\/tags?post=106066"}],"curies":[{"name":"wp","href":"https:\/\/api.w.org\/{rel}","templated":true}]}}