{"id":106068,"date":"2025-12-06T20:00:07","date_gmt":"2025-12-06T20:00:07","guid":{"rendered":"https:\/\/www.europesays.com\/no\/106068\/"},"modified":"2025-12-06T20:00:07","modified_gmt":"2025-12-06T20:00:07","slug":"enorme-hopp-i-byens-bilbransje-disse-tjente-best-ikke-tatt-ut-lonn-pa-ti-ar-krs-avisen-kristiansand","status":"publish","type":"post","link":"https:\/\/www.europesays.com\/no\/106068\/","title":{"rendered":"Enorme hopp i byens bilbransje \u2013 disse tjente best: \u2013 Ikke tatt ut l\u00f8nn p\u00e5 ti \u00e5r &#8211; KRS &#8211; Avisen Kristiansand"},"content":{"rendered":"<ol>\n<li><a href=\"https:\/\/news.google.com\/rss\/articles\/CBMirgFBVV95cUxPLVpxMG13RHhHcmY1cE84S2NrcGxYMWc1NkFJa2c4OUhjMmlqWnFwUUlOTmFBVzVCVGZyX0pRbWduR250d0JZazlLMHhKQV9faDhkNXJ3Zk9LRjlxWnpFeDVNMWFYRFVxaHBIQS02eXY5U0FSNHRFV1V1VVl3THdid0pUUTVlMEZELWtIUlFqV1FZVzBFTjFmeU03VGlJQmotN01TZVNobFhYNDJFSkE?oc=5\" target=\"_blank\" rel=\"nofollow noopener\">Enorme hopp i byens bilbransje \u2013 disse tjente best: \u2013 Ikke tatt ut l\u00f8nn p\u00e5 ti \u00e5r<\/a>&nbsp;&nbsp;KRS &#8211; Avisen Kristiansand<\/li>\n<li><a href=\"https:\/\/news.google.com\/rss\/articles\/CBMidkFVX3lxTE1iOHk3Njd2a2ExM2d4eXVfODBGWk55N2hQOGRZMUR2NjByYXc4alBHdXZ5LWFqYnlpVTB0VlpfbmxMelFoamNnLWhnVS1BbzFXa1VMVVF2TVBZSklmN3lpOUtmWU9zblN6WkxDVXhfdGZFb2xJWEE?oc=5\" target=\"_blank\" rel=\"nofollow noopener\">(+) Slik var inntekten i bilbransjen<\/a>&nbsp;&nbsp;ht.no<\/li>\n<li><a href=\"https:\/\/news.google.com\/rss\/articles\/CBMidEFVX3lxTE9YUU1tZWE4OE9ZVDRhUk5IbnFQUU8wTC1VV1ZsSTFZakFoRDVWeExiazItNnhQZEp0RWhaWTcyQkxueDBET1dTVFdoZWpJc2F0dnlxd0ZRUzlYZVNCaTNlSnlaRkkxaGZzZVR2TUZFWGtUSTFn?oc=5\" target=\"_blank\" rel=\"nofollow noopener\">Dette tjente importlederne og forhandlerledere<\/a>&nbsp;&nbsp;Bilnytt.no<\/li>\n<li><a href=\"https:\/\/news.google.com\/rss\/articles\/CBMib0FVX3lxTFBBYVBZV2IzYXZnY3NtSWxiVEJyN2xEYjd2RGlHRXQ5NjlUeDBnTHY0M2ZiWEw1MlBFbnlkdVM2TXZ5MlJfV0daTS1kVW1OZVJYSFJDclF0VElVNGdnMU4talpRaC1vRHd0eTAyMnlNaw?oc=5\" target=\"_blank\" rel=\"nofollow noopener\">F\u00f8rde, N\u00e6ringsliv | \u2013 Eg treng ikkje millionl\u00f8nn<\/a>&nbsp;&nbsp;Firda<\/li>\n<li><a href=\"https:\/\/news.google.com\/rss\/articles\/CBMimwFBVV95cUxQTEUyQWY1UzRfZFctRFBpdjhQUXlEbUM5dF82S3dyeDRfQ0R6VVk3VXFYdmwtVXV2RTNEeGdEY2szUzZHOFNfWGRuYXBGajZuaVZWNTNuUFZZazNtcExrTFpPeWdhRlU5UkJIQ29iWEY2RVFiaGtoOXF6RmRmM1lUV2xPR0R4bnc0TU5MYjBGMW9yc3pzVGRTUGJ3UQ?oc=5\" target=\"_blank\" rel=\"nofollow noopener\">Dette tjente bilbransjen: \u2013 Ha ha, jeg har nok v\u00e6rt n\u00f8ktern her, ja<\/a>&nbsp;&nbsp;Telemarksavisa<\/li>\n<\/ol>\n","protected":false},"excerpt":{"rendered":"Enorme hopp i byens bilbransje \u2013 disse tjente best: \u2013 Ikke tatt ut l\u00f8nn p\u00e5 ti \u00e5r&nbsp;&nbsp;KRS &#8211;&hellip;\n","protected":false},"author":2,"featured_media":106069,"comment_status":"","ping_status":"","sticky":false,"template":"","format":"standard","meta":{"footnotes":""},"categories":[56],"tags":[60,61,62,30,28,29],"class_list":{"0":"post-106068","1":"post","2":"type-post","3":"status-publish","4":"format-standard","5":"has-post-thumbnail","7":"category-naeringsliv","8":"tag-business","9":"tag-economy","10":"tag-naeringsliv","11":"tag-no","12":"tag-norge","13":"tag-norway"},"share_on_mastodon":{"url":"https:\/\/pubeurope.com\/@no\/115674403536645483","error":""},"_links":{"self":[{"href":"https:\/\/www.europesays.com\/no\/wp-json\/wp\/v2\/posts\/106068","targetHints":{"allow":["GET"]}}],"collection":[{"href":"https:\/\/www.europesays.com\/no\/wp-json\/wp\/v2\/posts"}],"about":[{"href":"https:\/\/www.europesays.com\/no\/wp-json\/wp\/v2\/types\/post"}],"author":[{"embeddable":true,"href":"https:\/\/www.europesays.com\/no\/wp-json\/wp\/v2\/users\/2"}],"replies":[{"embeddable":true,"href":"https:\/\/www.europesays.com\/no\/wp-json\/wp\/v2\/comments?post=106068"}],"version-history":[{"count":0,"href":"https:\/\/www.europesays.com\/no\/wp-json\/wp\/v2\/posts\/106068\/revisions"}],"wp:featuredmedia":[{"embeddable":true,"href":"https:\/\/www.europesays.com\/no\/wp-json\/wp\/v2\/media\/106069"}],"wp:attachment":[{"href":"https:\/\/www.europesays.com\/no\/wp-json\/wp\/v2\/media?parent=106068"}],"wp:term":[{"taxonomy":"category","embeddable":true,"href":"https:\/\/www.europesays.com\/no\/wp-json\/wp\/v2\/categories?post=106068"},{"taxonomy":"post_tag","embeddable":true,"href":"https:\/\/www.europesays.com\/no\/wp-json\/wp\/v2\/tags?post=106068"}],"curies":[{"name":"wp","href":"https:\/\/api.w.org\/{rel}","templated":true}]}}