{"id":106099,"date":"2025-12-06T20:46:16","date_gmt":"2025-12-06T20:46:16","guid":{"rendered":"https:\/\/www.europesays.com\/no\/106099\/"},"modified":"2025-12-06T20:46:16","modified_gmt":"2025-12-06T20:46:16","slug":"emma-gunnarsen-avslort-i-maskorama-fra-marionett-til-musikkstjerne","status":"publish","type":"post","link":"https:\/\/www.europesays.com\/no\/106099\/","title":{"rendered":"Emma Gunnarsen avsl\u00f8rt i Maskorama: Fra marionett til musikkstjerne"},"content":{"rendered":"<p class=\"kicker \" style=\"\">M\u00e5tte forlate \u00abMaskorama\u00bb:<\/p>\n<p>  L\u00f8rdag kveld var det Marionetten som m\u00e5tte forlate konkurransen.<\/p>\n<p>\n    UTE: Marionetten r\u00f8k ut i semifinalen. Foto: Espen Solli \/ Monster \/ NRK\n  <\/p>\n<p>Nok en maske m\u00e5tte falle under l\u00f8rdagens \u00abMaskorama\u00bb. I kveld var det Marionetten som trakk det korteste str\u00e5et, og med det m\u00e5tte forlate den spennende sangkonkurransen.<\/p>\n<p>Under det fabelaktige kostyme, var det ingen ringere enn Emma Gunnarsen (17) som skjulte seg.<\/p>\n<p>          <img loading=\"lazy\" decoding=\"async\" src=\"https:\/\/www.europesays.com\/no\/wp-content\/uploads\/2025\/12\/83949100.webp\" width=\"686\" height=\"378\" title=\"UTE: Emma Gunnarsen er n\u00e5 avsl\u00f8rt som Marionetten. Foto: Espen Solli \/ NRK\" alt=\"\" class=\"\" style=\"--aspect-ratio-image: 1.81; \"\/><\/p>\n<p>\n          UTE: Emma Gunnarsen er n\u00e5 avsl\u00f8rt som Marionetten. Foto: Espen Solli \/ NRK\n      <\/p>\n<p>&#8211; Dette er det beste jeg har opplevd. Jeg har hatt det s\u00e5 g\u00f8y, og ikke hatt en d\u00e5rlig dag. Jeg kan ikke forklare det, det har v\u00e6rt s\u00e5 g\u00f8y, og jeg er s\u00e5 takknemlig for at jeg fikk lov til \u00e5 oppleve noe s\u00e5 fint. Og \u00e5 f\u00e5 komme s\u00e5 langt. Tusen takk! sa en tydelig r\u00f8rt Emma etter at masken falt.<\/p>\n<p>          <img loading=\"lazy\" decoding=\"async\" src=\"https:\/\/www.europesays.com\/no\/wp-content\/uploads\/2025\/12\/83827358.webp\" width=\"980\" height=\"559\" title=\"SPEKTAKUL\u00c6RT: Emma Gunnarsen m\u00e5tte forlate konkurransen i kveld. Foto: Espen Solli \/ NRK\" alt=\"\" class=\"\" style=\"--aspect-ratio-image: 1.75; \"\/><\/p>\n<p>\n          SPEKTAKUL\u00c6RT: Emma Gunnarsen m\u00e5tte forlate konkurransen i kveld. Foto: Espen Solli \/ NRK\n      <\/p>\n<p>17-\u00e5ringen er lilles\u00f8steren til superstjerne-tvillingene Marcus Gunnarsen (23) og Martinus Gunnarsen (23), som hun gjorde en duett med i kveld. De sang br\u00f8drenes Eurovision-l\u00e5t \u00abUnforgettable\u00bb.<\/p>\n<p>Det har trolig aldri v\u00e6rt hennes plan \u00e5 st\u00e5 i skyggen av br\u00f8drene &#8211; for allerede som barn, satte hun kursen mot stjernene.<\/p>\n<p>          <img loading=\"lazy\" decoding=\"async\" src=\"https:\/\/www.europesays.com\/no\/wp-content\/uploads\/2025\/12\/83949066.webp\" width=\"980\" height=\"559\" title=\"DYKTIGE TVILLINGER: Marcus og Martinus Gunnarsen er to av landets fremste artister. Foto: Espen Solli \/ NRK\" alt=\"\" class=\"\" style=\"--aspect-ratio-image: 1.75; \"\/><\/p>\n<p>\n          DYKTIGE TVILLINGER: Marcus og Martinus Gunnarsen er to av landets fremste artister. Foto: Espen Solli \/ NRK\n      <\/p>\n<p class=\"font-weight-bold m-font-weight-bold\" data-lab-font_weight=\"font-weight-bold\">Hun debuterte med julesangen \u00abEngler i sne\u00bb allerede som \u00e5tte\u00e5ring, og har siden gitt ut landeplager som \u00abF\u00e5tt deg p\u00e5 hjernen\u00bb og \u00abMillion\u00bb.<\/p>\n<p>Selv om hun begynner \u00e5 bli en etablert artist, er hun ogs\u00e5 en alminnelig ten\u00e5ring som gj\u00f8r lekser, g\u00e5r p\u00e5 skole &#8211; og tar hunden Tico p\u00e5 luftetur.<\/p>\n<p>I NRK-serien Emma, som hadde premiere p\u00e5 statskanalen 21. mai 2025, f\u00e5r vi et innblikk i b\u00e5de artistkarrieren og privatlivet.\u00a0 Hun har selv uttalt at det har v\u00e6rt en \u00abhelt spesiell opplevelse \u00e5 \u00e5pne opp og dele s\u00e5 mye av livet mitt\u00bb.\u00a0<\/p>\n<p>        R\u00d8K UT: F\u00f8rste deltaker er ute av \u00e5rets \u00abMaskorama\u00bb. Video: Nrk<\/p>\n<p>Emma har allerede flere singler bak seg, men n\u00e5 har hun hoppet videre, og\u00a0 har nylig signert e<a href=\"https:\/\/www.vg.no\/rampelys\/i\/OoRP23\/ny-platekontrakt-for-emma-gunnarsen\" rel=\"nofollow noopener\" target=\"_blank\">n platekontrakt med Sony Music Norway.<\/a><\/p>\n<p>Det er ikke bare glans og lys. \u00c5 balansere skole, vennskap, trening, musikk, familie og rampelys &#8211; det er en logistikk i seg selv. Hun har sagt at det har v\u00e6rt utfordrende \u00e5 v\u00e6re s\u00e5 \u00e5pen for kamera og publikum &#8211; men ogs\u00e5 fint.\u00a0<\/p>\n<p>    <a itemprop=\"url\" href=\"https:\/\/www.seher.no\/kjendis\/reagerer-lukter-pr-stunt\/83844183\" rel=\"nofollow noopener\" target=\"_blank\"><\/p>\n<p>      <img loading=\"lazy\" decoding=\"async\" src=\"https:\/\/www.europesays.com\/no\/wp-content\/uploads\/2025\/12\/83844754.webp\" width=\"980\" height=\"441\" title=\"Reagerer: - Lukter PR-stunt\" alt=\"\" class=\"lazyload\" style=\"--aspect-ratio-image: 2.22; \"\/><\/p>\n<p>        Reagerer: &#8211; Lukter PR-stunt<\/p>\n<p>    <\/a><\/p>\n<p>Og kritikere lar seg imponere &#8211; e<a href=\"https:\/\/www.helg.no\/emma-16-far-skryt-av-vgs-anmelder-treffer-kjernemalgruppen-med-smastjernesjarm\/s\/5-24-1014132\" rel=\"nofollow noopener\" target=\"_blank\">n anmeldelse<\/a> sier at hun \u00abtreffer kjernem\u00e5lgruppen med sm\u00e5stjernesjarm\u00bb.\u00a0<\/p>\n","protected":false},"excerpt":{"rendered":"M\u00e5tte forlate \u00abMaskorama\u00bb: L\u00f8rdag kveld var det Marionetten som m\u00e5tte forlate konkurransen. UTE: Marionetten r\u00f8k ut i semifinalen.&hellip;\n","protected":false},"author":2,"featured_media":106100,"comment_status":"","ping_status":"","sticky":false,"template":"","format":"standard","meta":{"footnotes":""},"categories":[5],"tags":[20,21,4104,11204,24,25,15,19,479,22,23,17,18,13260,2693,13,30,28,29,787,14,16,26,27],"class_list":{"0":"post-106099","1":"post","2":"type-post","3":"status-publish","4":"format-standard","5":"has-post-thumbnail","7":"category-overskrifter","8":"tag-breaking-news","9":"tag-breakingnews","10":"tag-eksklusivt","11":"tag-emma-gunnarsen","12":"tag-featured-news","13":"tag-featurednews","14":"tag-headlines","15":"tag-hovedoppslag","16":"tag-kjendis","17":"tag-latest-news","18":"tag-latestnews","19":"tag-main-news","20":"tag-mainnews","21":"tag-marionetten","22":"tag-maskorama","23":"tag-news","24":"tag-no","25":"tag-norge","26":"tag-norway","27":"tag-nrk","28":"tag-nyheter","29":"tag-overskrifter","30":"tag-top-stories","31":"tag-topstories"},"share_on_mastodon":{"url":"https:\/\/pubeurope.com\/@no\/115674584710215780","error":""},"_links":{"self":[{"href":"https:\/\/www.europesays.com\/no\/wp-json\/wp\/v2\/posts\/106099","targetHints":{"allow":["GET"]}}],"collection":[{"href":"https:\/\/www.europesays.com\/no\/wp-json\/wp\/v2\/posts"}],"about":[{"href":"https:\/\/www.europesays.com\/no\/wp-json\/wp\/v2\/types\/post"}],"author":[{"embeddable":true,"href":"https:\/\/www.europesays.com\/no\/wp-json\/wp\/v2\/users\/2"}],"replies":[{"embeddable":true,"href":"https:\/\/www.europesays.com\/no\/wp-json\/wp\/v2\/comments?post=106099"}],"version-history":[{"count":0,"href":"https:\/\/www.europesays.com\/no\/wp-json\/wp\/v2\/posts\/106099\/revisions"}],"wp:featuredmedia":[{"embeddable":true,"href":"https:\/\/www.europesays.com\/no\/wp-json\/wp\/v2\/media\/106100"}],"wp:attachment":[{"href":"https:\/\/www.europesays.com\/no\/wp-json\/wp\/v2\/media?parent=106099"}],"wp:term":[{"taxonomy":"category","embeddable":true,"href":"https:\/\/www.europesays.com\/no\/wp-json\/wp\/v2\/categories?post=106099"},{"taxonomy":"post_tag","embeddable":true,"href":"https:\/\/www.europesays.com\/no\/wp-json\/wp\/v2\/tags?post=106099"}],"curies":[{"name":"wp","href":"https:\/\/api.w.org\/{rel}","templated":true}]}}