{"id":106106,"date":"2025-12-06T20:54:09","date_gmt":"2025-12-06T20:54:09","guid":{"rendered":"https:\/\/www.europesays.com\/no\/106106\/"},"modified":"2025-12-06T20:54:09","modified_gmt":"2025-12-06T20:54:09","slug":"foler-meg-kastet-under-bussen","status":"publish","type":"post","link":"https:\/\/www.europesays.com\/no\/106106\/","title":{"rendered":"\u2013 F\u00f8ler meg kastet under bussen"},"content":{"rendered":"\n<p class=\"_lead_o9xde_2 _lead_xtcu6_50 layout-component text-serif-m layout-normal text-serif-l layout-component layout-wide layout-padded _wide_17hqh_1 layout-padded\">Mohamed Salah ble benket for tredje kamp p\u00e5 rad. I et intervju med pressen etter Leeds-skuffelsen \u00e5pner stjernen opp. <\/p>\n<p> <img class=\"_image_qp4xg_65 layout-component layout-wide\" data-fullscreen- data-track-element-type=\"Article image fullscreen\" data-track-name=\"ImageFullscreen\" fetchpriority=\"high\" decoding=\"sync\" loading=\"eager\" height=\"102\" itemprop=\"image\"  src=\"https:\/\/www.europesays.com\/no\/wp-content\/uploads\/2025\/12\/746fc8d0f14c1360996642756e7b0706.jpg\"  style=\"object-position:50% 50%;aspect-ratio:1.75;height:auto;object-fit:cover;width:100%\" width=\"102\"\/>  <\/p>\n<ul aria-hidden=\"true\" class=\"_images_ntbth_112\">\n<li><a class=\"_link_ntbth_117\" href=\"https:\/\/www.vg.no\/forfatter\/benjamin-kvaale\" style=\"z-index:1\" title=\"Benjamin Kvaale\" rel=\"nofollow noopener\" target=\"_blank\"><img alt=\"Bilde av Benjamin Kvaale\" class=\"_image_ntbth_93\" fetchpriority=\"low\" loading=\"lazy\" decoding=\"async\" itemprop=\"image\"  src=\"https:\/\/www.europesays.com\/no\/wp-content\/uploads\/2025\/12\/1765054448_949_21fe9a1c-5915-4269-bbd5-7feeec1fa8ae\"  width=\"480\"\/><\/a><\/li>\n<\/ul>\n<p> Oppdatert l\u00f8rdag 6. desember kl. 21:52     <\/p>\n<p class=\"_paragraph_o9xde_4 _paragraph_xtcu6_10 layout-component text-serif-m layout-normal text-serif-m layout-padded\">\u2013 Jeg kan ikke tro det, jeg er veldig skuffet. Jeg har gjort s\u00e5 mye for denne klubben alle kan se det gjennom \u00e5rene, spesielt forrige sesong. \u00c5 sitte p\u00e5 benken, jeg vet ikke hvorfor. Jeg f\u00f8ler at klubben kaster meg under bussen. Det er s\u00e5nn jeg f\u00f8ler det, sier Salah. <\/p>\n<p class=\"_paragraph_o9xde_4 _paragraph_xtcu6_10 layout-component text-serif-m layout-normal text-serif-m layout-padded\">\u2013 Jeg sa mange ganger f\u00f8r at jeg har et godt forhold med manageren, plutselig har vi ikke noe forhold, jeg vet ikke hvorfor, fortsetter han. <\/p>\n<p class=\"_paragraph_o9xde_4 _paragraph_xtcu6_10 layout-component text-serif-m layout-normal text-serif-m layout-padded\">Egypteren er klar p\u00e5 at han m\u00e5 f\u00e5 mer spilletid fremover. <\/p>\n<p class=\"_paragraph_o9xde_4 _paragraph_xtcu6_10 layout-component text-serif-m layout-normal text-serif-m layout-padded\">\u2013 Det er ikke akseptabelt for meg, skal jeg v\u00e6re \u00e6rlig. Jeg vet ikke hvorfor det alltid skjer med meg. \u00abVi kaster Mo under bussen, for han er problemet\u00bb. Jeg synes ikke at jeg er problemet, sier han om vrakingen. <\/p>\n<p><img alt=\"TUNG START: Salah har blitt kritisert siden starten av \u00e5rets sesong. Han st\u00e5r med fire m\u00e5l og to assist i Premier League denne h\u00f8sten.   Foto: PAUL ELLIS \/ AFP \/ NTB\" class=\"_image_qp4xg_65 layout-component layout-normal\" data-fullscreen- data-track-element-type=\"Article image fullscreen\" data-track-name=\"ImageFullscreen\" decoding=\"async\" loading=\"lazy\" height=\"3402\" itemprop=\"image\"  src=\"https:\/\/www.europesays.com\/no\/wp-content\/uploads\/2025\/12\/e7147e4b-9a82-4ed6-ae6a-9f18ca029026\"  style=\"object-position:0% 0%\" width=\"5000\"\/>TUNG START: Salah har blitt kritisert siden starten av \u00e5rets sesong. Han st\u00e5r med fire m\u00e5l og to assist i Premier League denne h\u00f8sten.   Foto: PAUL ELLIS \/ AFP \/ NTB<\/p>\n<p class=\"_paragraph_o9xde_4 _paragraph_xtcu6_10 layout-component text-serif-m layout-normal text-serif-m layout-padded\">Neste Premier League-kamp for Liverpool er hjemme mot Brighton. Etter den skal Salah til Afrika for \u00e5 spille afrikamesterskap for Egypt. <\/p>\n<p class=\"_paragraph_o9xde_4 _paragraph_xtcu6_10 layout-component text-serif-m layout-normal text-serif-m layout-padded\">\u2013 Jeg ringte moren min i g\u00e5r, dere visste ikke at jeg ikke skulle starte i dag, det visste jeg. Jeg sa kom til Brighton-kampen, det spiller ingen rolle om jeg spiller eller ikke, jeg f\u00e5r nyte det. Vi f\u00e5r se hva som skjer, i mitt hode skal jeg nyte den uansett, for jeg vet ikke hva som skjer uansett. Kampen blir p\u00e5 Anfield, s\u00e5 det blir mitt adj\u00f8 f\u00f8r jeg drar til AFCON, sier Salah. <\/p>\n<p class=\"_paragraph_o9xde_4 _paragraph_xtcu6_10 layout-component text-serif-m layout-normal text-serif-m layout-padded\">Liverpool har kun vunnet to av sine siste ti kamper i Premier League, og presset p\u00e5 Liverpool-manager Arne Slot \u00f8ker. <\/p>\n<p class=\"_paragraph_o9xde_4 _paragraph_xtcu6_10 layout-component text-serif-m layout-normal text-serif-m layout-padded\">\u2013 Han legger hodet litt p\u00e5 blokka, Arne Slot. De er inne i en d\u00e5rlig periode. Det er en t\u00f8ff avgj\u00f8relse \u00e5 ta, sier P\u00e5l Andr\u00e9 Helland om vrakingen, i Viaplay-studio. <\/p>\n<p><img alt=\"Foto: Chris Radburn \/ Reuters \/ NTB\" class=\"_image_qp4xg_65 layout-component layout-normal\" data-fullscreen- data-track-element-type=\"Article image fullscreen\" data-track-name=\"ImageFullscreen\" decoding=\"async\" loading=\"lazy\" height=\"1793\" itemprop=\"image\"  src=\"https:\/\/www.europesays.com\/no\/wp-content\/uploads\/2025\/12\/826e96c5-654f-4899-804b-1915e3f54b07\"  style=\"object-position:0% 0%\" width=\"2553\"\/>Foto: Chris Radburn \/ Reuters \/ NTB<\/p>\n<p class=\"_paragraph_o9xde_4 _paragraph_xtcu6_10 layout-component text-serif-m layout-normal text-serif-m layout-padded\">Denne uken endte det med uavgjort mot nyopprykkede Sunderland og Leeds. <\/p>\n<p class=\"_paragraph_o9xde_4 _paragraph_xtcu6_10 layout-component text-serif-m layout-normal text-serif-m layout-padded\">\u2013 Klarer man \u00e5 f\u00e5 resultater, snur det for Liverpool, da kan man si det er et sjakktrekk. Det var det klubben trengte, ut med Salah som er ute av form. Du viser ledelse og standhaftighet. I andre enden n\u00e5r du taper, blir det veldig forsterket. Du tar ut den st\u00f8rste stjernen, det st\u00f8rste ikonet, s\u00e5 f\u00e5r du heller ikke resultat. Hva sitter du igjen med da, sp\u00f8r Helland.  <\/p>\n<p class=\"_paragraph_o9xde_4 _paragraph_xtcu6_10 layout-component text-serif-m layout-normal text-serif-m layout-padded\">VG oppdaterer saken! <\/p>\n","protected":false},"excerpt":{"rendered":"Mohamed Salah ble benket for tredje kamp p\u00e5 rad. I et intervju med pressen etter Leeds-skuffelsen \u00e5pner stjernen&hellip;\n","protected":false},"author":2,"featured_media":106107,"comment_status":"","ping_status":"","sticky":false,"template":"","format":"standard","meta":{"footnotes":""},"categories":[59],"tags":[114,4144,30,28,29,161,83,82],"class_list":{"0":"post-106106","1":"post","2":"type-post","3":"status-publish","4":"format-standard","5":"has-post-thumbnail","7":"category-sport","8":"tag-liverpool-fc","9":"tag-mohamed-salah","10":"tag-no","11":"tag-norge","12":"tag-norway","13":"tag-premier-league","14":"tag-sport","15":"tag-sports"},"share_on_mastodon":{"url":"https:\/\/pubeurope.com\/@no\/115674616013736279","error":""},"_links":{"self":[{"href":"https:\/\/www.europesays.com\/no\/wp-json\/wp\/v2\/posts\/106106","targetHints":{"allow":["GET"]}}],"collection":[{"href":"https:\/\/www.europesays.com\/no\/wp-json\/wp\/v2\/posts"}],"about":[{"href":"https:\/\/www.europesays.com\/no\/wp-json\/wp\/v2\/types\/post"}],"author":[{"embeddable":true,"href":"https:\/\/www.europesays.com\/no\/wp-json\/wp\/v2\/users\/2"}],"replies":[{"embeddable":true,"href":"https:\/\/www.europesays.com\/no\/wp-json\/wp\/v2\/comments?post=106106"}],"version-history":[{"count":0,"href":"https:\/\/www.europesays.com\/no\/wp-json\/wp\/v2\/posts\/106106\/revisions"}],"wp:featuredmedia":[{"embeddable":true,"href":"https:\/\/www.europesays.com\/no\/wp-json\/wp\/v2\/media\/106107"}],"wp:attachment":[{"href":"https:\/\/www.europesays.com\/no\/wp-json\/wp\/v2\/media?parent=106106"}],"wp:term":[{"taxonomy":"category","embeddable":true,"href":"https:\/\/www.europesays.com\/no\/wp-json\/wp\/v2\/categories?post=106106"},{"taxonomy":"post_tag","embeddable":true,"href":"https:\/\/www.europesays.com\/no\/wp-json\/wp\/v2\/tags?post=106106"}],"curies":[{"name":"wp","href":"https:\/\/api.w.org\/{rel}","templated":true}]}}