{"id":106114,"date":"2025-12-06T21:07:16","date_gmt":"2025-12-06T21:07:16","guid":{"rendered":"https:\/\/www.europesays.com\/no\/106114\/"},"modified":"2025-12-06T21:07:16","modified_gmt":"2025-12-06T21:07:16","slug":"jenny-huse-deler-skremmende-opplevelse","status":"publish","type":"post","link":"https:\/\/www.europesays.com\/no\/106114\/","title":{"rendered":"Jenny Huse deler skremmende opplevelse"},"content":{"rendered":"<p>  &#8211; Trump liker ikke Europa, uttaler USA-ekspert om ny amerikansk sikkerhetsstrategi som kaller europeiske allierte \u00absvake\u00bb.<\/p>\n<p>\n    NY STRATEGI: Den amerikanske administrasjonen med president Donald Trump i spissen har vedtatt en ny nasjonal strategi for \u00e5 blant annet fremme \u00abAmerika f\u00f8rst\u00bb. Foto: Brendan Smialowski \/ AFP \/ NTB\n  <\/p>\n<p>Fredag la den amerikanske administrasjonen <a href=\"https:\/\/www.dagbladet.no\/nyheter\/hevder-europa-risikerer-utslettelse-katastrofalt\/83946910\" target=\"_blank\" rel=\"nofollow noopener\">fram en ny nasjonal sikkerhetsstrategi som omtaler deres europeiske allierte som\u00a0\u00absvake\u00bb<\/a>\u00a0og som tar til orde for at USA skal ha forrang p\u00e5 den vestlige halvkule.\u00a0<\/p>\n<p> Det konkluderes med at h\u00f8y innvandring, fallende f\u00f8dselsrater og \u00abtap av nasjonal identitet og selvtillit\u00bb kan f\u00f8re til \u00absivilisasjonsutslettelse\u00bb i Europa. <\/p>\n<p> Videre hevdes det at det er sensur av ytringsfrihet og undertrykkelse av politisk opposisjon i Europa, og EU anklages for \u00e5 ha hovedansvaret for dette. <\/p>\n<p>        HARDT UT: Mens forsvarsminister Pete Hegseth viste til \u00abkrigens t\u00e5ke\u00bb i forsvar for det s\u00e5kalte \u00abdobbeltangrepet\u00bb mot en p\u00e5st\u00e5tt narkob\u00e5t, svarte Donald Trump p\u00e5 denne m\u00e5ten i Det hvite hus. Reporter: Jostein Sletten \/ Dagbladet<\/p>\n<p> &#8211; Dersom den n\u00e5v\u00e6rende trenden fortsetter, vil kontintentet v\u00e6re ugjenkjennelig om 20 \u00e5r eller mindre. Derfor er det langt fra opplagt om enkelte europeiske land vil ha \u00f8konomier og forsvar som er sterke nok til \u00e5 forbli p\u00e5litelige allierte, heter det i dokumentet som er undertegnet av USAs president Donald Trump. <\/p>\n<p>If\u00f8lge <a href=\"https:\/\/news.sky.com\/story\/white-house-europe-unrecognisable-in-20-years-or-less-13479931\" target=\"_blank\" rel=\"nofollow noopener\">Sky News<\/a>, skisserer det nye 33-siders dokumentet en tydelig snuoperasjon av amerikanske utenrikspolitiske m\u00e5l og prioriteringer som stort sett har st\u00e5tt uendret gjennom forskjellige administrasjoner de siste ti\u00e5rene.\u00a0<\/p>\n<p>    <a itemprop=\"url\" href=\"https:\/\/www.dagbladet.no\/nyheter\/hevder-europa-risikerer-utslettelse-katastrofalt\/83946910\" rel=\"nofollow noopener\" target=\"_blank\"><\/p>\n<p>      <img loading=\"lazy\" decoding=\"async\" src=\"https:\/\/www.europesays.com\/no\/wp-content\/uploads\/2025\/12\/83946916.webp\" width=\"980\" height=\"441\" title=\"Hevder Europa risikerer utslettelse: - Katastrofalt\" alt=\"\" class=\"lazyload\" style=\"--aspect-ratio-image: 2.22; \"\/><\/p>\n<p>        Hevder Europa risikerer utslettelse: &#8211; Katastrofalt<\/p>\n<p>    <\/a><\/p>\n<p>Vekker oppsikt<\/p>\n<p data-lab-font_weight=\"\">&#8211; Den er temmelig oppsiktsvekkende. At Trump-administrasjonen ikke liker Europa, skinner ganske klart gjennom, sier Hilmar Mjelde, professor i statsvitenskap ved H\u00f8gskulen p\u00e5 Vestlandet, til Dagbladet.<\/p>\n<p class=\"font-weight-bold m-font-weight-bold\" data-lab-font_weight=\"font-weight-bold\">Han mener at Trump legger seg p\u00e5 linja med europeiske h\u00f8yrepopulister og deres syn p\u00e5 dagens flerkulturelle samfunn om at det\u00a0\u00abekte\u00bb Europa \u00f8delegges av innvandring og st\u00e5r p\u00e5 randen av sammenbrudd.\u00a0<\/p>\n<p>If\u00f8lge Mjelde ser presidenten vekk ifra det historiske samarbeidet mellom Europa og USA.\u00a0<\/p>\n<p>&#8211;\u00a0Trump er ikke opptatt av de historiske og kulturelle b\u00e5ndene mellom Europa og USA. Trumps utenrikspolitikk handler om \u00abdeals\u00bb og dollars. Derfor blir Europa stemoderlig behandlet i hans nye strategi, sier Mjelde.<\/p>\n<p>    <a itemprop=\"url\" href=\"https:\/\/www.dagbladet.no\/nyheter\/krig-med-europa-er-uunngaelig\/83942078\" rel=\"nofollow noopener\" target=\"_blank\"><\/p>\n<p>      <img loading=\"lazy\" decoding=\"async\" src=\"https:\/\/www.europesays.com\/no\/wp-content\/uploads\/2025\/12\/1765055233_966_83942516.webp\" width=\"980\" height=\"441\" title=\"- Krig med Europa er uunng\u00e5elig\" alt=\"\" class=\"lazyload\" style=\"--aspect-ratio-image: 2.22; \"\/><\/p>\n<p>        &#8211; Krig med Europa er uunng\u00e5elig<\/p>\n<p>    <\/a><\/p>\n<p>&#8211; Kjent stoff  <\/p>\n<p> If\u00f8lge\u00a0<a href=\"https:\/\/edition.cnn.com\/2025\/12\/05\/europe\/trump-national-security-plan-europe-latam-intl\" target=\"_blank\" rel=\"nofollow noopener\">CNN<\/a>\u00a0blir Russland servert en gavepakke gjennom oppfordringen i dokumentet om \u00e5\u00a0\u00abavslutte oppfatningen av, og forhindre realiteten av, Nato som en stadig voksende allianse\u00bb.<\/p>\n<p>Dokumentet tar til orde for at det er n\u00f8dvendig for USA \u00e5 bidra til \u00e5 forhindre at\u00a0\u00abenkelte Nato-medlemmer f\u00e5r en ikke-europeisk majoritet\u00bb.\u00a0<\/p>\n<p>USA framstilles dessuten ikke som en Nato-alliert til Europa, men som en mekler \u00abfor \u00e5 redusere risikoen for konflikt mellom Russland og europeiske stater\u00bb. <\/p>\n<p>If\u00f8lge Mjelde er ikke retorikken ukjent farvann.\u00a0<\/p>\n<p class=\"font-weight-bold m-font-weight-bold\" data-lab-font_weight=\"font-weight-bold\">&#8211; Motviljen mot Nato er ogs\u00e5 kjent stoff. Trump ser p\u00e5 de andre Nato-landene som klientstater av USA som ikke gir USA noe av verdi tilbake. Trump ser p\u00e5 Nato som et hinder for hans fors\u00f8k p\u00e5 \u00e5 rehabilitere forholdet til Putin.\u00a0<\/p>\n<p>Dokumentet lister opp en l\u00f8sning om\u00a0\u00abet rask opph\u00f8r av fiendtlighetene i Ukraina\u00bb, gjenopprettelse av \u00abstrategisk stabilitet\u00bb med Russland, og Ukrainas \u00aboverlevelse som en levedyktig stat\u00bb.\u00a0<\/p>\n<p>Nyhetsbyr\u00e5et AP skriver at innholdet i strategien forsterker, i tidvis skremmende og krigerste vendinger, Trumps\u00a0\u00abAmerika f\u00f8rst\u00bb-filosofi, som tar til orde for ikke-intervensjon utenfor USA, og stiller sp\u00f8rsm\u00e5l ved ti\u00e5r med strategiske relasjoner og prioriterer USAs interesser.\u00a0<\/p>\n<p>    <a itemprop=\"url\" href=\"https:\/\/www.dagbladet.no\/nyheter\/stort-russisk-angrep-i-natt\/83947508\" rel=\"nofollow noopener\" target=\"_blank\"><\/p>\n<p>      <img loading=\"lazy\" decoding=\"async\" src=\"https:\/\/www.europesays.com\/no\/wp-content\/uploads\/2025\/12\/83947516.webp\" width=\"980\" height=\"441\" title=\"Stort russisk angrep i natt\" alt=\"\" class=\"lazyload\" style=\"--aspect-ratio-image: 2.22; \"\/><\/p>\n<p>        Stort russisk angrep i natt<\/p>\n<p>    <\/a><\/p>\n<p>Maner til forsiktighet<\/p>\n<p>USA-eksperten sier imidlertid at den nye amerikanske strategien ikke m\u00e5 f\u00e5 for mye fokus.\u00a0<\/p>\n<p>&#8211; Vi skal imidlertid ikke tillegge slike strategidokumenter veldig stor betydning. Amerikansk utenrikspolitikk handler mye mer om \u00e5 reagere p\u00e5 kriser og hendelser i verden enn \u00e5 sette en planlagt strategi ut i livet, sier Mjelde som oppfordrer til europeisk m\u00e5teholdenhet.\u00a0<\/p>\n<p>&#8211; Det er ogs\u00e5 viktig at europeerne ikke overreagerer p\u00e5 et dokument som dette. N\u00e5r EU-lederne snakker om at Europa m\u00e5 bli mer uavhengig av USA i utenrikspolitikken, s\u00e5 gir de ogs\u00e5 Trump tillatelse til \u00e5 nedprioritere Europa, utdyper han.\u00a0<\/p>\n<p>    <a itemprop=\"url\" href=\"https:\/\/www.dagbladet.no\/nyheter\/nye-detaljer-sendte-ikke-nodanrop\/83942397\" rel=\"nofollow noopener\" target=\"_blank\"><\/p>\n<p>      <img loading=\"lazy\" decoding=\"async\" src=\"https:\/\/www.europesays.com\/no\/wp-content\/uploads\/2025\/12\/83943293.webp\" width=\"980\" height=\"441\" title=\"Nye detaljer: Sendte ikke n\u00f8danrop\" alt=\"\" class=\"lazyload\" style=\"--aspect-ratio-image: 2.22; \"\/><\/p>\n<p>        Nye detaljer: Sendte ikke n\u00f8danrop<\/p>\n<p>    <\/a><\/p>\n<p>EUs fremste allierte<\/p>\n<p>L\u00f8rdag understreker EUs utenrikssjef, Kaja Kallas, at USA fortsatt er EUs fremste allierte, til tross for den amerikanske administrasjonens utspill.<\/p>\n<p>&#8211; Selvf\u00f8lgelig er det mye kritikk, men jeg tror noe av den ogs\u00e5 er berettiget, sier Kallas under Doha Forum, et forum for politisk dialog som samler ledere innen politikk for \u00e5 diskutere viktige utfordringer verden st\u00e5r overfor.<\/p>\n<p class=\"no_italic m-no_italic font-weight-bold m-font-weight-bold\" data-lab-italic=\"\" data-lab-font_weight=\"font-weight-bold\"> Hun er imidlertid ikke bekymret. <\/p>\n<p>&#8211; USA er fortsatt v\u00e5r fremste allierte. Jeg tror ikke vi alltid har v\u00e6rt enige om ulike temaer, men jeg tror det overordnede prinsippet fortsatt er der, sier hun.<\/p>\n<p>&#8211; Vi er n\u00e6re allierte, og vi b\u00f8r holde sammen.<\/p>\n","protected":false},"excerpt":{"rendered":"&#8211; Trump liker ikke Europa, uttaler USA-ekspert om ny amerikansk sikkerhetsstrategi som kaller europeiske allierte \u00absvake\u00bb. NY STRATEGI:&hellip;\n","protected":false},"author":2,"featured_media":106115,"comment_status":"","ping_status":"","sticky":false,"template":"","format":"standard","meta":{"footnotes":""},"categories":[5],"tags":[20,21,24,25,15,19,22,23,17,18,13,30,28,29,14,16,26,27,412],"class_list":{"0":"post-106114","1":"post","2":"type-post","3":"status-publish","4":"format-standard","5":"has-post-thumbnail","7":"category-overskrifter","8":"tag-breaking-news","9":"tag-breakingnews","10":"tag-featured-news","11":"tag-featurednews","12":"tag-headlines","13":"tag-hovedoppslag","14":"tag-latest-news","15":"tag-latestnews","16":"tag-main-news","17":"tag-mainnews","18":"tag-news","19":"tag-no","20":"tag-norge","21":"tag-norway","22":"tag-nyheter","23":"tag-overskrifter","24":"tag-top-stories","25":"tag-topstories","26":"tag-utenriks"},"share_on_mastodon":{"url":"https:\/\/pubeurope.com\/@no\/115674667575994970","error":""},"_links":{"self":[{"href":"https:\/\/www.europesays.com\/no\/wp-json\/wp\/v2\/posts\/106114","targetHints":{"allow":["GET"]}}],"collection":[{"href":"https:\/\/www.europesays.com\/no\/wp-json\/wp\/v2\/posts"}],"about":[{"href":"https:\/\/www.europesays.com\/no\/wp-json\/wp\/v2\/types\/post"}],"author":[{"embeddable":true,"href":"https:\/\/www.europesays.com\/no\/wp-json\/wp\/v2\/users\/2"}],"replies":[{"embeddable":true,"href":"https:\/\/www.europesays.com\/no\/wp-json\/wp\/v2\/comments?post=106114"}],"version-history":[{"count":0,"href":"https:\/\/www.europesays.com\/no\/wp-json\/wp\/v2\/posts\/106114\/revisions"}],"wp:featuredmedia":[{"embeddable":true,"href":"https:\/\/www.europesays.com\/no\/wp-json\/wp\/v2\/media\/106115"}],"wp:attachment":[{"href":"https:\/\/www.europesays.com\/no\/wp-json\/wp\/v2\/media?parent=106114"}],"wp:term":[{"taxonomy":"category","embeddable":true,"href":"https:\/\/www.europesays.com\/no\/wp-json\/wp\/v2\/categories?post=106114"},{"taxonomy":"post_tag","embeddable":true,"href":"https:\/\/www.europesays.com\/no\/wp-json\/wp\/v2\/tags?post=106114"}],"curies":[{"name":"wp","href":"https:\/\/api.w.org\/{rel}","templated":true}]}}