{"id":106116,"date":"2025-12-06T21:08:10","date_gmt":"2025-12-06T21:08:10","guid":{"rendered":"https:\/\/www.europesays.com\/no\/106116\/"},"modified":"2025-12-06T21:08:10","modified_gmt":"2025-12-06T21:08:10","slug":"henny-reistad-savnet-vm-bag-i-fire-dogn-helt-sykt","status":"publish","type":"post","link":"https:\/\/www.europesays.com\/no\/106116\/","title":{"rendered":"Henny Reistad savnet VM-bag i fire d\u00f8gn: \u2013 Helt sykt"},"content":{"rendered":"\n<p class=\"_lead_o9xde_2 _lead_xtcu6_50 layout-component text-serif-m layout-normal text-serif-l layout-component layout-wide layout-padded _wide_17hqh_1 layout-padded\">Henny Reistad har ikke savnet annet enn bagasjen i VM.<\/p>\n<p><img alt=\" Foto: Jostein Overvik\" class=\"_image_qp4xg_65 layout-component layout-wide\" data-fullscreen- data-track-element-type=\"Article image fullscreen\" data-track-name=\"ImageFullscreen\" fetchpriority=\"high\" decoding=\"sync\" loading=\"eager\" height=\"2703\" itemprop=\"image\"  src=\"https:\/\/www.europesays.com\/no\/wp-content\/uploads\/2025\/12\/b4903d43-508b-41ee-87d5-6762fa5d86e2\"  style=\"object-position:0% 0%\" width=\"4136\"\/> Foto: Jostein Overvik<\/p>\n<ul aria-hidden=\"true\" class=\"_images_ntbth_112\">\n<li><a class=\"_link_ntbth_117\" href=\"https:\/\/www.vg.no\/forfatter\/jostein-overvik\" style=\"z-index:1\" title=\"Jostein Overvik\" rel=\"nofollow noopener\" target=\"_blank\"><img alt=\"Bilde av Jostein Overvik\" class=\"_image_ntbth_93\" fetchpriority=\"low\" loading=\"lazy\" decoding=\"async\" itemprop=\"image\"  src=\"https:\/\/www.europesays.com\/no\/wp-content\/uploads\/2025\/12\/1765055290_927_9167fa6a-7320-4d6f-b3c9-6c4ecb8beb8c\"  width=\"480\"\/><\/a><\/li>\n<\/ul>\n<p>Rapporterer fra Dortmund Oppdatert l\u00f8rdag 6. desember kl. 21:25    <\/p>\n<ul class=\"_list_o9xde_3 _list_64s2r_85 _unordered_o9xde_106 text-sans-m\">\n<li class=\"_item_o9xde_30\">Henny Reistad har savnet julekalenderen mest fra den forsvunnede bagasjen i VM.<\/li>\n<li class=\"_item_o9xde_30\">Bagasjen ble funnet p\u00e5 VM-hotellet i Trier etter fem dager.<\/li>\n<li class=\"_item_o9xde_30\">Reistad har l\u00e5nt utstyr fra lagvenninner de siste dagene.<\/li>\n<li class=\"_item_o9xde_30\">S\u00f8ndag spiller Norge mot Brasil i finalen av hovedrunden.<\/li>\n<\/ul>\n<p>Vis mer <\/p>\n<p class=\"_paragraph_o9xde_4 _paragraph_xtcu6_10 layout-component text-serif-m layout-normal text-serif-m layout-padded\">\u2013 Det er deilig. Veldig deilig. N\u00e5 kan ting g\u00e5 som normalt igjen, sier landslagskapteinen til VG. Hun l\u00f8p lykkelig hjem til spillerhotellet gjennom regnbygene etter m\u00f8tet med pressen l\u00f8rdag formiddag. <\/p>\n<p class=\"_paragraph_o9xde_4 _paragraph_xtcu6_10 layout-component text-serif-m layout-normal text-serif-m layout-padded\">\u2013 Jeg har m\u00e5tte l\u00e5ne mange ting av andre de siste dagene. Jeg har f\u00e5tt lov til \u00e5 vaske litt ekstra, forteller hun. <a href=\"https:\/\/www.tv2.no\/sport\/h%C3%A5ndball\/hodebry-i-kulissene-sporlost-forsvunnet\/18357220\/\" class=\"_link_o9xde_39\" rel=\"nofollow noopener\" target=\"_blank\">TV 2<\/a> omtalte saken f\u00f8rst.<\/p>\n<p class=\"_paragraph_o9xde_4 _paragraph_xtcu6_10 layout-component text-serif-m layout-normal text-serif-m layout-padded\">Etter Tsjekkia-seieren fredag kalte hun det \u00abganske kjipt\u00bb \u00e5 v\u00e6re skilt fra 23 kg personlig bagasje.<\/p>\n<p class=\"_paragraph_o9xde_4 _paragraph_xtcu6_10 layout-component text-serif-m layout-normal text-serif-m layout-padded\">\u2013 Arrang\u00f8ren skulle ta seg av dette. Jeg er overrasket over hvordan det g\u00e5r an. Den var ikke \u00e5 oppdrive, sier hun.<\/p>\n<p class=\"_paragraph_o9xde_4 _paragraph_xtcu6_10 layout-component text-serif-m layout-normal text-serif-m layout-padded\"><strong class=\"_strong_o9xde_25\">N\u00e5 viser det seg at Reistads bagasje har st\u00e5tt igjen p\u00e5 VM-hotellet Park Plaza Trier i fem d\u00f8gn.<\/strong><\/p>\n<p class=\"_paragraph_o9xde_4 _paragraph_xtcu6_10 layout-component text-serif-m layout-normal text-serif-m layout-padded\">\u2013 Det er skikkelig d\u00e5rlig letearbeid. Det er helt sykt, mener lagvenninnen Veronica Kristiansen.<\/p>\n<p class=\"_paragraph_o9xde_4 _paragraph_xtcu6_10 layout-component text-serif-m layout-normal text-serif-m layout-padded\">Reistads store bag skulle mandag kveld v\u00e6rt sendt med VM-arrang\u00f8rens transport de 25 milene mellom Trier og Dortmund. Men dukket aldri opp sammen med Norges \u00f8vrige bagasje i Ruhrs storby.<\/p>\n<p class=\"_paragraph_o9xde_4 _paragraph_xtcu6_10 layout-component text-serif-m layout-normal text-serif-m layout-padded\">\u2013 Det er veldig sjelden man opplever noe s\u00e5nt. Det kan jo skje n\u00e5r du flyr. Men n\u00e5r det skal kj\u00f8res i buss i tre timer? Det er veldig rart og gir jo ikke noe mening, sier Kristiansen.<\/p>\n<p class=\"_paragraph_o9xde_4 _paragraph_xtcu6_10 layout-component text-serif-m layout-normal text-serif-m layout-padded\"><strong class=\"_strong_o9xde_25\">Fredag spilte b\u00e5de hun Nora M\u00f8rk sine landskamp nummer 200. Jubileumsgaven fra medspillerne har ligget i Henny Reistads bagasje. Den kunne heller ikke overrekkes fredag kveld.<\/strong><\/p>\n<p class=\"_paragraph_o9xde_4 _paragraph_xtcu6_10 layout-component text-serif-m layout-normal text-serif-m layout-padded\">\u2013 Ha, ha. Men n\u00e5 f\u00e5r vi den. Spennende, ler Kristiansen.<\/p>\n<p class=\"_paragraph_o9xde_4 _paragraph_xtcu6_10 layout-component text-serif-m layout-normal text-serif-m layout-padded\">Henny Reistad er ikke i tvil om hva hun har savnet mest fra bagen.<\/p>\n<p class=\"_paragraph_o9xde_4 _paragraph_xtcu6_10 layout-component text-serif-m layout-normal text-serif-m layout-padded\">\u2013 Julekalenderen fra mamma og fra kj\u00e6resten, svarer hun. Sist sommer bekreftet Reistad at hun er sammen med Andreas S\u00f8gaard, en dansk h\u00e5ndballspiller i Ribe-Esbjerg.<\/p>\n<p class=\"_paragraph_o9xde_4 _paragraph_xtcu6_10 layout-component text-serif-m layout-normal text-serif-m layout-padded\"><strong class=\"_strong_o9xde_25\">\u2013 N\u00e5 blir det pakke-kalas, smiler hun.<\/strong><\/p>\n<p class=\"_paragraph_o9xde_4 _paragraph_xtcu6_10 layout-component text-serif-m layout-normal text-serif-m layout-padded\"><a href=\"https:\/\/www.vg.no\/sport\/i\/Okn8wl\/overkjoerte-tsjekkia-deilig-aa-se\" data-track-element-type=\"Link\" data-track-id=\"link:Okn8wl\" class=\"_link_o9xde_39\" rel=\"nofollow noopener\" target=\"_blank\">Mot Tsjekkia fredag spilte Henny Reistad for f\u00f8rste gang i VM lange perioder sammen med Nora M\u00f8rk. <\/a>De fant hver andre godt.<\/p>\n<p class=\"_paragraph_o9xde_4 _paragraph_xtcu6_10 layout-component text-serif-m layout-normal text-serif-m layout-padded\">\u2013 Det som gleder meg mest med denne kampen er at systemene v\u00e5re fungerer. I mesterskap har vi ikke s\u00e5 mange h\u00e5ndballtreninger. Vi m\u00e5 snakke oss frem til l\u00f8sninger. Da er det g\u00f8y \u00e5 klare det, beskriver hun.<\/p>\n<p class=\"_paragraph_o9xde_4 _paragraph_xtcu6_10 layout-component text-serif-m layout-normal text-serif-m layout-padded\"><strong class=\"_strong_o9xde_25\">S\u00f8ndag venter finalen av hovedrunden mot Brasil (kl. 20.30 TV3 \/ Viaplay).<\/strong><\/p>\n<p class=\"_paragraph_o9xde_4 _paragraph_xtcu6_10 layout-component text-serif-m layout-normal text-serif-m layout-padded\">\u2013 Begge lag er sikret kvartfinale. Jeg synes definitivt det er viktig \u00e5 f\u00e5 1.-plassen (i hovedrunden). Det blir g\u00f8y med en annen utfordring. <\/p>\n<p class=\"_paragraph_o9xde_4 _paragraph_xtcu6_10 layout-component text-serif-m layout-normal text-serif-m layout-padded\">I VM for to \u00e5r siden fikk Norge problemer etter fem strake seire med store sifre. I kamp seks ble det tap for Frankrike.<\/p>\n<p class=\"_paragraph_o9xde_4 _paragraph_xtcu6_10 layout-component text-serif-m layout-normal text-serif-m layout-padded\">\u2013 Det har vi l\u00e6rt av, lover kapteinen.<\/p>\n<p class=\"_paragraph_o9xde_4 _paragraph_xtcu6_10 layout-component text-serif-m layout-normal text-serif-m layout-padded\">\u2013 N\u00e5 blir det t\u00f8ffere Det er bra at vi har gjort jobben her, men s\u00e5 vet vi at vi kommer til \u00e5 bli utfordret p\u00e5 andre ting n\u00e5r vi m\u00f8ter bedre motstand, sier Henny Reistad.<\/p>\n<p class=\"_paragraph_o9xde_4 _paragraph_xtcu6_10 layout-component text-serif-m layout-normal text-serif-m layout-padded\"><strong class=\"_strong_o9xde_25\">Som m\u00f8ter Brasil med fem seire i bagasjen.<\/strong><\/p>\n","protected":false},"excerpt":{"rendered":"Henny Reistad har ikke savnet annet enn bagasjen i VM. Foto: Jostein Overvik Rapporterer fra Dortmund Oppdatert l\u00f8rdag&hellip;\n","protected":false},"author":2,"featured_media":106117,"comment_status":"","ping_status":"","sticky":false,"template":"","format":"standard","meta":{"footnotes":""},"categories":[59],"tags":[105,9443,8985,1528,30,28,29,83,82],"class_list":{"0":"post-106116","1":"post","2":"type-post","3":"status-publish","4":"format-standard","5":"has-post-thumbnail","7":"category-sport","8":"tag-handball","9":"tag-handball-vm","10":"tag-henny-reistad","11":"tag-kvinnelandslaget-handball","12":"tag-no","13":"tag-norge","14":"tag-norway","15":"tag-sport","16":"tag-sports"},"share_on_mastodon":{"url":"https:\/\/pubeurope.com\/@no\/115674670998803567","error":""},"_links":{"self":[{"href":"https:\/\/www.europesays.com\/no\/wp-json\/wp\/v2\/posts\/106116","targetHints":{"allow":["GET"]}}],"collection":[{"href":"https:\/\/www.europesays.com\/no\/wp-json\/wp\/v2\/posts"}],"about":[{"href":"https:\/\/www.europesays.com\/no\/wp-json\/wp\/v2\/types\/post"}],"author":[{"embeddable":true,"href":"https:\/\/www.europesays.com\/no\/wp-json\/wp\/v2\/users\/2"}],"replies":[{"embeddable":true,"href":"https:\/\/www.europesays.com\/no\/wp-json\/wp\/v2\/comments?post=106116"}],"version-history":[{"count":0,"href":"https:\/\/www.europesays.com\/no\/wp-json\/wp\/v2\/posts\/106116\/revisions"}],"wp:featuredmedia":[{"embeddable":true,"href":"https:\/\/www.europesays.com\/no\/wp-json\/wp\/v2\/media\/106117"}],"wp:attachment":[{"href":"https:\/\/www.europesays.com\/no\/wp-json\/wp\/v2\/media?parent=106116"}],"wp:term":[{"taxonomy":"category","embeddable":true,"href":"https:\/\/www.europesays.com\/no\/wp-json\/wp\/v2\/categories?post=106116"},{"taxonomy":"post_tag","embeddable":true,"href":"https:\/\/www.europesays.com\/no\/wp-json\/wp\/v2\/tags?post=106116"}],"curies":[{"name":"wp","href":"https:\/\/api.w.org\/{rel}","templated":true}]}}