{"id":10612,"date":"2025-08-17T16:13:09","date_gmt":"2025-08-17T16:13:09","guid":{"rendered":"https:\/\/www.europesays.com\/no\/10612\/"},"modified":"2025-08-17T16:13:09","modified_gmt":"2025-08-17T16:13:09","slug":"norwegian-fly-matte-snu-etter-mulig-motorproblem","status":"publish","type":"post","link":"https:\/\/www.europesays.com\/no\/10612\/","title":{"rendered":"Norwegian-fly m\u00e5tte snu etter mulig motorproblem"},"content":{"rendered":"\n<p class=\"_lead_1bvmi_2 _lead_xtcu6_50 layout-component text-serif-m layout-normal text-serif-l layout-component layout-wide layout-padded _wide_17hqh_1 layout-padded\">Et fly fra Berlin til Bergen m\u00e5tte returnere like etter avgang. <\/p>\n<p><img alt=\" Foto: FlightRadar24 \/ Skjermbilde\" class=\"_image_qp4xg_65 layout-component layout-wide\" data-fullscreen- data-track-element-type=\"Article image fullscreen\" data-track-name=\"ImageFullscreen\" fetchpriority=\"high\" decoding=\"sync\" loading=\"eager\" height=\"498\" itemprop=\"image\"  src=\"https:\/\/www.europesays.com\/no\/wp-content\/uploads\/2025\/08\/34072429-f0d8-4458-ad81-7a2a275ab705\"  style=\"object-position:0% 0%\" width=\"928\"\/> Foto: FlightRadar24 \/ Skjermbilde<\/p>\n<ul aria-hidden=\"true\" class=\"_images_1y6fe_106\">\n<li><a class=\"_link_1y6fe_111\" href=\"https:\/\/www.vg.no\/forfatter\/hedda-kurseth\" style=\"z-index:2\" title=\"Hedda Kurseth\" rel=\"nofollow noopener\" target=\"_blank\"><img alt=\"Bilde av Hedda Kurseth\" class=\"_image_1y6fe_88\" fetchpriority=\"low\" loading=\"lazy\" decoding=\"async\" itemprop=\"image\"  src=\"https:\/\/www.europesays.com\/no\/wp-content\/uploads\/2025\/08\/1755447188_18_b6ad06ce-2f4e-4492-9dd9-7cfbdae81f6d\"  width=\"480\"\/><\/a><\/li>\n<li><a class=\"_link_1y6fe_111\" href=\"https:\/\/www.vg.no\/forfatter\/xueqi-pang\" style=\"z-index:1\" title=\"Xueqi Pang\" rel=\"nofollow noopener\" target=\"_blank\"><img alt=\"Bilde av Xueqi Pang\" class=\"_image_1y6fe_88\" fetchpriority=\"low\" loading=\"lazy\" decoding=\"async\" itemprop=\"image\"  src=\"https:\/\/www.europesays.com\/no\/wp-content\/uploads\/2025\/08\/1755447188_874_9ba4e4a3-e4ee-4a9d-b9eb-1478232c6342\"  width=\"480\"\/><\/a><\/li>\n<\/ul>\n<p> Oppdatert s\u00f8ndag 17. august kl. 18:12     <\/p>\n<p class=\"_paragraph_1bvmi_4 _paragraph_xtcu6_10 layout-component text-serif-m layout-normal text-serif-m layout-padded\">En VG-tipser forteller p\u00e5 telefon fra innsiden av flyet at det kom et stort smell 15 minutter inn i reisen. If\u00f8lge Flightradar24 er flyet p\u00e5 bakken. <\/p>\n<p class=\"_paragraph_1bvmi_4 _paragraph_xtcu6_10 layout-component text-serif-m layout-normal text-serif-m layout-padded\"><strong class=\"_strong_1bvmi_25\">\u2013 Vi h\u00f8rte et h\u00f8yt og tydelig smell fra venstre side av flyet. Det var jo litt traumatisk, selvf\u00f8lgelig. Man vet jo aldri hva som skjer, sier Andre (53).<\/strong><\/p>\n<p class=\"_paragraph_1bvmi_4 _paragraph_xtcu6_10 layout-component text-serif-m layout-normal text-serif-m layout-padded\">Passasjerne fikk etter hvert informasjon fra kapteinen om at de m\u00e5tte vende tilbake til Brandenburg flyplass.<\/p>\n<p class=\"_paragraph_1bvmi_4 _paragraph_xtcu6_10 layout-component text-serif-m layout-normal text-serif-m layout-padded\">Flyet skal ha senket farten, men gjennomf\u00f8rte likevel en kontrollert landing, opplevde nordmannen, som var p\u00e5 vei til Bergen med familie. Han \u00f8nsker ikke \u00e5 stille med etternavn.<\/p>\n<p class=\"_paragraph_1bvmi_4 _paragraph_xtcu6_10 layout-component text-serif-m layout-normal text-serif-m layout-padded\">Andre oppfattet at medpassasjerne ble litt spente, og etter landing sto n\u00f8detatene klare.<\/p>\n<p class=\"_paragraph_1bvmi_4 _paragraph_xtcu6_10 layout-component text-serif-m layout-normal text-serif-m layout-padded\"><strong class=\"_strong_1bvmi_25\">\u2013 Masse brannbiler p\u00e5 bakken da vi kom, og ambulanse. Vi venter p\u00e5 \u00e5 bli sluppet ut, sier han.<\/strong><\/p>\n<p class=\"_paragraph_1bvmi_4 _paragraph_xtcu6_10 layout-component text-serif-m layout-normal text-serif-m layout-padded\">If\u00f8lge ham skal flyets passasjerer f\u00e5 ny informasjon i terminalen klokken 19.<\/p>\n<p class=\"_paragraph_1bvmi_4 _paragraph_xtcu6_10 layout-component text-serif-m layout-normal text-serif-m layout-padded\">\u2013 Flyet har f\u00e5tt indikasjoner p\u00e5 at det er problemer med motoren, s\u00e5 det g\u00e5r tilbake til Berlin for \u00e5 sjekke, sier Charlotte Holmbergh, kommunikasjonsjef i Norwegian. <\/p>\n<p>SAS-fly snudde<\/p>\n<p class=\"_paragraph_1bvmi_4 _paragraph_xtcu6_10 layout-component text-serif-m layout-normal text-serif-m layout-padded\">Tidligere s\u00f8ndag formiddag m\u00e5tte ogs\u00e5 et SAS-fly fra K\u00f8benhavn til Oslo snu kort tid etter avgang. Helomvendingen skjedde p\u00e5 grunn av tekniske problemer.<\/p>\n<p class=\"_paragraph_1bvmi_4 _paragraph_xtcu6_10 layout-component text-serif-m layout-normal text-serif-m layout-padded\">SAS skriver i en SMS til VG at flyet ble omdirigert tilbake til Kastrup flyplass, og gjennomf\u00f8rte en normal landing.<\/p>\n<p class=\"_paragraph_1bvmi_4 _paragraph_xtcu6_10 layout-component text-serif-m layout-normal text-serif-m layout-padded\">\u2013 Et SAS-team var til stede ved ankomstgaten for de 170 passasjerene som var om bord, skriver Irena Busic i flyselskapet.<\/p>\n<p>    <img decoding=\"async\" alt=\"Tips oss illustrasjon\" width=\"62px\" height=\"auto\" src=\"https:\/\/www.europesays.com\/no\/wp-content\/uploads\/2025\/08\/1754784428_95_W9avJzE.png\"\/>    <\/p>\n<p class=\"title-serif-s\">Har du tips til oss?<\/p>\n<p class=\"text-sans-m\">Send oss informasjon, bilder eller video<\/p>\n<p>  <a href=\"https:\/\/www.vg.no\/tips-oss\" rel=\"nofollow noopener\" target=\"_blank\"> Tips oss <\/a>      <\/p>\n","protected":false},"excerpt":{"rendered":"Et fly fra Berlin til Bergen m\u00e5tte returnere like etter avgang. Foto: FlightRadar24 \/ Skjermbilde Oppdatert s\u00f8ndag 17.&hellip;\n","protected":false},"author":2,"featured_media":10613,"comment_status":"","ping_status":"","sticky":false,"template":"","format":"standard","meta":{"footnotes":""},"categories":[10],"tags":[31,20,21,24,25,15,22,23,13,30,28,29,14,16,26,27],"class_list":{"0":"post-10612","1":"post","2":"type-post","3":"status-publish","4":"format-standard","5":"has-post-thumbnail","7":"category-norge","8":"tag-breaking","9":"tag-breaking-news","10":"tag-breakingnews","11":"tag-featured-news","12":"tag-featurednews","13":"tag-headlines","14":"tag-latest-news","15":"tag-latestnews","16":"tag-news","17":"tag-no","18":"tag-norge","19":"tag-norway","20":"tag-nyheter","21":"tag-overskrifter","22":"tag-top-stories","23":"tag-topstories"},"share_on_mastodon":{"url":"","error":""},"_links":{"self":[{"href":"https:\/\/www.europesays.com\/no\/wp-json\/wp\/v2\/posts\/10612","targetHints":{"allow":["GET"]}}],"collection":[{"href":"https:\/\/www.europesays.com\/no\/wp-json\/wp\/v2\/posts"}],"about":[{"href":"https:\/\/www.europesays.com\/no\/wp-json\/wp\/v2\/types\/post"}],"author":[{"embeddable":true,"href":"https:\/\/www.europesays.com\/no\/wp-json\/wp\/v2\/users\/2"}],"replies":[{"embeddable":true,"href":"https:\/\/www.europesays.com\/no\/wp-json\/wp\/v2\/comments?post=10612"}],"version-history":[{"count":0,"href":"https:\/\/www.europesays.com\/no\/wp-json\/wp\/v2\/posts\/10612\/revisions"}],"wp:featuredmedia":[{"embeddable":true,"href":"https:\/\/www.europesays.com\/no\/wp-json\/wp\/v2\/media\/10613"}],"wp:attachment":[{"href":"https:\/\/www.europesays.com\/no\/wp-json\/wp\/v2\/media?parent=10612"}],"wp:term":[{"taxonomy":"category","embeddable":true,"href":"https:\/\/www.europesays.com\/no\/wp-json\/wp\/v2\/categories?post=10612"},{"taxonomy":"post_tag","embeddable":true,"href":"https:\/\/www.europesays.com\/no\/wp-json\/wp\/v2\/tags?post=10612"}],"curies":[{"name":"wp","href":"https:\/\/api.w.org\/{rel}","templated":true}]}}