{"id":106122,"date":"2025-12-06T21:16:10","date_gmt":"2025-12-06T21:16:10","guid":{"rendered":"https:\/\/www.europesays.com\/no\/106122\/"},"modified":"2025-12-06T21:16:10","modified_gmt":"2025-12-06T21:16:10","slug":"katy-perry-og-justin-trudeau-er-offisielle-pa-instagram","status":"publish","type":"post","link":"https:\/\/www.europesays.com\/no\/106122\/","title":{"rendered":"Katy Perry og Justin Trudeau er offisielle p\u00e5 Instagram"},"content":{"rendered":"\n<p class=\"_lead_o9xde_2 _lead_xtcu6_50 layout-component text-serif-m layout-normal text-serif-l layout-component layout-wide layout-padded _wide_17hqh_1 layout-padded\">Popstjernen deler personlige bilder fra Japan-turen med den tidligere statsministeren.<\/p>\n<p><img alt=\"Ryktene rundt superkjendisen Katy Perry og den tidligere statsministeren Justin Trudeau fikk fart p\u00e5 seg tidligere i h\u00f8st. Foto: Andy Kropa, left, and Frank Gunn \/ AP \/ NTB\" class=\"_image_qp4xg_65 layout-component layout-wide\" data-fullscreen- data-track-element-type=\"Article image fullscreen\" data-track-name=\"ImageFullscreen\" fetchpriority=\"high\" decoding=\"sync\" loading=\"eager\" height=\"2000\" itemprop=\"image\"  src=\"https:\/\/www.europesays.com\/no\/wp-content\/uploads\/2025\/12\/5ce8e423-5ebb-474b-86fc-24c79409baec\"  style=\"object-position:0% 0%\" width=\"3000\"\/>Ryktene rundt superkjendisen Katy Perry og den tidligere statsministeren Justin Trudeau fikk fart p\u00e5 seg tidligere i h\u00f8st. Foto: Andy Kropa, left, and Frank Gunn \/ AP \/ NTB<\/p>\n<ul aria-hidden=\"true\" class=\"_images_ntbth_112\">\n<li><a class=\"_link_ntbth_117\" href=\"https:\/\/www.vg.no\/forfatter\/elise-roennevig-andersen\" style=\"z-index:1\" title=\"Elise R\u00f8nnevig Andersen\" rel=\"nofollow noopener\" target=\"_blank\"><img alt=\"Bilde av Elise R\u00f8nnevig Andersen\" class=\"_image_ntbth_93\" fetchpriority=\"low\" loading=\"lazy\" decoding=\"async\" itemprop=\"image\"  src=\"https:\/\/www.europesays.com\/no\/wp-content\/uploads\/2025\/12\/1765055770_423_d4a69b78-dc9a-4021-89fd-0783e681325f\"  width=\"480\"\/><\/a><\/li>\n<\/ul>\n<p> Oppdatert l\u00f8rdag 6. desember kl. 21:19    <\/p>\n<ul class=\"_list_o9xde_3 _list_64s2r_85 _unordered_o9xde_106 text-sans-m\">\n<li class=\"_item_o9xde_30\">Katy Perry bekrefter forholdet til Justin Trudeau p\u00e5 Instagram.<\/li>\n<li class=\"_item_o9xde_30\">De delte bilder og videoer fra en tur til Japan, inkludert en selfie og en middag sammen.<\/li>\n<li class=\"_item_o9xde_30\">Under bes\u00f8ket m\u00f8tte paret Japans tidligere statsminister Fumio Kishida.<\/li>\n<li class=\"_item_o9xde_30\">Perry og Trudeau ble f\u00f8rst koblet sammen i sommer etter Perry&#8217;s brudd med Orlando Bloom.<\/li>\n<\/ul>\n<p>Vis mer <\/p>\n<p class=\"_paragraph_o9xde_4 _paragraph_xtcu6_10 layout-component text-serif-m layout-normal text-serif-m layout-padded\">Katy Perry og <a href=\"https:\/\/www.vg.no\/tag\/justin-trudeau?utm_source=vg-article&amp;utm_medium=auto-tagger&amp;utm_campaign=j0P02e\" class=\"_link_o9xde_39\" rel=\"nofollow noopener\" target=\"_blank\">Justin Trudeau<\/a> delte l\u00f8rdag bilder og videoer fra en tur til Japan som inkluderte den tidligere kanadiske statsministeren.<\/p>\n<p class=\"_paragraph_o9xde_4 _paragraph_xtcu6_10 layout-component text-serif-m layout-normal text-serif-m layout-padded\">P\u00e5 bildene poserer de to kinn mot kinn i en utend\u00f8rs selfie. En video viser paret som spiser sammen og ser kj\u00e6rlig p\u00e5 hverandre, mens en annen viser dem p\u00e5 det som ser ut som en interaktiv kunstutstilling.<\/p>\n<p class=\"_paragraph_o9xde_4 _paragraph_xtcu6_10 layout-component text-serif-m layout-normal text-serif-m layout-padded\">\u2013 Tokyo times on tour and more ( \u25e0\u203f\u25e0 ) , skrev Perry til innlegget:<\/p>\n<p class=\"_paragraph_o9xde_4 _paragraph_xtcu6_10 layout-component text-serif-m layout-normal text-serif-m layout-padded\">Under Japan-bes\u00f8ket, som kom som del av Perrys p\u00e5g\u00e5ende Lifetimes Tour, ble paret med p\u00e5 et m\u00f8te med Japans tidligere statsminister Fumio Kishida og hans kone Yuko onsdag. Kishida delte et bilde av gruppen og kalte Perry for Trudeaus \u00abpartner\u00bb, if\u00f8lge avisen<a href=\"https:\/\/people.com\/katy-perry-goes-instagram-official-with-justin-trudeau-as-she-shares-intimate-photos-from-japan-visit-11863573\" class=\"_link_o9xde_39\" rel=\"nofollow noopener\" target=\"_blank\"> People<\/a>.<\/p>\n<p class=\"_paragraph_o9xde_4 _paragraph_xtcu6_10 layout-component text-serif-m layout-normal text-serif-m layout-padded\">\u2013 Tidligere kanadisk statsminister Justin Trudeau bes\u00f8kte Japan med sin partner, skrev Kishida p\u00e5 X.<\/p>\n<p class=\"_paragraph_o9xde_4 _paragraph_xtcu6_10 layout-component text-serif-m layout-normal text-serif-m layout-padded\">Perry og Trudeau ble f\u00f8rst koblet sammen i sommer da de ble sett p\u00e5 en date i Montreal. Perry hadde <a href=\"https:\/\/www.vg.no\/rampelys\/i\/63aaEL\/katy-perry-og-orlando-bloom-bekrefter-brudd\" data-track-element-type=\"Link\" data-track-id=\"link:63aaEL\" class=\"_link_o9xde_39\" rel=\"nofollow noopener\" target=\"_blank\">nylig g\u00e5tt fra Orlando Bloom<\/a> i juni, mens Trudeau skilte seg fra Sophie Gr\u00e9goire i 2023 etter 18 \u00e5rs ekteskap.<\/p>\n<p class=\"_paragraph_o9xde_4 _paragraph_xtcu6_10 layout-component text-serif-m layout-normal text-serif-m layout-padded\">Paret gjorde sin f\u00f8rste offentlige opptreden sammen i oktober da de <a href=\"https:\/\/www.vg.no\/rampelys\/i\/MnMWbB\/katy-perry-og-justin-trudeau-fotografert-haand-i-haand\" data-track-element-type=\"Link\" data-track-id=\"link:MnMWbB\" class=\"_link_o9xde_39\" rel=\"nofollow noopener\" target=\"_blank\">h\u00e5nd i h\u00e5nd forlot en kabaret-forestilling i Paris for \u00e5 feire Perrys bursdag.<\/a><\/p>\n<ul class=\"_list_o9xde_3 _list_xtcu6_9 _unordered_o9xde_106 layout-component text-serif-m layout-normal text-serif-m layout-padded\">\n<li class=\"_item_o9xde_30\"><strong class=\"_strong_o9xde_25\">VGs intervjupodkast gir deg eksklusive intervjuer med kjente norske profiler:<\/strong><\/li>\n<\/ul>\n","protected":false},"excerpt":{"rendered":"Popstjernen deler personlige bilder fra Japan-turen med den tidligere statsministeren. Ryktene rundt superkjendisen Katy Perry og den tidligere&hellip;\n","protected":false},"author":2,"featured_media":106123,"comment_status":"","ping_status":"","sticky":false,"template":"","format":"standard","meta":{"footnotes":""},"categories":[58],"tags":[71,8706,3007,30,28,29,8869,72,46],"class_list":{"0":"post-106122","1":"post","2":"type-post","3":"status-publish","4":"format-standard","5":"has-post-thumbnail","7":"category-underholdning","8":"tag-entertainment","9":"tag-justin-trudeau","10":"tag-katy-perry","11":"tag-no","12":"tag-norge","13":"tag-norway","14":"tag-orlando-bloom","15":"tag-underholdning","16":"tag-vgai"},"share_on_mastodon":{"url":"https:\/\/pubeurope.com\/@no\/115674702621041319","error":""},"_links":{"self":[{"href":"https:\/\/www.europesays.com\/no\/wp-json\/wp\/v2\/posts\/106122","targetHints":{"allow":["GET"]}}],"collection":[{"href":"https:\/\/www.europesays.com\/no\/wp-json\/wp\/v2\/posts"}],"about":[{"href":"https:\/\/www.europesays.com\/no\/wp-json\/wp\/v2\/types\/post"}],"author":[{"embeddable":true,"href":"https:\/\/www.europesays.com\/no\/wp-json\/wp\/v2\/users\/2"}],"replies":[{"embeddable":true,"href":"https:\/\/www.europesays.com\/no\/wp-json\/wp\/v2\/comments?post=106122"}],"version-history":[{"count":0,"href":"https:\/\/www.europesays.com\/no\/wp-json\/wp\/v2\/posts\/106122\/revisions"}],"wp:featuredmedia":[{"embeddable":true,"href":"https:\/\/www.europesays.com\/no\/wp-json\/wp\/v2\/media\/106123"}],"wp:attachment":[{"href":"https:\/\/www.europesays.com\/no\/wp-json\/wp\/v2\/media?parent=106122"}],"wp:term":[{"taxonomy":"category","embeddable":true,"href":"https:\/\/www.europesays.com\/no\/wp-json\/wp\/v2\/categories?post=106122"},{"taxonomy":"post_tag","embeddable":true,"href":"https:\/\/www.europesays.com\/no\/wp-json\/wp\/v2\/tags?post=106122"}],"curies":[{"name":"wp","href":"https:\/\/api.w.org\/{rel}","templated":true}]}}