{"id":106137,"date":"2025-12-06T21:34:08","date_gmt":"2025-12-06T21:34:08","guid":{"rendered":"https:\/\/www.europesays.com\/no\/106137\/"},"modified":"2025-12-06T21:34:08","modified_gmt":"2025-12-06T21:34:08","slug":"israel-gazakrigen-israels-president-vi-kjemper-mot-en-internasjonal-hjernevaskemaskin","status":"publish","type":"post","link":"https:\/\/www.europesays.com\/no\/106137\/","title":{"rendered":"Israel, Gazakrigen | Israels president: \u2013 Vi kjemper mot en internasjonal hjernevaskemaskin"},"content":{"rendered":"\n<p>Israels president, Isaac Herzog, skal reise til USA der han blant annet skal m\u00f8te USAs president Donald Trump. I den forbindelse har han blitt intervjuet av <a rel=\"Follow nofollow noopener\" href=\"https:\/\/www.politico.com\/news\/magazine\/2025\/12\/06\/israel-president-isaac-herzog-netanyahu-mamdani-interview-00674658\" target=\"_blank\">Politico<\/a> om hva som opptar ham i den amerikanske politikken.<\/p>\n<p><b>Les ogs\u00e5: <a class=\"simple-relation related-teaser article--c-eRUmMG article--c-eRUmMG-fZoQSp-design-nettavisen article--c-eRUmMG-gwthdJ-cv\" href=\"https:\/\/www.nettavisen.no\/kjoligere-forhold-merz-til-israel-for-forste-gang\/s\/5-95-2766188\" rel=\"nofollow noopener\" target=\"_blank\">Kj\u00f8ligere forhold: Merz til Israel for f\u00f8rste gang<\/a><\/b><\/p>\n<p>Fra Donald Trump har Herzog flere ganger f\u00e5tt signaler om at Benjamin Netanyahu b\u00f8r bli ben\u00e5det i korrupsjonssaken som n\u00e5 g\u00e5r for retten. Dette avviser Herzog med at sp\u00f8rsm\u00e5let om en ben\u00e5dning m\u00e5 avgj\u00f8res i Israel, og til det beste for det israelske folk.<\/p>\n<p>Mer opptatt, er Herzog av New Yorks kommende borgermester, Zohran Mamdani. I motsetning til hans forgjengere, er ikke Mamdani en uttalt st\u00f8ttespiller for Israel. Tvert i mot har den muslimske Mamdani uttalt seg sv\u00e6rt kritisk til Israels krigf\u00f8ring i Gaza, og sagt at Netanyahu b\u00f8r arresteres hvis han setter sine ben i New York, i tr\u00e5d med <a rel=\"Follow nofollow noopener\" href=\"https:\/\/www.nettavisen.no\/nyheter\/ud-vil-pagripe-benjamin-netanyahu-om-han-skulle-komme-til-norge\/s\/5-95-2146380\" target=\"_blank\">arrestordren fra Den internasjonale straffedomstolen (ICC)<\/a>.<\/p>\n<p><b>Les ogs\u00e5: <a rel=\"Follow nofollow noopener\" href=\"https:\/\/www.nettavisen.no\/israel\/eurovision\/boikott\/over-500-kulturpersoner-oppfordrer-til-boikott-av-eurovision-dersom-israel-far-vare-med\/s\/5-95-2761349\" target=\"_blank\">Over 500 kulturpersoner oppfordrer til Israel-boikott<\/a><\/b><\/p>\n<p>\u2013 Jeg er ekstremt plaget av uttalelsene til den p\u00e5troppende ordf\u00f8reren Mamdani, sa Herzog og mente blant annet at Mamdani b\u00f8r, som ordf\u00f8rere f\u00f8r ham, bes\u00f8ke Israel for \u00e5 forst\u00e5 kulturen til de sv\u00e6rt mange j\u00f8dene som bor i New York.<\/p>\n<p><b>Les ogs\u00e5: <a rel=\"Follow nofollow noopener\" href=\"https:\/\/www.nettavisen.no\/nyheter\/boikotter-fredsavtaleavstemning\/s\/5-95-2761364\" target=\"_blank\">Israelske regjeringsmedlemmer boikotter avstemning for fredsavtale<\/a><\/b><\/p>\n<p>Herzog tok ogs\u00e5 opp en \u00f8kende anti-israelsk stemning i USA, og mener at falske og feilaktige rapporteringer av det som skjer p\u00e5 Gaza er \u00e5rsaken.<\/p>\n<p>\u2013 Det kommer fra TikTok, fra en veldig overfladisk diskurs om den n\u00e5v\u00e6rende situasjonen, bilder eller synspunkter, og d\u00f8mmer ikke ut fra det store bildet.<\/p>\n<p><b>Fra august: <a rel=\"Follow nofollow noopener\" href=\"https:\/\/www.nettavisen.no\/nyheter\/fordommer-israels-angrep-ekstrem-fare\/s\/5-95-2577839\" target=\"_blank\">Ford\u00f8mmer Israels angrep: \u2013 M\u00e5 avsluttes umiddelbart<\/a><\/b><\/p>\n<p>\u2013 Det er milliarder og titalls milliarder av dollar som er investert i denne hjernevaskemaskinen som ikke vil fortelle den virkelige sannheten. Og vi er kanskje helt alene, men vi vil fortsette \u00e5 si sannheten: Vi s\u00f8kte ikke denne krigen. Vi ville ikke ha denne krigen, sier han, i f\u00f8lge <a rel=\"Follow nofollow noopener\" href=\"https:\/\/www.timesofisrael.com\/herzog-i-respect-trumps-opinion-on-netanyahu-pardon-but-israel-is-a-sovereign-country\/\" target=\"_blank\">Times of Israel<\/a>.<\/p>\n","protected":false},"excerpt":{"rendered":"Israels president, Isaac Herzog, skal reise til USA der han blant annet skal m\u00f8te USAs president Donald Trump.&hellip;\n","protected":false},"author":2,"featured_media":106138,"comment_status":"","ping_status":"","sticky":false,"template":"","format":"standard","meta":{"footnotes":""},"categories":[12],"tags":[20,21,24,25,15,22,23,13,30,28,29,14,16,26,27,42,43,44,45],"class_list":{"0":"post-106137","1":"post","2":"type-post","3":"status-publish","4":"format-standard","5":"has-post-thumbnail","7":"category-verden","8":"tag-breaking-news","9":"tag-breakingnews","10":"tag-featured-news","11":"tag-featurednews","12":"tag-headlines","13":"tag-latest-news","14":"tag-latestnews","15":"tag-news","16":"tag-no","17":"tag-norge","18":"tag-norway","19":"tag-nyheter","20":"tag-overskrifter","21":"tag-top-stories","22":"tag-topstories","23":"tag-verden","24":"tag-world","25":"tag-world-news","26":"tag-worldnews"},"share_on_mastodon":{"url":"https:\/\/pubeurope.com\/@no\/115674773148742934","error":""},"_links":{"self":[{"href":"https:\/\/www.europesays.com\/no\/wp-json\/wp\/v2\/posts\/106137","targetHints":{"allow":["GET"]}}],"collection":[{"href":"https:\/\/www.europesays.com\/no\/wp-json\/wp\/v2\/posts"}],"about":[{"href":"https:\/\/www.europesays.com\/no\/wp-json\/wp\/v2\/types\/post"}],"author":[{"embeddable":true,"href":"https:\/\/www.europesays.com\/no\/wp-json\/wp\/v2\/users\/2"}],"replies":[{"embeddable":true,"href":"https:\/\/www.europesays.com\/no\/wp-json\/wp\/v2\/comments?post=106137"}],"version-history":[{"count":0,"href":"https:\/\/www.europesays.com\/no\/wp-json\/wp\/v2\/posts\/106137\/revisions"}],"wp:featuredmedia":[{"embeddable":true,"href":"https:\/\/www.europesays.com\/no\/wp-json\/wp\/v2\/media\/106138"}],"wp:attachment":[{"href":"https:\/\/www.europesays.com\/no\/wp-json\/wp\/v2\/media?parent=106137"}],"wp:term":[{"taxonomy":"category","embeddable":true,"href":"https:\/\/www.europesays.com\/no\/wp-json\/wp\/v2\/categories?post=106137"},{"taxonomy":"post_tag","embeddable":true,"href":"https:\/\/www.europesays.com\/no\/wp-json\/wp\/v2\/tags?post=106137"}],"curies":[{"name":"wp","href":"https:\/\/api.w.org\/{rel}","templated":true}]}}