{"id":106139,"date":"2025-12-06T21:36:16","date_gmt":"2025-12-06T21:36:16","guid":{"rendered":"https:\/\/www.europesays.com\/no\/106139\/"},"modified":"2025-12-06T21:36:16","modified_gmt":"2025-12-06T21:36:16","slug":"ostlandet-ligger-an-til-a-ta-over-hoyre","status":"publish","type":"post","link":"https:\/\/www.europesays.com\/no\/106139\/","title":{"rendered":"\u00d8stlandet ligger an til \u00e5 ta over H\u00f8yre"},"content":{"rendered":"\n<p class=\"_prefix_nfjwc_1 layout-padded\">Meninger<br \/>Kommentar<\/p>\n<p class=\"_lead_o9xde_2 _lead_xtcu6_50 layout-component text-serif-m layout-normal text-serif-l _lead_1k67c_21 layout-component layout-normal layout-padded layout-padded\">\u00d8stlandet ligger an til \u00e5 ta over H\u00f8yre etter 20 \u00e5r med bergensdominans. Det kan g\u00e5 bra. <\/p>\n<p><img alt=\"SIER NEI: Peter Fr\u00f8lich \u00f8nsker ikke \u00e5 bli nestleder i H\u00f8yre.  Foto: Martha Diaz \/ VG\" class=\"_image_qp4xg_65 layout-component layout-wide\" data-fullscreen- data-track-element-type=\"Article image fullscreen\" data-track-name=\"ImageFullscreen\" fetchpriority=\"high\" decoding=\"sync\" loading=\"eager\" height=\"5464\" itemprop=\"image\"  src=\"https:\/\/www.europesays.com\/no\/wp-content\/uploads\/2025\/12\/855fd9b1-2511-4337-8e38-1e913fcbafae\"  style=\"object-position:0% 0%\" width=\"7648\"\/>SIER NEI: Peter Fr\u00f8lich \u00f8nsker ikke \u00e5 bli nestleder i H\u00f8yre.  Foto: Martha Diaz \/ VGL\u00f8rdag 6. desember kl. 22:04     <\/p>\n<p class=\"_paragraph_o9xde_4 _paragraph_xtcu6_10 layout-component text-serif-m layout-normal text-serif-m layout-padded\">Ine Eriksen S\u00f8reide kommer ikke til \u00e5 bli en like dominerende partileder som Erna Solberg har v\u00e6rt i H\u00f8yre. N\u00e5 blir det mer arbeidsdeling. Planen er at vi skal se nestlederne mye. Derfor er det ganske spennende hvem som blir S\u00f8reides unders\u00e5tter. <\/p>\n<p class=\"_paragraph_o9xde_4 _paragraph_xtcu6_10 layout-component text-serif-m layout-normal text-serif-m layout-padded\">Duoen Ola Svenneby og Peter Fr\u00f8lich virker \u00e5 ha v\u00e6rt forh\u00e5ndsfavorittene i partiet. Det er uttrykk for et sterkt \u00f8nske om endring. Begge blir sett p\u00e5 som til h\u00f8yre i H\u00f8yre. <\/p>\n<p><img alt=\"Unge H\u00f8yre-leder Ola Svenneby kan ende opp som nestleder i H\u00f8yre. Men mangelen p\u00e5 geografisk spredning  i ledelsen vil bli utfordret av mange i partiet.   Foto: Thomas Andersen \/ NTB\" class=\"_image_qp4xg_65 layout-component layout-normal\" data-fullscreen- data-track-element-type=\"Article image fullscreen\" data-track-name=\"ImageFullscreen\" decoding=\"async\" loading=\"lazy\" height=\"3184\" itemprop=\"image\"  src=\"https:\/\/www.europesays.com\/no\/wp-content\/uploads\/2025\/12\/65b73022-e9e1-40d0-afea-6e5adf6b0e3e\"  style=\"object-position:0% 0%\" width=\"4776\"\/>Unge H\u00f8yre-leder Ola Svenneby kan ende opp som nestleder i H\u00f8yre. Men mangelen p\u00e5 geografisk spredning  i ledelsen vil bli utfordret av mange i partiet.   Foto: Thomas Andersen \/ NTB<\/p>\n<p class=\"_paragraph_o9xde_4 _paragraph_xtcu6_10 layout-component text-serif-m layout-normal text-serif-m layout-padded\">Dessuten er ingen av dem assosiert med Solbergs regime. <\/p>\n<p class=\"_paragraph_o9xde_4 _paragraph_xtcu6_10 layout-component text-serif-m layout-normal text-serif-m layout-padded\">Men nei. Den dr\u00f8mmen er n\u00e5 knust, for<a href=\"https:\/\/www.vg.no\/nyheter\/i\/wrEr2A\/tv2-froelich-sier-nei\" data-track-element-type=\"Link\" data-track-id=\"link:wrEr2A\" class=\"_link_o9xde_39\" rel=\"nofollow noopener\" target=\"_blank\"> Fr\u00f8lich sier nei<\/a>. Han g\u00e5r heller for \u00e5 bli leder av utenrikskomiteen p\u00e5 Stortinget. <\/p>\n<p class=\"_paragraph_o9xde_4 _paragraph_xtcu6_10 layout-component text-serif-m layout-normal text-serif-m layout-padded\">Mange er skuffet n\u00e5. <\/p>\n<p class=\"_paragraph_o9xde_4 _paragraph_xtcu6_10 layout-component text-serif-m layout-normal text-serif-m layout-padded\">\u00c5 bytte ut hele ledertrioen <a href=\"https:\/\/www.vg.no\/nyheter\/i\/j0Pa9z\/opplysniger-til-vg-asheim-og-svenneby-ligger-an-til-aa-bli-hoeyre-nestledere\" data-track-element-type=\"Link\" data-track-id=\"link:j0Pa9z\" class=\"_link_o9xde_39\" rel=\"nofollow noopener\" target=\"_blank\">synes uansett \u00e5 bli for radikalt for valgkomiteen.<\/a><\/p>\n<p><img alt=\"Ine Eriksen S\u00f8reide blir valgt til leder for H\u00f8yre i februar. N\u00e5 begynner det \u00e5 utkrystallisere seg hvem som blir hennes nestledere.   Foto: h\u00e6len wesnes \/ VG\" class=\"_image_qp4xg_65 layout-component layout-normal\" data-fullscreen- data-track-element-type=\"Article image fullscreen\" data-track-name=\"ImageFullscreen\" decoding=\"async\" loading=\"lazy\" height=\"5295\" itemprop=\"image\"  src=\"https:\/\/www.europesays.com\/no\/wp-content\/uploads\/2025\/12\/f82e2ec6-d4af-45d5-890a-9a5b4216dc9a\"  style=\"object-position:0% 0%\" width=\"7060\"\/>Ine Eriksen S\u00f8reide blir valgt til leder for H\u00f8yre i februar. N\u00e5 begynner det \u00e5 utkrystallisere seg hvem som blir hennes nestledere.   Foto: h\u00e6len wesnes \/ VG<\/p>\n<p class=\"_paragraph_o9xde_4 _paragraph_xtcu6_10 layout-component text-serif-m layout-normal text-serif-m layout-padded\">If\u00f8lge VGs opplysninger ligger det an til at Henrik Asheim fortsetter som f\u00f8rste nestleder. Deler av partiet vil v\u00e6re skeptiske til det: Misn\u00f8yen med Solberg rammer ogs\u00e5 ham. Til tross for at han er relativt fersk som nestleder, og er en av landets t\u00f8ffeste i debatter. <\/p>\n<p class=\"_paragraph_o9xde_4 _paragraph_xtcu6_10 layout-component text-serif-m layout-normal text-serif-m layout-padded\">Asheim blir sett p\u00e5 som lysebl\u00e5. I \u00e5rets valg tok hele den h\u00f8yreorienterte velgermassen et stort skritt til h\u00f8yre. Partiet H\u00f8yre, derimot, hang igjen n\u00e6rmere sentrum. <\/p>\n<p class=\"_paragraph_o9xde_4 _paragraph_xtcu6_10 layout-component text-serif-m layout-normal text-serif-m layout-padded\">Men det er antagelig litt urettferdig \u00e5 klandre Asheim for mye for det. Som nestleder under en altoverskyggende partileder, har han ikke v\u00e6rt spesielt fri. Jobben hans har v\u00e6rt \u00e5 st\u00f8tte sjefen, ikke ha sitt eget politiske prosjekt. <\/p>\n<p class=\"_paragraph_o9xde_4 _paragraph_xtcu6_10 layout-component text-serif-m layout-normal text-serif-m layout-padded\">Asheim st\u00e5r nok n\u00e6rmere sentrum enn eksempelvis Fr\u00f8lich. Men mest av alt virker han \u00e5 v\u00e6re opptatt av at H\u00f8yre m\u00e5 ha en bredde i hvilke saker de profilerer seg p\u00e5, og at H\u00f8yre ikke kan bli stort igjen uten en troverdig velferdspolitikk. Den analysen er ikke s\u00e5 dum. <\/p>\n<p><img alt=\"Nestleder Henrik Asheim har antagelig god grunn til \u00e5 smile. Han f\u00e5r trolig fortsette som nestleder i H\u00f8yre.   Foto: G\u00f8ran Bohlin \/ VG\" class=\"_image_qp4xg_65 layout-component layout-normal\" data-fullscreen- data-track-element-type=\"Article image fullscreen\" data-track-name=\"ImageFullscreen\" decoding=\"async\" loading=\"lazy\" height=\"4096\" itemprop=\"image\"  src=\"https:\/\/www.europesays.com\/no\/wp-content\/uploads\/2025\/12\/c6072c59-a34e-44e4-8666-77cca5bae48d\"  style=\"object-position:0% 0%\" width=\"6144\"\/>Nestleder Henrik Asheim har antagelig god grunn til \u00e5 smile. Han f\u00e5r trolig fortsette som nestleder i H\u00f8yre.   Foto: G\u00f8ran Bohlin \/ VG<\/p>\n<p class=\"_paragraph_o9xde_4 _paragraph_xtcu6_10 layout-component text-serif-m layout-normal text-serif-m layout-padded\">Dessuten ligger det mer til jobben som nestleder enn \u00e5 markere seg i politiske saker. Organisasjonsbygging og omfattende reisevirksomhet \u2013 i Norge. Asheim trengs til den biten, skal v\u00e6re noe av vurderingen. <\/p>\n<p class=\"_paragraph_o9xde_4 _paragraph_xtcu6_10 layout-component text-serif-m layout-normal text-serif-m layout-padded\">Men hvorfor Svenneby? <\/p>\n<p class=\"_paragraph_o9xde_4 _paragraph_xtcu6_10 layout-component text-serif-m layout-normal text-serif-m layout-padded\">Han er ikke n\u00f8dvendigvis et bedre valg enn Fr\u00f8lich. Men med denne l\u00f8sningen f\u00e5r de sikret stjerneskuddet Svenneby en synlig plass i partiet, selv om han ikke kom inn p\u00e5 Stortinget. <\/p>\n<p class=\"_paragraph_o9xde_4 _paragraph_xtcu6_10 layout-component text-serif-m layout-normal text-serif-m layout-padded\">Han representerer en ny generasjon, med et litt annet syn p\u00e5 verden. Han er klar for st\u00f8rre endringer i politikken, og har et nytt blikk p\u00e5 saker som innvandring. <\/p>\n<p class=\"_paragraph_o9xde_4 _paragraph_xtcu6_10 layout-component text-serif-m layout-normal text-serif-m layout-padded\">Det store problemet med det som i \u00f8yeblikket ligger an til \u00e5 bli ledertrioen, er mangelen p\u00e5 geografisk spredning. Derfor er det vrient for valgkomiteen at Fr\u00f8lich sier nei. <\/p>\n<p class=\"_paragraph_o9xde_4 _paragraph_xtcu6_10 layout-component text-serif-m layout-normal text-serif-m layout-padded\">Det holder ikke helt at Svenneby er bondes\u00f8nn fra Gl\u00e5mdalen og at S\u00f8reide bodde noen \u00e5r i Troms\u00f8. Det har ulmet i partiet siden det ble kjent at Asheim og Svenneby kunne ble de to nestlederne. <\/p>\n<p class=\"_paragraph_o9xde_4 _paragraph_xtcu6_10 layout-component text-serif-m layout-normal text-serif-m layout-padded\">Et av H\u00f8yres st\u00f8rste problemer i \u00e5rets valg, var at de tapte vestlandskysten til Frp. Hvordan de skal l\u00f8se det med en \u00f8stlandssentrert ledelse, m\u00e5 de finne ut av. Og ikke minst overbevise partiet om at hele landet likevel bli forst\u00e5tt. <\/p>\n<p class=\"_paragraph_o9xde_4 _paragraph_xtcu6_10 layout-component text-serif-m layout-normal text-serif-m layout-padded\">Det blir neppe enkelt. <\/p>\n<p><img alt=\"Kanskje er det best bruk av partiets ressurser at Peter Fr\u00f8lich fokuserer p\u00e5 forsvar, utenriks og sikkerhetspolitikk, heller enn \u00e5 drive organisasjonsbygging i rollen som nestleder.\" class=\"_image_qp4xg_65 layout-component layout-normal\" data-fullscreen- data-track-element-type=\"Article image fullscreen\" data-track-name=\"ImageFullscreen\" decoding=\"async\" loading=\"lazy\" height=\"4032\" itemprop=\"image\"  src=\"https:\/\/www.europesays.com\/no\/wp-content\/uploads\/2025\/12\/8be21f32-5d05-4675-9f7b-a07b9fce1935\"  style=\"object-position:0% 0%\" width=\"3024\"\/>Kanskje er det best bruk av partiets ressurser at Peter Fr\u00f8lich fokuserer p\u00e5 forsvar, utenriks og sikkerhetspolitikk, heller enn \u00e5 drive organisasjonsbygging i rollen som nestleder.<\/p>\n<p class=\"_paragraph_o9xde_4 _paragraph_xtcu6_10 layout-component text-serif-m layout-normal text-serif-m layout-padded\">Men det er slett ikke sikkert det er best bruk av Fr\u00f8lich \u00e5 gj\u00f8re ham til nestleder. \u00c5 sende han p\u00e5 en evigvarende norgesturn\u00e9 n\u00e5r han i hjertet sitt helst vil til fronten i Ukraina, ville muligens v\u00e6re feil bruk av han. <\/p>\n<p class=\"_paragraph_o9xde_4 _paragraph_xtcu6_10 layout-component text-serif-m layout-normal text-serif-m layout-padded\">Tilhengerne hans kan tr\u00f8ste seg med at han etter alt \u00e5 d\u00f8mme f\u00e5r en synlig posisjon i Utenrikskomiteen. <\/p>\n<p class=\"_paragraph_o9xde_4 _paragraph_xtcu6_10 layout-component text-serif-m layout-normal text-serif-m layout-padded\">Men en annen n\u00f8tt er at Svenneby kanskje blir feilplassert lenger til h\u00f8yre enn han egentlig er. \u00abJeg driter i formuesskatten\u00bb, sa han for eksempel i <a href=\"https:\/\/www.minerva.no\/ola-svenneby-unge-hoyre\/unge-hoyre-leder-jeg-driter-i-formuesskatten\/403680\" class=\"_link_o9xde_39\" rel=\"nofollow noopener\" target=\"_blank\">landsm\u00f8tetalen sin til Unge H\u00f8yre<\/a> for tre \u00e5r siden.<\/p>\n<p class=\"_paragraph_o9xde_4 _paragraph_xtcu6_10 layout-component text-serif-m layout-normal text-serif-m layout-padded\">Jeg mistenker han blir sett p\u00e5 som bl\u00e5ere enn han er fordi han tidlig markerte seg som en tilhenger av strengere innvandringspolitikk. <\/p>\n<p class=\"_paragraph_o9xde_4 _paragraph_xtcu6_10 layout-component text-serif-m layout-normal text-serif-m layout-padded\">De som \u00f8nsker \u00e5 dra H\u00f8yre til h\u00f8yre, hadde hatt en mer rendyrket bl\u00e5 kandidat i Fr\u00f8lich. <\/p>\n<p class=\"_paragraph_o9xde_4 _paragraph_xtcu6_10 layout-component text-serif-m layout-normal text-serif-m layout-padded\">Det blir opp til landsm\u00f8tet \u00e5 bestemme hvem som f\u00e5r posisjonene p\u00e5 toppen av partiet. Det kan dukke opp kandidater som fors\u00f8ker \u00e5 utkonkurrere dem valgkomiteen ender opp med \u00e5 peke p\u00e5. <\/p>\n<p class=\"_paragraph_o9xde_4 _paragraph_xtcu6_10 layout-component text-serif-m layout-normal text-serif-m layout-padded\">Men hvis alle de sterkeste kandidatene er forn\u00f8yde med kabalen slik den n\u00e5 ser ut til \u00e5 v\u00e6re lagt, skal det litt til \u00e5 endre den. <\/p>\n<p>    Dette er en kommentar. Kommentaren gir uttrykk for skribentens holdning. <\/p>\n","protected":false},"excerpt":{"rendered":"MeningerKommentar \u00d8stlandet ligger an til \u00e5 ta over H\u00f8yre etter 20 \u00e5r med bergensdominans. Det kan g\u00e5 bra.&hellip;\n","protected":false},"author":2,"featured_media":106140,"comment_status":"","ping_status":"","sticky":false,"template":"","format":"standard","meta":{"footnotes":""},"categories":[5],"tags":[20,21,24,25,15,19,22,23,17,18,13,30,28,29,14,16,26,27,103],"class_list":{"0":"post-106139","1":"post","2":"type-post","3":"status-publish","4":"format-standard","5":"has-post-thumbnail","7":"category-overskrifter","8":"tag-breaking-news","9":"tag-breakingnews","10":"tag-featured-news","11":"tag-featurednews","12":"tag-headlines","13":"tag-hovedoppslag","14":"tag-latest-news","15":"tag-latestnews","16":"tag-main-news","17":"tag-mainnews","18":"tag-news","19":"tag-no","20":"tag-norge","21":"tag-norway","22":"tag-nyheter","23":"tag-overskrifter","24":"tag-top-stories","25":"tag-topstories","26":"tag-vgmeninger"},"share_on_mastodon":{"url":"https:\/\/pubeurope.com\/@no\/115674781488589113","error":""},"_links":{"self":[{"href":"https:\/\/www.europesays.com\/no\/wp-json\/wp\/v2\/posts\/106139","targetHints":{"allow":["GET"]}}],"collection":[{"href":"https:\/\/www.europesays.com\/no\/wp-json\/wp\/v2\/posts"}],"about":[{"href":"https:\/\/www.europesays.com\/no\/wp-json\/wp\/v2\/types\/post"}],"author":[{"embeddable":true,"href":"https:\/\/www.europesays.com\/no\/wp-json\/wp\/v2\/users\/2"}],"replies":[{"embeddable":true,"href":"https:\/\/www.europesays.com\/no\/wp-json\/wp\/v2\/comments?post=106139"}],"version-history":[{"count":0,"href":"https:\/\/www.europesays.com\/no\/wp-json\/wp\/v2\/posts\/106139\/revisions"}],"wp:featuredmedia":[{"embeddable":true,"href":"https:\/\/www.europesays.com\/no\/wp-json\/wp\/v2\/media\/106140"}],"wp:attachment":[{"href":"https:\/\/www.europesays.com\/no\/wp-json\/wp\/v2\/media?parent=106139"}],"wp:term":[{"taxonomy":"category","embeddable":true,"href":"https:\/\/www.europesays.com\/no\/wp-json\/wp\/v2\/categories?post=106139"},{"taxonomy":"post_tag","embeddable":true,"href":"https:\/\/www.europesays.com\/no\/wp-json\/wp\/v2\/tags?post=106139"}],"curies":[{"name":"wp","href":"https:\/\/api.w.org\/{rel}","templated":true}]}}